{"id":5253,"date":"2021-04-08T10:51:31","date_gmt":"2021-04-08T08:51:31","guid":{"rendered":"https:\/\/agora.xtec.cat\/escolapauvila\/?p=5253"},"modified":"2021-04-08T10:51:31","modified_gmt":"2021-04-08T08:51:31","slug":"les-possibilitats-de-la-veu","status":"publish","type":"post","link":"https:\/\/agora.xtec.cat\/escolapauvila\/grans\/5e\/les-possibilitats-de-la-veu\/","title":{"rendered":"Les possibilitats de la veu"},"content":{"rendered":"<p>Ahir, a classe de m\u00fasica, vam parlar de l&#8217;instrument m\u00e9s antic del m\u00f3n: la nostra veu. Vam veure que amb ella podem fer coses extraordin\u00e0ries, i com a mostra, els seg\u00fcents v\u00eddeos:<\/p>\n<p><iframe loading=\"lazy\" src=\"\/\/www.youtube.com\/embed\/6rsUD1qBCrk\" width=\"560\" height=\"315\" frameborder=\"0\"><\/iframe><\/p>\n<p><iframe loading=\"lazy\" src=\"\/\/www.youtube.com\/embed\/1HHMA1Dpo5M\" width=\"560\" height=\"315\" frameborder=\"0\"><\/iframe><\/p>\n<p>Despr\u00e9s vam comen\u00e7ar a jugar nosaltres. Ho vam fer a trav\u00e9s d&#8217;una aplicaci\u00f3 que es diu\u00a0<a href=\"https:\/\/www.incredibox.com\/demo\/\"><strong>Incredibox<\/strong><\/a>, amb la qual pots afegir diferents efectes fets amb la veu per acabar formant una melodia. Aqu\u00ed teniu alguna mostra del que han fet el Xavi i el Julen, dins el Classroom de m\u00fasica:<\/p>\n<p><a href=\"https:\/\/classroom.google.com\/c\/MTUwMDU3NzAzMjUw\/m\/MzIxNTUxNDQzOTk4\/details\">Classroom de M\u00fasica de 5\u00e8 C<\/a><\/p>\n<p><a href=\"https:\/\/www.incredibox.com\/demo\/\"><img loading=\"lazy\" decoding=\"async\" class=\"size-medium wp-image-5254 aligncenter\" src=\"https:\/\/agora.xtec.cat\/escolapauvila\/wp-content\/uploads\/usu1565\/2021\/04\/incredibox-300x116.jpg\" alt=\"\" width=\"300\" height=\"116\" srcset=\"https:\/\/agora.xtec.cat\/escolapauvila\/wp-content\/uploads\/usu1565\/2021\/04\/incredibox-300x116.jpg 300w, https:\/\/agora.xtec.cat\/escolapauvila\/wp-content\/uploads\/usu1565\/2021\/04\/incredibox-768x296.jpg 768w, https:\/\/agora.xtec.cat\/escolapauvila\/wp-content\/uploads\/usu1565\/2021\/04\/incredibox-1024x395.jpg 1024w, https:\/\/agora.xtec.cat\/escolapauvila\/wp-content\/uploads\/usu1565\/2021\/04\/incredibox.jpg 1216w\" sizes=\"auto, (max-width: 300px) 100vw, 300px\" \/><\/a><\/p>\n","protected":false},"excerpt":{"rendered":"<p>Ahir, a classe de m\u00fasica, vam parlar de l&#8217;instrument m\u00e9s antic del m\u00f3n: la nostra veu. Vam veure que amb ella podem fer coses extraordin\u00e0ries, i com a mostra, els seg\u00fcents v\u00eddeos:<\/p>\n<p>Despr\u00e9s vam comen\u00e7ar a jugar nosaltres. Ho vam fer a trav\u00e9s d&#8217;una aplicaci\u00f3 que&hellip;  <a href=\"https:\/\/agora.xtec.cat\/escolapauvila\/grans\/5e\/les-possibilitats-de-la-veu\/\" title=\"Read Les possibilitats de la veu\">Llegeix m\u00e9s\u00bb<\/a><\/p>\n","protected":false},"author":1,"featured_media":5254,"comment_status":"open","ping_status":"closed","sticky":false,"template":"","format":"standard","meta":{"_bbp_topic_count":0,"_bbp_reply_count":0,"_bbp_total_topic_count":0,"_bbp_total_reply_count":0,"_bbp_voice_count":0,"_bbp_anonymous_reply_count":0,"_bbp_topic_count_hidden":0,"_bbp_reply_count_hidden":0,"_bbp_forum_subforum_count":0,"footnotes":""},"categories":[14,61],"tags":[83,77],"class_list":["post-5253","post","type-post","status-publish","format-standard","has-post-thumbnail","hentry","category-5e","category-grans","tag-5c20-21","tag-nascuts2010"],"post_mailing_queue_ids":[],"_links":{"self":[{"href":"https:\/\/agora.xtec.cat\/escolapauvila\/wp-json\/wp\/v2\/posts\/5253","targetHints":{"allow":["GET"]}}],"collection":[{"href":"https:\/\/agora.xtec.cat\/escolapauvila\/wp-json\/wp\/v2\/posts"}],"about":[{"href":"https:\/\/agora.xtec.cat\/escolapauvila\/wp-json\/wp\/v2\/types\/post"}],"author":[{"embeddable":true,"href":"https:\/\/agora.xtec.cat\/escolapauvila\/wp-json\/wp\/v2\/users\/1"}],"replies":[{"embeddable":true,"href":"https:\/\/agora.xtec.cat\/escolapauvila\/wp-json\/wp\/v2\/comments?post=5253"}],"version-history":[{"count":1,"href":"https:\/\/agora.xtec.cat\/escolapauvila\/wp-json\/wp\/v2\/posts\/5253\/revisions"}],"predecessor-version":[{"id":5255,"href":"https:\/\/agora.xtec.cat\/escolapauvila\/wp-json\/wp\/v2\/posts\/5253\/revisions\/5255"}],"wp:featuredmedia":[{"embeddable":true,"href":"https:\/\/agora.xtec.cat\/escolapauvila\/wp-json\/wp\/v2\/media\/5254"}],"wp:attachment":[{"href":"https:\/\/agora.xtec.cat\/escolapauvila\/wp-json\/wp\/v2\/media?parent=5253"}],"wp:term":[{"taxonomy":"category","embeddable":true,"href":"https:\/\/agora.xtec.cat\/escolapauvila\/wp-json\/wp\/v2\/categories?post=5253"},{"taxonomy":"post_tag","embeddable":true,"href":"https:\/\/agora.xtec.cat\/escolapauvila\/wp-json\/wp\/v2\/tags?post=5253"}],"curies":[{"name":"wp","href":"https:\/\/api.w.org\/{rel}","templated":true}]}}