{"id":5226,"date":"2021-04-16T15:00:00","date_gmt":"2021-04-16T13:00:00","guid":{"rendered":"https:\/\/agora.xtec.cat\/escolapauvila\/?p=5226"},"modified":"2021-04-08T23:04:23","modified_gmt":"2021-04-08T21:04:23","slug":"del-cercle-que-va-caure-duna-samarreta-de-llunes","status":"publish","type":"post","link":"https:\/\/agora.xtec.cat\/escolapauvila\/petits\/del-cercle-que-va-caure-duna-samarreta-de-llunes\/","title":{"rendered":"DEL CERCLE QUE VA CAURE D&#8217;UNA SAMARRETA DE LLUNES"},"content":{"rendered":"<div class=\"page\" title=\"Page 1\">\n<div class=\"section\">\n<div class=\"layoutArea\">\n<div class=\"column\">\n<p style=\"text-align: center;\">EN <strong>LORENZO<\/strong>\u00a0\u00c9S UN <strong>CERCLE<\/strong> QUE VIU A LA SAMARRETA D&#8217;<strong>IN\u00c9S<\/strong> I PENSA QUE LA VIDA \u00c9S RODONA. UN DIA CAU DE LA SAMARRETA I COMEN\u00c7A LA RECERCA D&#8217;IN\u00c9S PER A REUNIR-SE AMB ELS SEUS AMICS ELS CERCLES. PEL CAM\u00cd ES TROBA DIFERENTS <strong>FIGURES GEOM\u00c8TRIQUES<\/strong> QUE L&#8217;AJUDEN A COMPRENDRE QUE LA VIDA \u00c9S MOLT M\u00c9S DIVERTIDA QUAN TOTS SOM<strong> DIFERENTS<\/strong>.<\/p>\n<p><a href=\"https:\/\/agora.xtec.cat\/escolapauvila\/wp-content\/uploads\/usu1565\/2021\/04\/IMG_0620.jpg\"><img loading=\"lazy\" decoding=\"async\" class=\"alignnone size-large wp-image-5227\" src=\"https:\/\/agora.xtec.cat\/escolapauvila\/wp-content\/uploads\/usu1565\/2021\/04\/IMG_0620-1024x768.jpg\" alt=\"\" width=\"1024\" height=\"768\" srcset=\"https:\/\/agora.xtec.cat\/escolapauvila\/wp-content\/uploads\/usu1565\/2021\/04\/IMG_0620-1024x768.jpg 1024w, https:\/\/agora.xtec.cat\/escolapauvila\/wp-content\/uploads\/usu1565\/2021\/04\/IMG_0620-300x225.jpg 300w, https:\/\/agora.xtec.cat\/escolapauvila\/wp-content\/uploads\/usu1565\/2021\/04\/IMG_0620-768x576.jpg 768w, https:\/\/agora.xtec.cat\/escolapauvila\/wp-content\/uploads\/usu1565\/2021\/04\/IMG_0620-200x150.jpg 200w\" sizes=\"auto, (max-width: 1024px) 100vw, 1024px\" \/><\/a><\/p>\n<p>AQUEST \u00c9S L&#8217;ARGUMENT DEL <strong>CONTE<\/strong> QUE HEM UTILITZAT A EI4 PER A REALITZAR UN TREBALL MATEM\u00c0TIC M\u00c9S SOBRE LES FIGURES GEOM\u00c8TRIQUES DEL <strong>CERCLE<\/strong>, <strong>QUADRAT,<\/strong> <strong>TRIANGLE<\/strong> I <strong>RECTANGLE<\/strong>, JUNT AMB EL TREBALL PARAL.LEL DE LA <strong>SONIA DELAUNAY<\/strong>.<\/p>\n<p>HEM POGUT OBSERVAR LES <strong>CARACTER\u00cdSTIQUES<\/strong> DE LES FIGURES GEOM\u00c8TRIQUES, \u00a0<strong>CLASSIFICAR<\/strong>-LES SEGONS DIFERENTS CATEGORIES (COLOR, FORMA, TAMANY,&#8230;), HEM REALITZAT <strong>SERIACIONS<\/strong>, HEM <strong>CREAT DIBUIXOS<\/strong> AMB FORMES, CREACIONS PERSONALS I AMB MODEL,&#8230; I ENS HEM FET ELS NOSTRES <strong>COLLARETS<\/strong>!!!<\/p>\n<\/div>\n<p><a href=\"https:\/\/agora.xtec.cat\/escolapauvila\/wp-content\/uploads\/usu1565\/2021\/04\/IMG_0781.jpg\"><img loading=\"lazy\" decoding=\"async\" class=\"alignnone size-large wp-image-5231\" src=\"https:\/\/agora.xtec.cat\/escolapauvila\/wp-content\/uploads\/usu1565\/2021\/04\/IMG_0781-1024x872.jpg\" alt=\"\" width=\"1024\" height=\"872\" srcset=\"https:\/\/agora.xtec.cat\/escolapauvila\/wp-content\/uploads\/usu1565\/2021\/04\/IMG_0781-1024x872.jpg 1024w, https:\/\/agora.xtec.cat\/escolapauvila\/wp-content\/uploads\/usu1565\/2021\/04\/IMG_0781-300x255.jpg 300w, https:\/\/agora.xtec.cat\/escolapauvila\/wp-content\/uploads\/usu1565\/2021\/04\/IMG_0781-768x654.jpg 768w\" sizes=\"auto, (max-width: 1024px) 100vw, 1024px\" \/><\/a><\/p>\n<div class=\"column\">\n<p>VOLEU VEURE TOT AMB M\u00c9S DETALL? DONCS CLIQUEU EN ELS SEG\u00dcENTS ENLLA\u00c7OS!<\/p>\n<\/div>\n<\/div>\n<\/div>\n<\/div>\n<p><strong>CLASSE DE LES VAQUES:\u00a0<a href=\"https:\/\/photos.app.goo.gl\/ePqXdWiisBqrp5GbA\">https:\/\/photos.app.goo.gl\/ePqXdWiisBqrp5GbA<\/a><\/strong><\/p>\n<p><strong>CLASSE DELS CONILLS:<\/strong>\u00a0<a href=\"https:\/\/photos.app.goo.gl\/tcANwYNvT2QS3PLe7\">https:\/\/photos.app.goo.gl\/tcANwYNvT2QS3PLe7<\/a><\/p>\n","protected":false},"excerpt":{"rendered":"<p>EN LORENZO\u00a0\u00c9S UN CERCLE QUE VIU A LA SAMARRETA D&#8217;IN\u00c9S I PENSA QUE LA VIDA \u00c9S RODONA. UN DIA CAU DE LA SAMARRETA I COMEN\u00c7A LA RECERCA D&#8217;IN\u00c9S PER A REUNIR-SE AMB ELS SEUS AMICS ELS CERCLES. PEL CAM\u00cd ES TROBA DIFERENTS FIGURES GEOM\u00c8TRIQUES QUE&hellip;  <a href=\"https:\/\/agora.xtec.cat\/escolapauvila\/petits\/del-cercle-que-va-caure-duna-samarreta-de-llunes\/\" title=\"Read DEL CERCLE QUE VA CAURE D&#8217;UNA SAMARRETA DE LLUNES\">Llegeix m\u00e9s\u00bb<\/a><\/p>\n","protected":false},"author":1,"featured_media":5227,"comment_status":"open","ping_status":"closed","sticky":false,"template":"","format":"standard","meta":{"_bbp_topic_count":0,"_bbp_reply_count":0,"_bbp_total_topic_count":0,"_bbp_total_reply_count":0,"_bbp_voice_count":0,"_bbp_anonymous_reply_count":0,"_bbp_topic_count_hidden":0,"_bbp_reply_count_hidden":0,"_bbp_forum_subforum_count":0,"footnotes":""},"categories":[2,8],"tags":[103,114,104],"class_list":["post-5226","post","type-post","status-publish","format-standard","has-post-thumbnail","hentry","category-petits","category-ei4","tag-ei4a20-21","tag-ei4b20-21","tag-nascuts2016"],"post_mailing_queue_ids":[],"_links":{"self":[{"href":"https:\/\/agora.xtec.cat\/escolapauvila\/wp-json\/wp\/v2\/posts\/5226","targetHints":{"allow":["GET"]}}],"collection":[{"href":"https:\/\/agora.xtec.cat\/escolapauvila\/wp-json\/wp\/v2\/posts"}],"about":[{"href":"https:\/\/agora.xtec.cat\/escolapauvila\/wp-json\/wp\/v2\/types\/post"}],"author":[{"embeddable":true,"href":"https:\/\/agora.xtec.cat\/escolapauvila\/wp-json\/wp\/v2\/users\/1"}],"replies":[{"embeddable":true,"href":"https:\/\/agora.xtec.cat\/escolapauvila\/wp-json\/wp\/v2\/comments?post=5226"}],"version-history":[{"count":3,"href":"https:\/\/agora.xtec.cat\/escolapauvila\/wp-json\/wp\/v2\/posts\/5226\/revisions"}],"predecessor-version":[{"id":5319,"href":"https:\/\/agora.xtec.cat\/escolapauvila\/wp-json\/wp\/v2\/posts\/5226\/revisions\/5319"}],"wp:featuredmedia":[{"embeddable":true,"href":"https:\/\/agora.xtec.cat\/escolapauvila\/wp-json\/wp\/v2\/media\/5227"}],"wp:attachment":[{"href":"https:\/\/agora.xtec.cat\/escolapauvila\/wp-json\/wp\/v2\/media?parent=5226"}],"wp:term":[{"taxonomy":"category","embeddable":true,"href":"https:\/\/agora.xtec.cat\/escolapauvila\/wp-json\/wp\/v2\/categories?post=5226"},{"taxonomy":"post_tag","embeddable":true,"href":"https:\/\/agora.xtec.cat\/escolapauvila\/wp-json\/wp\/v2\/tags?post=5226"}],"curies":[{"name":"wp","href":"https:\/\/api.w.org\/{rel}","templated":true}]}}