{"id":5165,"date":"2021-04-05T22:20:50","date_gmt":"2021-04-05T20:20:50","guid":{"rendered":"https:\/\/agora.xtec.cat\/escolapauvila\/?p=5165"},"modified":"2021-04-05T22:26:09","modified_gmt":"2021-04-05T20:26:09","slug":"seguim-amb-el-projecte-de-les-roques-i-els-minerals","status":"publish","type":"post","link":"https:\/\/agora.xtec.cat\/escolapauvila\/mitjans\/seguim-amb-el-projecte-de-les-roques-i-els-minerals\/","title":{"rendered":"SEGUIM AMB EL PROJECTE DE LES ROQUES I ELS MINERALS."},"content":{"rendered":"<p>LA CLASSE DE 1RB HEM SEGUIT INVESTIGANT SOBRE LES <strong><span style=\"color: #800000;\">ROQUES I ELS MINERALS<\/span><\/strong>.<\/p>\n<p>PRIMER VAN APRENDRE LA DIFER\u00c8NCIA ENTRE UN <strong>MINERAL: UN ELEMENT QU\u00cdMIC QUE \u00c9S \u00daNIC<\/strong> I UNA <strong>ROCA: QUE \u00c9S UN CONJUNT DE MINERALS.<\/strong><\/p>\n<p><a href=\"https:\/\/agora.xtec.cat\/escolapauvila\/wp-content\/uploads\/usu1565\/2021\/04\/Archivo_000-5.jpeg\"><img loading=\"lazy\" decoding=\"async\" class=\"alignnone wp-image-5196\" src=\"https:\/\/agora.xtec.cat\/escolapauvila\/wp-content\/uploads\/usu1565\/2021\/04\/Archivo_000-5-1024x768.jpeg\" alt=\"\" width=\"282\" height=\"212\" srcset=\"https:\/\/agora.xtec.cat\/escolapauvila\/wp-content\/uploads\/usu1565\/2021\/04\/Archivo_000-5-1024x768.jpeg 1024w, https:\/\/agora.xtec.cat\/escolapauvila\/wp-content\/uploads\/usu1565\/2021\/04\/Archivo_000-5-300x225.jpeg 300w, https:\/\/agora.xtec.cat\/escolapauvila\/wp-content\/uploads\/usu1565\/2021\/04\/Archivo_000-5-768x576.jpeg 768w, https:\/\/agora.xtec.cat\/escolapauvila\/wp-content\/uploads\/usu1565\/2021\/04\/Archivo_000-5-200x150.jpeg 200w, https:\/\/agora.xtec.cat\/escolapauvila\/wp-content\/uploads\/usu1565\/2021\/04\/Archivo_000-5.jpeg 2032w\" sizes=\"auto, (max-width: 282px) 100vw, 282px\" \/><\/a> <a href=\"https:\/\/agora.xtec.cat\/escolapauvila\/wp-content\/uploads\/usu1565\/2021\/04\/Archivo_005-3.jpeg\"><img loading=\"lazy\" decoding=\"async\" class=\"alignnone wp-image-5197\" src=\"https:\/\/agora.xtec.cat\/escolapauvila\/wp-content\/uploads\/usu1565\/2021\/04\/Archivo_005-3-1024x768.jpeg\" alt=\"\" width=\"282\" height=\"211\" srcset=\"https:\/\/agora.xtec.cat\/escolapauvila\/wp-content\/uploads\/usu1565\/2021\/04\/Archivo_005-3-1024x768.jpeg 1024w, https:\/\/agora.xtec.cat\/escolapauvila\/wp-content\/uploads\/usu1565\/2021\/04\/Archivo_005-3-300x225.jpeg 300w, https:\/\/agora.xtec.cat\/escolapauvila\/wp-content\/uploads\/usu1565\/2021\/04\/Archivo_005-3-768x576.jpeg 768w, https:\/\/agora.xtec.cat\/escolapauvila\/wp-content\/uploads\/usu1565\/2021\/04\/Archivo_005-3-200x150.jpeg 200w, https:\/\/agora.xtec.cat\/escolapauvila\/wp-content\/uploads\/usu1565\/2021\/04\/Archivo_005-3.jpeg 2032w\" sizes=\"auto, (max-width: 282px) 100vw, 282px\" \/><\/a> <a href=\"https:\/\/agora.xtec.cat\/escolapauvila\/wp-content\/uploads\/usu1565\/2021\/04\/Archivo_001-4.jpeg\"><img loading=\"lazy\" decoding=\"async\" class=\"alignnone wp-image-5198\" src=\"https:\/\/agora.xtec.cat\/escolapauvila\/wp-content\/uploads\/usu1565\/2021\/04\/Archivo_001-4-1024x768.jpeg\" alt=\"\" width=\"282\" height=\"211\" srcset=\"https:\/\/agora.xtec.cat\/escolapauvila\/wp-content\/uploads\/usu1565\/2021\/04\/Archivo_001-4-1024x768.jpeg 1024w, https:\/\/agora.xtec.cat\/escolapauvila\/wp-content\/uploads\/usu1565\/2021\/04\/Archivo_001-4-300x225.jpeg 300w, https:\/\/agora.xtec.cat\/escolapauvila\/wp-content\/uploads\/usu1565\/2021\/04\/Archivo_001-4-768x576.jpeg 768w, https:\/\/agora.xtec.cat\/escolapauvila\/wp-content\/uploads\/usu1565\/2021\/04\/Archivo_001-4-200x150.jpeg 200w, https:\/\/agora.xtec.cat\/escolapauvila\/wp-content\/uploads\/usu1565\/2021\/04\/Archivo_001-4.jpeg 2032w\" sizes=\"auto, (max-width: 282px) 100vw, 282px\" \/><\/a> \u00a0 <a href=\"https:\/\/agora.xtec.cat\/escolapauvila\/wp-content\/uploads\/usu1565\/2021\/04\/Archivo_003-3.jpeg\">\u00a0 <img loading=\"lazy\" decoding=\"async\" class=\"alignnone wp-image-5200\" src=\"https:\/\/agora.xtec.cat\/escolapauvila\/wp-content\/uploads\/usu1565\/2021\/04\/Archivo_003-3-1024x768.jpeg\" alt=\"\" width=\"283\" height=\"212\" srcset=\"https:\/\/agora.xtec.cat\/escolapauvila\/wp-content\/uploads\/usu1565\/2021\/04\/Archivo_003-3-1024x768.jpeg 1024w, https:\/\/agora.xtec.cat\/escolapauvila\/wp-content\/uploads\/usu1565\/2021\/04\/Archivo_003-3-300x225.jpeg 300w, https:\/\/agora.xtec.cat\/escolapauvila\/wp-content\/uploads\/usu1565\/2021\/04\/Archivo_003-3-768x576.jpeg 768w, https:\/\/agora.xtec.cat\/escolapauvila\/wp-content\/uploads\/usu1565\/2021\/04\/Archivo_003-3-200x150.jpeg 200w, https:\/\/agora.xtec.cat\/escolapauvila\/wp-content\/uploads\/usu1565\/2021\/04\/Archivo_003-3.jpeg 2032w\" sizes=\"auto, (max-width: 283px) 100vw, 283px\" \/><\/a> <a href=\"https:\/\/agora.xtec.cat\/escolapauvila\/wp-content\/uploads\/usu1565\/2021\/04\/Archivo_004-3.jpeg\"><img loading=\"lazy\" decoding=\"async\" class=\"alignnone wp-image-5201\" src=\"https:\/\/agora.xtec.cat\/escolapauvila\/wp-content\/uploads\/usu1565\/2021\/04\/Archivo_004-3-1024x768.jpeg\" alt=\"\" width=\"161\" height=\"214\" \/><\/a><\/p>\n<p>&nbsp;<\/p>\n<p>TAMB\u00c9 VAM <strong><span style=\"color: #800000;\">INVESTIGAR<\/span> <\/strong>SOBRE ELS TIPUS DE ROQUES, COM ES CLASSIFIQUEN ELS MINERALS, A ON ELS PODEM TROBAR I QUANTS HI HA&#8230;&#8230;..SABEU QUE HI HAN <strong>M\u00c9S DE 4.000 MINERALS<\/strong> DIFERENTS AL M\u00d3N????<\/p>\n<p>&nbsp;<\/p>\n<p>PER SABER M\u00c9S DE SOBRE AQUEST TEMA, QUE MILLOR QUE TENIR INFORMACI\u00d3 DE LES <strong><span style=\"color: #333399;\">ROQUES BLAVES<\/span><\/strong> QUE TENIM A ESPARREGUERA.<\/p>\n<p>AIX\u00cd QUE LA LAURA I LA PATRICIA, QUE JUNTES FORMEN LUCIFERASES, ENS VAN AJUDAR A ENTENDRE UNA MICA COM ES VAN FORMAR AQUESTES ROQUES. ELLES S\u00d3N <strong>GE\u00d2LOGUES.<\/strong><\/p>\n<p><a href=\"https:\/\/agora.xtec.cat\/escolapauvila\/wp-content\/uploads\/usu1565\/2021\/04\/Archivo_000-4.jpeg\"><img loading=\"lazy\" decoding=\"async\" class=\"alignnone wp-image-5170\" src=\"https:\/\/agora.xtec.cat\/escolapauvila\/wp-content\/uploads\/usu1565\/2021\/04\/Archivo_000-4-1024x768.jpeg\" alt=\"\" width=\"294\" height=\"221\" srcset=\"https:\/\/agora.xtec.cat\/escolapauvila\/wp-content\/uploads\/usu1565\/2021\/04\/Archivo_000-4-1024x768.jpeg 1024w, https:\/\/agora.xtec.cat\/escolapauvila\/wp-content\/uploads\/usu1565\/2021\/04\/Archivo_000-4-300x225.jpeg 300w, https:\/\/agora.xtec.cat\/escolapauvila\/wp-content\/uploads\/usu1565\/2021\/04\/Archivo_000-4-768x576.jpeg 768w, https:\/\/agora.xtec.cat\/escolapauvila\/wp-content\/uploads\/usu1565\/2021\/04\/Archivo_000-4-200x150.jpeg 200w, https:\/\/agora.xtec.cat\/escolapauvila\/wp-content\/uploads\/usu1565\/2021\/04\/Archivo_000-4.jpeg 2032w\" sizes=\"auto, (max-width: 294px) 100vw, 294px\" \/><\/a><img loading=\"lazy\" decoding=\"async\" class=\"alignnone wp-image-5167\" src=\"https:\/\/agora.xtec.cat\/escolapauvila\/wp-content\/uploads\/usu1565\/2021\/04\/Archivo_000-1-1-1024x768.jpeg\" alt=\"\" width=\"295\" height=\"222\" srcset=\"https:\/\/agora.xtec.cat\/escolapauvila\/wp-content\/uploads\/usu1565\/2021\/04\/Archivo_000-1-1-1024x768.jpeg 1024w, https:\/\/agora.xtec.cat\/escolapauvila\/wp-content\/uploads\/usu1565\/2021\/04\/Archivo_000-1-1-300x225.jpeg 300w, https:\/\/agora.xtec.cat\/escolapauvila\/wp-content\/uploads\/usu1565\/2021\/04\/Archivo_000-1-1-768x576.jpeg 768w, https:\/\/agora.xtec.cat\/escolapauvila\/wp-content\/uploads\/usu1565\/2021\/04\/Archivo_000-1-1-200x150.jpeg 200w, https:\/\/agora.xtec.cat\/escolapauvila\/wp-content\/uploads\/usu1565\/2021\/04\/Archivo_000-1-1.jpeg 2032w\" sizes=\"auto, (max-width: 295px) 100vw, 295px\" \/><a href=\"https:\/\/agora.xtec.cat\/escolapauvila\/wp-content\/uploads\/usu1565\/2021\/04\/Archivo_002-2.jpeg\"><img loading=\"lazy\" decoding=\"async\" class=\"alignnone wp-image-5175\" src=\"https:\/\/agora.xtec.cat\/escolapauvila\/wp-content\/uploads\/usu1565\/2021\/04\/Archivo_002-2-1024x768.jpeg\" alt=\"\" width=\"296\" height=\"222\" srcset=\"https:\/\/agora.xtec.cat\/escolapauvila\/wp-content\/uploads\/usu1565\/2021\/04\/Archivo_002-2-1024x768.jpeg 1024w, https:\/\/agora.xtec.cat\/escolapauvila\/wp-content\/uploads\/usu1565\/2021\/04\/Archivo_002-2-300x225.jpeg 300w, https:\/\/agora.xtec.cat\/escolapauvila\/wp-content\/uploads\/usu1565\/2021\/04\/Archivo_002-2-768x576.jpeg 768w, https:\/\/agora.xtec.cat\/escolapauvila\/wp-content\/uploads\/usu1565\/2021\/04\/Archivo_002-2-200x150.jpeg 200w, https:\/\/agora.xtec.cat\/escolapauvila\/wp-content\/uploads\/usu1565\/2021\/04\/Archivo_002-2.jpeg 2032w\" sizes=\"auto, (max-width: 296px) 100vw, 296px\" \/><\/a><\/p>\n<p>&nbsp;<\/p>\n<p>LA <strong>PART <span style=\"color: #333399;\">BLAVA<\/span><\/strong> EST\u00c0 ALL\u00c0 DES QUE VA COMEN\u00c7AR LA VIDA A LA TERRA I EST\u00c0 FORMADA PER <strong>PISSARRA<\/strong>.<\/p>\n<p><a href=\"https:\/\/agora.xtec.cat\/escolapauvila\/wp-content\/uploads\/usu1565\/2021\/04\/Archivo_003-2.jpeg\"><img loading=\"lazy\" decoding=\"async\" class=\"alignnone wp-image-5177\" src=\"https:\/\/agora.xtec.cat\/escolapauvila\/wp-content\/uploads\/usu1565\/2021\/04\/Archivo_003-2-1024x768.jpeg\" alt=\"\" width=\"497\" height=\"373\" srcset=\"https:\/\/agora.xtec.cat\/escolapauvila\/wp-content\/uploads\/usu1565\/2021\/04\/Archivo_003-2-1024x768.jpeg 1024w, https:\/\/agora.xtec.cat\/escolapauvila\/wp-content\/uploads\/usu1565\/2021\/04\/Archivo_003-2-300x225.jpeg 300w, https:\/\/agora.xtec.cat\/escolapauvila\/wp-content\/uploads\/usu1565\/2021\/04\/Archivo_003-2-768x576.jpeg 768w, https:\/\/agora.xtec.cat\/escolapauvila\/wp-content\/uploads\/usu1565\/2021\/04\/Archivo_003-2-200x150.jpeg 200w, https:\/\/agora.xtec.cat\/escolapauvila\/wp-content\/uploads\/usu1565\/2021\/04\/Archivo_003-2.jpeg 2032w\" sizes=\"auto, (max-width: 497px) 100vw, 497px\" \/><\/a><a href=\"https:\/\/agora.xtec.cat\/escolapauvila\/wp-content\/uploads\/usu1565\/2021\/04\/Archivo_008-2.jpeg\"><img loading=\"lazy\" decoding=\"async\" class=\"alignnone wp-image-5187\" src=\"https:\/\/agora.xtec.cat\/escolapauvila\/wp-content\/uploads\/usu1565\/2021\/04\/Archivo_008-2-1024x768.jpeg\" alt=\"\" width=\"278\" height=\"371\" \/><\/a><\/p>\n<p>LA <strong>PART <span style=\"color: #ff0000;\">VERMELLA<\/span><\/strong> EST\u00c0 ALL\u00c0 DES DE L&#8217;\u00c8POCA DELS DINOSAURES I EST\u00c0 FORMADA PER <strong>ARGILA<\/strong>.<\/p>\n<p>&nbsp;<\/p>\n<p>FA MILIONS D&#8217;ANYS, LA MUNTANYA ES VA <strong>ESQUERDAR<\/strong> I ARA PODEM PASSAR PEL MIG I EL QUE VEIEM \u00c9S EL TRO\u00c7 DE ROQUES QUE HI HAVIEN A DINTRE.<\/p>\n<p><a href=\"https:\/\/agora.xtec.cat\/escolapauvila\/wp-content\/uploads\/usu1565\/2021\/04\/Archivo_001-1-1.jpeg\"><img loading=\"lazy\" decoding=\"async\" class=\"alignnone wp-image-5171\" src=\"https:\/\/agora.xtec.cat\/escolapauvila\/wp-content\/uploads\/usu1565\/2021\/04\/Archivo_001-1-1-1024x768.jpeg\" alt=\"\" width=\"364\" height=\"273\" srcset=\"https:\/\/agora.xtec.cat\/escolapauvila\/wp-content\/uploads\/usu1565\/2021\/04\/Archivo_001-1-1-1024x768.jpeg 1024w, https:\/\/agora.xtec.cat\/escolapauvila\/wp-content\/uploads\/usu1565\/2021\/04\/Archivo_001-1-1-300x225.jpeg 300w, https:\/\/agora.xtec.cat\/escolapauvila\/wp-content\/uploads\/usu1565\/2021\/04\/Archivo_001-1-1-768x576.jpeg 768w, https:\/\/agora.xtec.cat\/escolapauvila\/wp-content\/uploads\/usu1565\/2021\/04\/Archivo_001-1-1-200x150.jpeg 200w, https:\/\/agora.xtec.cat\/escolapauvila\/wp-content\/uploads\/usu1565\/2021\/04\/Archivo_001-1-1.jpeg 2032w\" sizes=\"auto, (max-width: 364px) 100vw, 364px\" \/><\/a><\/p>\n<p>PER ENTENDRE-HO MILLOR, HEM FET LA NOSTRA <strong>ROCA BLAVA AMB PLASTILINA<\/strong>.<\/p>\n<p>&nbsp;<\/p>\n<p><a href=\"https:\/\/agora.xtec.cat\/escolapauvila\/wp-content\/uploads\/usu1565\/2021\/04\/Archivo_004-2.jpeg\"><img loading=\"lazy\" decoding=\"async\" class=\"alignnone wp-image-5179\" src=\"https:\/\/agora.xtec.cat\/escolapauvila\/wp-content\/uploads\/usu1565\/2021\/04\/Archivo_004-2-1024x768.jpeg\" alt=\"\" width=\"362\" height=\"272\" srcset=\"https:\/\/agora.xtec.cat\/escolapauvila\/wp-content\/uploads\/usu1565\/2021\/04\/Archivo_004-2-1024x768.jpeg 1024w, https:\/\/agora.xtec.cat\/escolapauvila\/wp-content\/uploads\/usu1565\/2021\/04\/Archivo_004-2-300x225.jpeg 300w, https:\/\/agora.xtec.cat\/escolapauvila\/wp-content\/uploads\/usu1565\/2021\/04\/Archivo_004-2-768x576.jpeg 768w, https:\/\/agora.xtec.cat\/escolapauvila\/wp-content\/uploads\/usu1565\/2021\/04\/Archivo_004-2-200x150.jpeg 200w, https:\/\/agora.xtec.cat\/escolapauvila\/wp-content\/uploads\/usu1565\/2021\/04\/Archivo_004-2.jpeg 2032w\" sizes=\"auto, (max-width: 362px) 100vw, 362px\" \/><\/a><a href=\"https:\/\/agora.xtec.cat\/escolapauvila\/wp-content\/uploads\/usu1565\/2021\/04\/Archivo_006-2.jpeg\"><img loading=\"lazy\" decoding=\"async\" class=\"alignnone wp-image-5183\" src=\"https:\/\/agora.xtec.cat\/escolapauvila\/wp-content\/uploads\/usu1565\/2021\/04\/Archivo_006-2-1024x768.jpeg\" alt=\"\" width=\"204\" height=\"272\" \/><\/a><a href=\"https:\/\/agora.xtec.cat\/escolapauvila\/wp-content\/uploads\/usu1565\/2021\/04\/Archivo_007-2.jpeg\"><img loading=\"lazy\" decoding=\"async\" class=\"alignnone wp-image-5185\" src=\"https:\/\/agora.xtec.cat\/escolapauvila\/wp-content\/uploads\/usu1565\/2021\/04\/Archivo_007-2-1024x768.jpeg\" alt=\"\" width=\"204\" height=\"272\" \/><\/a><\/p>\n<p>EL DIA DE LA <strong><span style=\"color: #800000;\">SORTIDA A CAN ROCA<\/span><\/strong>, VAM APROFITAR PER ANAR AL MIRADOR A VEURE LES ROQUES BLAVES. A L&#8217;ESCOLA HAV\u00cdEM DIBUIXAT COM ENS LES IMAGIN\u00c0VEM. ARA, FEM UN <strong>DIBUIX AL NATURAL<\/strong>.<\/p>\n<p>&nbsp;<\/p>\n<p><a href=\"https:\/\/agora.xtec.cat\/escolapauvila\/wp-content\/uploads\/usu1565\/2021\/04\/Archivo_000-3.jpeg\"><img loading=\"lazy\" decoding=\"async\" class=\"alignnone wp-image-5169\" src=\"https:\/\/agora.xtec.cat\/escolapauvila\/wp-content\/uploads\/usu1565\/2021\/04\/Archivo_000-3-1024x768.jpeg\" alt=\"\" width=\"359\" height=\"269\" srcset=\"https:\/\/agora.xtec.cat\/escolapauvila\/wp-content\/uploads\/usu1565\/2021\/04\/Archivo_000-3-1024x768.jpeg 1024w, https:\/\/agora.xtec.cat\/escolapauvila\/wp-content\/uploads\/usu1565\/2021\/04\/Archivo_000-3-300x225.jpeg 300w, https:\/\/agora.xtec.cat\/escolapauvila\/wp-content\/uploads\/usu1565\/2021\/04\/Archivo_000-3-768x576.jpeg 768w, https:\/\/agora.xtec.cat\/escolapauvila\/wp-content\/uploads\/usu1565\/2021\/04\/Archivo_000-3-200x150.jpeg 200w, https:\/\/agora.xtec.cat\/escolapauvila\/wp-content\/uploads\/usu1565\/2021\/04\/Archivo_000-3.jpeg 2032w\" sizes=\"auto, (max-width: 359px) 100vw, 359px\" \/><\/a> <a href=\"https:\/\/agora.xtec.cat\/escolapauvila\/wp-content\/uploads\/usu1565\/2021\/04\/Archivo_001-2.jpeg\"><img loading=\"lazy\" decoding=\"async\" class=\"alignnone wp-image-5172\" src=\"https:\/\/agora.xtec.cat\/escolapauvila\/wp-content\/uploads\/usu1565\/2021\/04\/Archivo_001-2-1024x768.jpeg\" alt=\"\" width=\"355\" height=\"266\" srcset=\"https:\/\/agora.xtec.cat\/escolapauvila\/wp-content\/uploads\/usu1565\/2021\/04\/Archivo_001-2-1024x768.jpeg 1024w, https:\/\/agora.xtec.cat\/escolapauvila\/wp-content\/uploads\/usu1565\/2021\/04\/Archivo_001-2-300x225.jpeg 300w, https:\/\/agora.xtec.cat\/escolapauvila\/wp-content\/uploads\/usu1565\/2021\/04\/Archivo_001-2-768x576.jpeg 768w, https:\/\/agora.xtec.cat\/escolapauvila\/wp-content\/uploads\/usu1565\/2021\/04\/Archivo_001-2-200x150.jpeg 200w, https:\/\/agora.xtec.cat\/escolapauvila\/wp-content\/uploads\/usu1565\/2021\/04\/Archivo_001-2.jpeg 2032w\" sizes=\"auto, (max-width: 355px) 100vw, 355px\" \/><\/a> <a href=\"https:\/\/agora.xtec.cat\/escolapauvila\/wp-content\/uploads\/usu1565\/2021\/04\/Archivo_002-1-1.jpeg\"><img loading=\"lazy\" decoding=\"async\" class=\"alignnone wp-image-5174\" src=\"https:\/\/agora.xtec.cat\/escolapauvila\/wp-content\/uploads\/usu1565\/2021\/04\/Archivo_002-1-1-1024x768.jpeg\" alt=\"\" width=\"356\" height=\"267\" srcset=\"https:\/\/agora.xtec.cat\/escolapauvila\/wp-content\/uploads\/usu1565\/2021\/04\/Archivo_002-1-1-1024x768.jpeg 1024w, https:\/\/agora.xtec.cat\/escolapauvila\/wp-content\/uploads\/usu1565\/2021\/04\/Archivo_002-1-1-300x225.jpeg 300w, https:\/\/agora.xtec.cat\/escolapauvila\/wp-content\/uploads\/usu1565\/2021\/04\/Archivo_002-1-1-768x576.jpeg 768w, https:\/\/agora.xtec.cat\/escolapauvila\/wp-content\/uploads\/usu1565\/2021\/04\/Archivo_002-1-1-200x150.jpeg 200w, https:\/\/agora.xtec.cat\/escolapauvila\/wp-content\/uploads\/usu1565\/2021\/04\/Archivo_002-1-1.jpeg 2032w\" sizes=\"auto, (max-width: 356px) 100vw, 356px\" \/><\/a> <a href=\"https:\/\/agora.xtec.cat\/escolapauvila\/wp-content\/uploads\/usu1565\/2021\/04\/Archivo_003-1-1.jpeg\"><img loading=\"lazy\" decoding=\"async\" class=\"alignnone wp-image-5176\" src=\"https:\/\/agora.xtec.cat\/escolapauvila\/wp-content\/uploads\/usu1565\/2021\/04\/Archivo_003-1-1-1024x768.jpeg\" alt=\"\" width=\"356\" height=\"267\" srcset=\"https:\/\/agora.xtec.cat\/escolapauvila\/wp-content\/uploads\/usu1565\/2021\/04\/Archivo_003-1-1-1024x768.jpeg 1024w, https:\/\/agora.xtec.cat\/escolapauvila\/wp-content\/uploads\/usu1565\/2021\/04\/Archivo_003-1-1-300x225.jpeg 300w, https:\/\/agora.xtec.cat\/escolapauvila\/wp-content\/uploads\/usu1565\/2021\/04\/Archivo_003-1-1-768x576.jpeg 768w, https:\/\/agora.xtec.cat\/escolapauvila\/wp-content\/uploads\/usu1565\/2021\/04\/Archivo_003-1-1-200x150.jpeg 200w, https:\/\/agora.xtec.cat\/escolapauvila\/wp-content\/uploads\/usu1565\/2021\/04\/Archivo_003-1-1.jpeg 2032w\" sizes=\"auto, (max-width: 356px) 100vw, 356px\" \/><\/a> <a href=\"https:\/\/agora.xtec.cat\/escolapauvila\/wp-content\/uploads\/usu1565\/2021\/04\/Archivo_005-1-1.jpeg\"><img loading=\"lazy\" decoding=\"async\" class=\"alignnone wp-image-5180\" src=\"https:\/\/agora.xtec.cat\/escolapauvila\/wp-content\/uploads\/usu1565\/2021\/04\/Archivo_005-1-1-1024x768.jpeg\" alt=\"\" width=\"361\" height=\"271\" srcset=\"https:\/\/agora.xtec.cat\/escolapauvila\/wp-content\/uploads\/usu1565\/2021\/04\/Archivo_005-1-1-1024x768.jpeg 1024w, https:\/\/agora.xtec.cat\/escolapauvila\/wp-content\/uploads\/usu1565\/2021\/04\/Archivo_005-1-1-300x225.jpeg 300w, https:\/\/agora.xtec.cat\/escolapauvila\/wp-content\/uploads\/usu1565\/2021\/04\/Archivo_005-1-1-768x576.jpeg 768w, https:\/\/agora.xtec.cat\/escolapauvila\/wp-content\/uploads\/usu1565\/2021\/04\/Archivo_005-1-1-200x150.jpeg 200w, https:\/\/agora.xtec.cat\/escolapauvila\/wp-content\/uploads\/usu1565\/2021\/04\/Archivo_005-1-1.jpeg 2032w\" sizes=\"auto, (max-width: 361px) 100vw, 361px\" \/><\/a> <a href=\"https:\/\/agora.xtec.cat\/escolapauvila\/wp-content\/uploads\/usu1565\/2021\/04\/Archivo_008-1.jpeg\"><img loading=\"lazy\" decoding=\"async\" class=\"alignnone wp-image-5186\" src=\"https:\/\/agora.xtec.cat\/escolapauvila\/wp-content\/uploads\/usu1565\/2021\/04\/Archivo_008-1-1024x768.jpeg\" alt=\"\" width=\"355\" height=\"266\" srcset=\"https:\/\/agora.xtec.cat\/escolapauvila\/wp-content\/uploads\/usu1565\/2021\/04\/Archivo_008-1-1024x768.jpeg 1024w, https:\/\/agora.xtec.cat\/escolapauvila\/wp-content\/uploads\/usu1565\/2021\/04\/Archivo_008-1-300x225.jpeg 300w, https:\/\/agora.xtec.cat\/escolapauvila\/wp-content\/uploads\/usu1565\/2021\/04\/Archivo_008-1-768x576.jpeg 768w, https:\/\/agora.xtec.cat\/escolapauvila\/wp-content\/uploads\/usu1565\/2021\/04\/Archivo_008-1-200x150.jpeg 200w, https:\/\/agora.xtec.cat\/escolapauvila\/wp-content\/uploads\/usu1565\/2021\/04\/Archivo_008-1.jpeg 2032w\" sizes=\"auto, (max-width: 355px) 100vw, 355px\" \/><\/a> <a href=\"https:\/\/agora.xtec.cat\/escolapauvila\/wp-content\/uploads\/usu1565\/2021\/04\/Archivo_010-1.jpeg\"><img loading=\"lazy\" decoding=\"async\" class=\"alignnone wp-image-5189\" src=\"https:\/\/agora.xtec.cat\/escolapauvila\/wp-content\/uploads\/usu1565\/2021\/04\/Archivo_010-1-1024x768.jpeg\" alt=\"\" width=\"288\" height=\"216\" srcset=\"https:\/\/agora.xtec.cat\/escolapauvila\/wp-content\/uploads\/usu1565\/2021\/04\/Archivo_010-1-1024x768.jpeg 1024w, https:\/\/agora.xtec.cat\/escolapauvila\/wp-content\/uploads\/usu1565\/2021\/04\/Archivo_010-1-300x225.jpeg 300w, https:\/\/agora.xtec.cat\/escolapauvila\/wp-content\/uploads\/usu1565\/2021\/04\/Archivo_010-1-768x576.jpeg 768w, https:\/\/agora.xtec.cat\/escolapauvila\/wp-content\/uploads\/usu1565\/2021\/04\/Archivo_010-1-200x150.jpeg 200w, https:\/\/agora.xtec.cat\/escolapauvila\/wp-content\/uploads\/usu1565\/2021\/04\/Archivo_010-1.jpeg 2032w\" sizes=\"auto, (max-width: 288px) 100vw, 288px\" \/><\/a> <a href=\"https:\/\/agora.xtec.cat\/escolapauvila\/wp-content\/uploads\/usu1565\/2021\/04\/Archivo_011-1.jpeg\"><img loading=\"lazy\" decoding=\"async\" class=\"alignnone wp-image-5190\" src=\"https:\/\/agora.xtec.cat\/escolapauvila\/wp-content\/uploads\/usu1565\/2021\/04\/Archivo_011-1-1024x768.jpeg\" alt=\"\" width=\"289\" height=\"217\" srcset=\"https:\/\/agora.xtec.cat\/escolapauvila\/wp-content\/uploads\/usu1565\/2021\/04\/Archivo_011-1-1024x768.jpeg 1024w, https:\/\/agora.xtec.cat\/escolapauvila\/wp-content\/uploads\/usu1565\/2021\/04\/Archivo_011-1-300x225.jpeg 300w, https:\/\/agora.xtec.cat\/escolapauvila\/wp-content\/uploads\/usu1565\/2021\/04\/Archivo_011-1-768x576.jpeg 768w, https:\/\/agora.xtec.cat\/escolapauvila\/wp-content\/uploads\/usu1565\/2021\/04\/Archivo_011-1-200x150.jpeg 200w, https:\/\/agora.xtec.cat\/escolapauvila\/wp-content\/uploads\/usu1565\/2021\/04\/Archivo_011-1.jpeg 2032w\" sizes=\"auto, (max-width: 289px) 100vw, 289px\" \/><\/a> <a href=\"https:\/\/agora.xtec.cat\/escolapauvila\/wp-content\/uploads\/usu1565\/2021\/04\/Archivo_012-1.jpeg\"><img loading=\"lazy\" decoding=\"async\" class=\"alignnone wp-image-5191\" src=\"https:\/\/agora.xtec.cat\/escolapauvila\/wp-content\/uploads\/usu1565\/2021\/04\/Archivo_012-1-1024x768.jpeg\" alt=\"\" width=\"288\" height=\"216\" srcset=\"https:\/\/agora.xtec.cat\/escolapauvila\/wp-content\/uploads\/usu1565\/2021\/04\/Archivo_012-1-1024x768.jpeg 1024w, https:\/\/agora.xtec.cat\/escolapauvila\/wp-content\/uploads\/usu1565\/2021\/04\/Archivo_012-1-300x225.jpeg 300w, https:\/\/agora.xtec.cat\/escolapauvila\/wp-content\/uploads\/usu1565\/2021\/04\/Archivo_012-1-768x576.jpeg 768w, https:\/\/agora.xtec.cat\/escolapauvila\/wp-content\/uploads\/usu1565\/2021\/04\/Archivo_012-1-200x150.jpeg 200w, https:\/\/agora.xtec.cat\/escolapauvila\/wp-content\/uploads\/usu1565\/2021\/04\/Archivo_012-1.jpeg 2032w\" sizes=\"auto, (max-width: 288px) 100vw, 288px\" \/><\/a><\/p>\n<p>&nbsp;<\/p>\n<p>&nbsp;<\/p>\n<p>I COM NO PODIA SER D&#8217;UN ALTRE MANERA&#8230;.ENS VAM FER UNA <span style=\"color: #800000;\"><strong>FOTO AMB LES ROQUES BLAVES!!!!!!<a href=\"https:\/\/agora.xtec.cat\/escolapauvila\/wp-content\/uploads\/usu1565\/2021\/04\/Archivo_013-1.jpeg\"><img loading=\"lazy\" decoding=\"async\" class=\"alignnone size-large wp-image-5192\" src=\"https:\/\/agora.xtec.cat\/escolapauvila\/wp-content\/uploads\/usu1565\/2021\/04\/Archivo_013-1-1024x768.jpeg\" alt=\"\" width=\"1024\" height=\"768\" srcset=\"https:\/\/agora.xtec.cat\/escolapauvila\/wp-content\/uploads\/usu1565\/2021\/04\/Archivo_013-1-1024x768.jpeg 1024w, https:\/\/agora.xtec.cat\/escolapauvila\/wp-content\/uploads\/usu1565\/2021\/04\/Archivo_013-1-300x225.jpeg 300w, https:\/\/agora.xtec.cat\/escolapauvila\/wp-content\/uploads\/usu1565\/2021\/04\/Archivo_013-1-768x576.jpeg 768w, https:\/\/agora.xtec.cat\/escolapauvila\/wp-content\/uploads\/usu1565\/2021\/04\/Archivo_013-1-200x150.jpeg 200w, https:\/\/agora.xtec.cat\/escolapauvila\/wp-content\/uploads\/usu1565\/2021\/04\/Archivo_013-1.jpeg 2032w\" sizes=\"auto, (max-width: 1024px) 100vw, 1024px\" \/><\/a><\/strong><\/span><\/p>\n","protected":false},"excerpt":{"rendered":"<p>LA CLASSE DE 1RB HEM SEGUIT INVESTIGANT SOBRE LES ROQUES I ELS MINERALS.<br \/>\nPRIMER VAN APRENDRE LA DIFER\u00c8NCIA ENTRE UN MINERAL: UN ELEMENT QU\u00cdMIC QUE \u00c9S \u00daNIC I UNA ROCA: QUE \u00c9S UN CONJUNT DE MINERALS.<br \/>\n<a href=\"https:\/\/agora.xtec.cat\/escolapauvila\/wp-content\/uploads\/usu1565\/2021\/04\/Archivo_000-5.jpeg\"><\/a> <a href=\"https:\/\/agora.xtec.cat\/escolapauvila\/wp-content\/uploads\/usu1565\/2021\/04\/Archivo_005-3.jpeg\"><\/a> <a href=\"https:\/\/agora.xtec.cat\/escolapauvila\/wp-content\/uploads\/usu1565\/2021\/04\/Archivo_001-4.jpeg\"><\/a> \u00a0 <a href=\"https:\/\/agora.xtec.cat\/escolapauvila\/wp-content\/uploads\/usu1565\/2021\/04\/Archivo_003-3.jpeg\">\u00a0 <\/a> <a&hellip;  <a href=\"https:\/\/agora.xtec.cat\/escolapauvila\/mitjans\/seguim-amb-el-projecte-de-les-roques-i-els-minerals\/\" title=\"Read SEGUIM AMB EL PROJECTE DE LES ROQUES I ELS MINERALS.\">Llegeix m\u00e9s\u00bb<\/a><\/p>\n","protected":false},"author":1,"featured_media":5192,"comment_status":"open","ping_status":"closed","sticky":false,"template":"","format":"standard","meta":{"_bbp_topic_count":0,"_bbp_reply_count":0,"_bbp_total_topic_count":0,"_bbp_total_reply_count":0,"_bbp_voice_count":0,"_bbp_anonymous_reply_count":0,"_bbp_topic_count_hidden":0,"_bbp_reply_count_hidden":0,"_bbp_forum_subforum_count":0,"footnotes":""},"categories":[10,5],"tags":[99,91],"class_list":["post-5165","post","type-post","status-publish","format-standard","has-post-thumbnail","hentry","category-1r","category-mitjans","tag-1b20-21","tag-nascuts2014"],"post_mailing_queue_ids":[],"_links":{"self":[{"href":"https:\/\/agora.xtec.cat\/escolapauvila\/wp-json\/wp\/v2\/posts\/5165","targetHints":{"allow":["GET"]}}],"collection":[{"href":"https:\/\/agora.xtec.cat\/escolapauvila\/wp-json\/wp\/v2\/posts"}],"about":[{"href":"https:\/\/agora.xtec.cat\/escolapauvila\/wp-json\/wp\/v2\/types\/post"}],"author":[{"embeddable":true,"href":"https:\/\/agora.xtec.cat\/escolapauvila\/wp-json\/wp\/v2\/users\/1"}],"replies":[{"embeddable":true,"href":"https:\/\/agora.xtec.cat\/escolapauvila\/wp-json\/wp\/v2\/comments?post=5165"}],"version-history":[{"count":1,"href":"https:\/\/agora.xtec.cat\/escolapauvila\/wp-json\/wp\/v2\/posts\/5165\/revisions"}],"predecessor-version":[{"id":5202,"href":"https:\/\/agora.xtec.cat\/escolapauvila\/wp-json\/wp\/v2\/posts\/5165\/revisions\/5202"}],"wp:featuredmedia":[{"embeddable":true,"href":"https:\/\/agora.xtec.cat\/escolapauvila\/wp-json\/wp\/v2\/media\/5192"}],"wp:attachment":[{"href":"https:\/\/agora.xtec.cat\/escolapauvila\/wp-json\/wp\/v2\/media?parent=5165"}],"wp:term":[{"taxonomy":"category","embeddable":true,"href":"https:\/\/agora.xtec.cat\/escolapauvila\/wp-json\/wp\/v2\/categories?post=5165"},{"taxonomy":"post_tag","embeddable":true,"href":"https:\/\/agora.xtec.cat\/escolapauvila\/wp-json\/wp\/v2\/tags?post=5165"}],"curies":[{"name":"wp","href":"https:\/\/api.w.org\/{rel}","templated":true}]}}