{"id":4857,"date":"2021-03-23T08:53:06","date_gmt":"2021-03-23T07:53:06","guid":{"rendered":"https:\/\/agora.xtec.cat\/escolapauvila\/?p=4857"},"modified":"2021-03-23T08:53:06","modified_gmt":"2021-03-23T07:53:06","slug":"grafomotricitat-i-art-sonia-delaunay","status":"publish","type":"post","link":"https:\/\/agora.xtec.cat\/escolapauvila\/petits\/grafomotricitat-i-art-sonia-delaunay\/","title":{"rendered":"GRAFOMOTRICITAT I ART: SONIA DELAUNAY"},"content":{"rendered":"<p>ELS <strong>CONILLS<\/strong> I LES <strong>VAQUES<\/strong> CONTINUEM AMB EL TREBALL DE <strong>GRAFISME<\/strong>\u00a0DELS DILLUNS A LA TARDA. HEM EXPERIMENTAT DIFERENTS TRA\u00c7OS A PARTIR D&#8217;\u00a0<strong>ARTISTES <\/strong>COM\u00a0EN <strong>SOL LEWITH <\/strong>O L&#8217;<strong>HERV\u00c9 TULLET<\/strong>,&#8230;<\/p>\n<p>AQUEST COP HEM FET <strong>GRAFOMOTRICITAT<\/strong> A PARTIR DE DOS DE LES OBRES DE LA <strong>SONIA DELAUNAY<\/strong>!<\/p>\n<p><a href=\"https:\/\/agora.xtec.cat\/escolapauvila\/wp-content\/uploads\/usu1565\/2021\/03\/IMG_0653.jpg\"><img loading=\"lazy\" decoding=\"async\" class=\"alignnone size-large wp-image-4858\" src=\"https:\/\/agora.xtec.cat\/escolapauvila\/wp-content\/uploads\/usu1565\/2021\/03\/IMG_0653-1024x768.jpg\" alt=\"\" width=\"1024\" height=\"768\" srcset=\"https:\/\/agora.xtec.cat\/escolapauvila\/wp-content\/uploads\/usu1565\/2021\/03\/IMG_0653-1024x768.jpg 1024w, https:\/\/agora.xtec.cat\/escolapauvila\/wp-content\/uploads\/usu1565\/2021\/03\/IMG_0653-300x225.jpg 300w, https:\/\/agora.xtec.cat\/escolapauvila\/wp-content\/uploads\/usu1565\/2021\/03\/IMG_0653-768x576.jpg 768w, https:\/\/agora.xtec.cat\/escolapauvila\/wp-content\/uploads\/usu1565\/2021\/03\/IMG_0653-200x150.jpg 200w\" sizes=\"auto, (max-width: 1024px) 100vw, 1024px\" \/><\/a><\/p>\n<p>CONEIXEM UNA MICA A L&#8217;ARTISTA I OBSERVEM \u00a0DOS OBRES D&#8217;ART. A CONTINUACI\u00d3 CONVERSEM SOBRE EL QUE VEIEM, QUINES FORMES HI APAREIXEN:<\/p>\n<ul>\n<li>&#8220;RECTANGLES DE COLORS&#8221;<\/li>\n<li>&#8220;MUNTANYETES&#8221;<\/li>\n<li>&#8220;LA LLETRA M&#8221;<\/li>\n<li>&#8220;ZIG-ZAGS&#8221;,&#8230;<\/li>\n<\/ul>\n<p>COM QUE A L&#8217;AULA ESTEM ENDINSATS EN EL CONEIXEMENT DE LES <strong>FIGURES GEOM\u00c8TRIQUES,\u00a0<\/strong>PORTEM ELS <strong>BLOCS<\/strong> <strong>L\u00d2GICS, <\/strong>IDENTIFIQUEM I SELECCIONEM ENTRE TOTS I TOTES ELS <strong>RECTANGLES<\/strong> QUE TROBEM D&#8217;ENTRE TOTES LES FIGURES.<\/p>\n<p>AMB EL MODEL DE L&#8217;OBRA DE DELAUNAY, PRIMERAMENT CONSTRU\u00cfM DE MANERA COL.LECTIVA UN \u00daNIC QUADRE!<\/p>\n<p><a href=\"https:\/\/agora.xtec.cat\/escolapauvila\/wp-content\/uploads\/usu1565\/2021\/03\/IMG_0659.jpg\">\u00a0<\/a><a href=\"https:\/\/agora.xtec.cat\/escolapauvila\/wp-content\/uploads\/usu1565\/2021\/03\/IMG_0659.jpg\"><img loading=\"lazy\" decoding=\"async\" class=\"alignnone wp-image-4859\" src=\"https:\/\/agora.xtec.cat\/escolapauvila\/wp-content\/uploads\/usu1565\/2021\/03\/IMG_0659-1024x768.jpg\" alt=\"\" width=\"444\" height=\"333\" srcset=\"https:\/\/agora.xtec.cat\/escolapauvila\/wp-content\/uploads\/usu1565\/2021\/03\/IMG_0659-1024x768.jpg 1024w, https:\/\/agora.xtec.cat\/escolapauvila\/wp-content\/uploads\/usu1565\/2021\/03\/IMG_0659-300x225.jpg 300w, https:\/\/agora.xtec.cat\/escolapauvila\/wp-content\/uploads\/usu1565\/2021\/03\/IMG_0659-768x576.jpg 768w, https:\/\/agora.xtec.cat\/escolapauvila\/wp-content\/uploads\/usu1565\/2021\/03\/IMG_0659-200x150.jpg 200w\" sizes=\"auto, (max-width: 444px) 100vw, 444px\" \/><\/a><span style=\"font-family: inherit; font-size: 1em;\">\u00a0 <\/span><a style=\"font-family: inherit; font-size: 1em;\" href=\"https:\/\/agora.xtec.cat\/escolapauvila\/wp-content\/uploads\/usu1565\/2021\/03\/IMG_0665.jpg\"><img loading=\"lazy\" decoding=\"async\" class=\"alignnone wp-image-4860\" src=\"https:\/\/agora.xtec.cat\/escolapauvila\/wp-content\/uploads\/usu1565\/2021\/03\/IMG_0665-1024x768.jpg\" alt=\"\" width=\"453\" height=\"340\" srcset=\"https:\/\/agora.xtec.cat\/escolapauvila\/wp-content\/uploads\/usu1565\/2021\/03\/IMG_0665-1024x768.jpg 1024w, https:\/\/agora.xtec.cat\/escolapauvila\/wp-content\/uploads\/usu1565\/2021\/03\/IMG_0665-300x225.jpg 300w, https:\/\/agora.xtec.cat\/escolapauvila\/wp-content\/uploads\/usu1565\/2021\/03\/IMG_0665-768x576.jpg 768w, https:\/\/agora.xtec.cat\/escolapauvila\/wp-content\/uploads\/usu1565\/2021\/03\/IMG_0665-200x150.jpg 200w\" sizes=\"auto, (max-width: 453px) 100vw, 453px\" \/><\/a><\/p>\n<p><a href=\"https:\/\/agora.xtec.cat\/escolapauvila\/wp-content\/uploads\/usu1565\/2021\/03\/SONIA.jpg\"><img loading=\"lazy\" decoding=\"async\" class=\"alignnone wp-image-4915\" src=\"https:\/\/agora.xtec.cat\/escolapauvila\/wp-content\/uploads\/usu1565\/2021\/03\/SONIA-1024x768.jpg\" alt=\"\" width=\"614\" height=\"461\" srcset=\"https:\/\/agora.xtec.cat\/escolapauvila\/wp-content\/uploads\/usu1565\/2021\/03\/SONIA-1024x768.jpg 1024w, https:\/\/agora.xtec.cat\/escolapauvila\/wp-content\/uploads\/usu1565\/2021\/03\/SONIA-300x225.jpg 300w, https:\/\/agora.xtec.cat\/escolapauvila\/wp-content\/uploads\/usu1565\/2021\/03\/SONIA-768x576.jpg 768w, https:\/\/agora.xtec.cat\/escolapauvila\/wp-content\/uploads\/usu1565\/2021\/03\/SONIA-200x150.jpg 200w\" sizes=\"auto, (max-width: 614px) 100vw, 614px\" \/><\/a><\/p>\n<p>&nbsp;<\/p>\n<p style=\"text-align: center;\">AQU\u00cd EN TENIU ELS RESULTATS!<\/p>\n<p><a href=\"https:\/\/agora.xtec.cat\/escolapauvila\/wp-content\/uploads\/usu1565\/2021\/03\/IMG_0667.jpg\"><img loading=\"lazy\" decoding=\"async\" class=\"alignnone wp-image-4861\" src=\"https:\/\/agora.xtec.cat\/escolapauvila\/wp-content\/uploads\/usu1565\/2021\/03\/IMG_0667-1024x768.jpg\" alt=\"\" width=\"443\" height=\"332\" srcset=\"https:\/\/agora.xtec.cat\/escolapauvila\/wp-content\/uploads\/usu1565\/2021\/03\/IMG_0667-1024x768.jpg 1024w, https:\/\/agora.xtec.cat\/escolapauvila\/wp-content\/uploads\/usu1565\/2021\/03\/IMG_0667-300x225.jpg 300w, https:\/\/agora.xtec.cat\/escolapauvila\/wp-content\/uploads\/usu1565\/2021\/03\/IMG_0667-768x576.jpg 768w, https:\/\/agora.xtec.cat\/escolapauvila\/wp-content\/uploads\/usu1565\/2021\/03\/IMG_0667-200x150.jpg 200w\" sizes=\"auto, (max-width: 443px) 100vw, 443px\" \/>\u00a0\u00a0\u00a0\u00a0 <\/a><a href=\"https:\/\/agora.xtec.cat\/escolapauvila\/wp-content\/uploads\/usu1565\/2021\/03\/SONIA1.jpg\"><img loading=\"lazy\" decoding=\"async\" class=\"alignnone wp-image-4914\" src=\"https:\/\/agora.xtec.cat\/escolapauvila\/wp-content\/uploads\/usu1565\/2021\/03\/SONIA1-1024x768.jpg\" alt=\"\" width=\"440\" height=\"330\" srcset=\"https:\/\/agora.xtec.cat\/escolapauvila\/wp-content\/uploads\/usu1565\/2021\/03\/SONIA1-1024x768.jpg 1024w, https:\/\/agora.xtec.cat\/escolapauvila\/wp-content\/uploads\/usu1565\/2021\/03\/SONIA1-300x225.jpg 300w, https:\/\/agora.xtec.cat\/escolapauvila\/wp-content\/uploads\/usu1565\/2021\/03\/SONIA1-768x576.jpg 768w, https:\/\/agora.xtec.cat\/escolapauvila\/wp-content\/uploads\/usu1565\/2021\/03\/SONIA1-200x150.jpg 200w\" sizes=\"auto, (max-width: 440px) 100vw, 440px\" \/><\/a><\/p>\n<p>SEGUIM AMB LA MATEIXA OBRA DE L&#8217;ARTISTA, AQUEST COP FEM SERVIR ESPONGES RECTANGULARS I PINTURA DE COLORS PER CONFECCIONAR LA NOSTRA OBRA.<\/p>\n<p><a href=\"https:\/\/agora.xtec.cat\/escolapauvila\/wp-content\/uploads\/usu1565\/2021\/03\/IMG_0722.jpg\"><img loading=\"lazy\" decoding=\"async\" class=\"alignnone wp-image-4862\" src=\"https:\/\/agora.xtec.cat\/escolapauvila\/wp-content\/uploads\/usu1565\/2021\/03\/IMG_0722-1024x768.jpg\" alt=\"\" width=\"443\" height=\"332\" srcset=\"https:\/\/agora.xtec.cat\/escolapauvila\/wp-content\/uploads\/usu1565\/2021\/03\/IMG_0722-1024x768.jpg 1024w, https:\/\/agora.xtec.cat\/escolapauvila\/wp-content\/uploads\/usu1565\/2021\/03\/IMG_0722-300x225.jpg 300w, https:\/\/agora.xtec.cat\/escolapauvila\/wp-content\/uploads\/usu1565\/2021\/03\/IMG_0722-768x576.jpg 768w, https:\/\/agora.xtec.cat\/escolapauvila\/wp-content\/uploads\/usu1565\/2021\/03\/IMG_0722-200x150.jpg 200w\" sizes=\"auto, (max-width: 443px) 100vw, 443px\" \/> \u00a0 <\/a><a href=\"https:\/\/agora.xtec.cat\/escolapauvila\/wp-content\/uploads\/usu1565\/2021\/03\/SONIA21.jpg\"><img loading=\"lazy\" decoding=\"async\" class=\"alignnone wp-image-4923\" src=\"https:\/\/agora.xtec.cat\/escolapauvila\/wp-content\/uploads\/usu1565\/2021\/03\/SONIA21-1024x768.jpg\" alt=\"\" width=\"440\" height=\"330\" srcset=\"https:\/\/agora.xtec.cat\/escolapauvila\/wp-content\/uploads\/usu1565\/2021\/03\/SONIA21-1024x768.jpg 1024w, https:\/\/agora.xtec.cat\/escolapauvila\/wp-content\/uploads\/usu1565\/2021\/03\/SONIA21-300x225.jpg 300w, https:\/\/agora.xtec.cat\/escolapauvila\/wp-content\/uploads\/usu1565\/2021\/03\/SONIA21-768x576.jpg 768w, https:\/\/agora.xtec.cat\/escolapauvila\/wp-content\/uploads\/usu1565\/2021\/03\/SONIA21-200x150.jpg 200w, https:\/\/agora.xtec.cat\/escolapauvila\/wp-content\/uploads\/usu1565\/2021\/03\/SONIA21.jpg 1632w\" sizes=\"auto, (max-width: 440px) 100vw, 440px\" \/><\/a><a href=\"https:\/\/agora.xtec.cat\/escolapauvila\/wp-content\/uploads\/usu1565\/2021\/03\/IMG_0726.jpg\"><img loading=\"lazy\" decoding=\"async\" class=\"wp-image-4863 aligncenter\" src=\"https:\/\/agora.xtec.cat\/escolapauvila\/wp-content\/uploads\/usu1565\/2021\/03\/IMG_0726-1024x768.jpg\" alt=\"\" width=\"435\" height=\"326\" srcset=\"https:\/\/agora.xtec.cat\/escolapauvila\/wp-content\/uploads\/usu1565\/2021\/03\/IMG_0726-1024x768.jpg 1024w, https:\/\/agora.xtec.cat\/escolapauvila\/wp-content\/uploads\/usu1565\/2021\/03\/IMG_0726-300x225.jpg 300w, https:\/\/agora.xtec.cat\/escolapauvila\/wp-content\/uploads\/usu1565\/2021\/03\/IMG_0726-768x576.jpg 768w, https:\/\/agora.xtec.cat\/escolapauvila\/wp-content\/uploads\/usu1565\/2021\/03\/IMG_0726-200x150.jpg 200w\" sizes=\"auto, (max-width: 435px) 100vw, 435px\" \/><\/a><\/p>\n<p>OBSERVEM LA SEGONA OBRA DE DELAUNAY, ELS SEUS TRA\u00c7OS JA NO S\u00d3N RECTANGLES SIN\u00d3 QUE S&#8217;ASSEMBLEN M\u00c9S A MUNTANYETES: PUJO, BAIXO, PUJO BAIXO,&#8230; EXPERIMENTEM AMB EL COS AQUEST MOVIMENT PER DESPR\u00c9S PASSAR A FER CADASC\u00da DE NOSALTRES LA NOSTRA OBRA. EN AQUESTA OCASI\u00d3 FEM SERVIR UNS ALTRES UTENSILIS COM LES T\u00c8MPERES S\u00d2LIDES DE BARRA.<\/p>\n<p><a href=\"https:\/\/agora.xtec.cat\/escolapauvila\/wp-content\/uploads\/usu1565\/2021\/03\/IMG_0818.jpg\"><img loading=\"lazy\" decoding=\"async\" class=\"alignnone wp-image-4864\" src=\"https:\/\/agora.xtec.cat\/escolapauvila\/wp-content\/uploads\/usu1565\/2021\/03\/IMG_0818-1024x768.jpg\" alt=\"\" width=\"491\" height=\"368\" srcset=\"https:\/\/agora.xtec.cat\/escolapauvila\/wp-content\/uploads\/usu1565\/2021\/03\/IMG_0818-1024x768.jpg 1024w, https:\/\/agora.xtec.cat\/escolapauvila\/wp-content\/uploads\/usu1565\/2021\/03\/IMG_0818-300x225.jpg 300w, https:\/\/agora.xtec.cat\/escolapauvila\/wp-content\/uploads\/usu1565\/2021\/03\/IMG_0818-768x576.jpg 768w, https:\/\/agora.xtec.cat\/escolapauvila\/wp-content\/uploads\/usu1565\/2021\/03\/IMG_0818-200x150.jpg 200w\" sizes=\"auto, (max-width: 491px) 100vw, 491px\" \/><\/a> <a href=\"https:\/\/agora.xtec.cat\/escolapauvila\/wp-content\/uploads\/usu1565\/2021\/03\/IMG_0828.jpg\"><img loading=\"lazy\" decoding=\"async\" class=\"wp-image-4865 alignright\" src=\"https:\/\/agora.xtec.cat\/escolapauvila\/wp-content\/uploads\/usu1565\/2021\/03\/IMG_0828-1024x768.jpg\" alt=\"\" width=\"487\" height=\"365\" srcset=\"https:\/\/agora.xtec.cat\/escolapauvila\/wp-content\/uploads\/usu1565\/2021\/03\/IMG_0828-1024x768.jpg 1024w, https:\/\/agora.xtec.cat\/escolapauvila\/wp-content\/uploads\/usu1565\/2021\/03\/IMG_0828-300x225.jpg 300w, https:\/\/agora.xtec.cat\/escolapauvila\/wp-content\/uploads\/usu1565\/2021\/03\/IMG_0828-768x576.jpg 768w, https:\/\/agora.xtec.cat\/escolapauvila\/wp-content\/uploads\/usu1565\/2021\/03\/IMG_0828-200x150.jpg 200w\" sizes=\"auto, (max-width: 487px) 100vw, 487px\" \/><\/a><\/p>\n<p><a href=\"https:\/\/agora.xtec.cat\/escolapauvila\/wp-content\/uploads\/usu1565\/2021\/03\/SONIA3-1.jpg\"><img loading=\"lazy\" decoding=\"async\" class=\"wp-image-4917 aligncenter\" src=\"https:\/\/agora.xtec.cat\/escolapauvila\/wp-content\/uploads\/usu1565\/2021\/03\/SONIA3-1-1024x768.jpg\" alt=\"\" width=\"653\" height=\"490\" srcset=\"https:\/\/agora.xtec.cat\/escolapauvila\/wp-content\/uploads\/usu1565\/2021\/03\/SONIA3-1-1024x768.jpg 1024w, https:\/\/agora.xtec.cat\/escolapauvila\/wp-content\/uploads\/usu1565\/2021\/03\/SONIA3-1-300x225.jpg 300w, https:\/\/agora.xtec.cat\/escolapauvila\/wp-content\/uploads\/usu1565\/2021\/03\/SONIA3-1-768x576.jpg 768w, https:\/\/agora.xtec.cat\/escolapauvila\/wp-content\/uploads\/usu1565\/2021\/03\/SONIA3-1-200x150.jpg 200w\" sizes=\"auto, (max-width: 653px) 100vw, 653px\" \/><\/a><\/p>\n<p>&nbsp;<\/p>\n<p>&#8220;LA GRAFOMOTRICITAT \u00c9S LA FASE PR\u00c8VIA A L&#8217;ESCRIPTURA, JA QUE SUPOSA L&#8217;ENTRENAMENT PER LA REALITZACI\u00d3 DE MOVIMENTS B\u00c0SICS QUE FORMEN PART DE LA CORRECTA DIRECCIONALITAT I TRA\u00c7 DE LES LLETRES&#8221; (Molina).<\/p>\n<p style=\"text-align: center;\"><strong>APRENEM AMB L&#8217;ART!!!<\/strong><\/p>\n<p>VOLEU SABER QUIN SER\u00c0 EL SEG\u00dcENT ARTISTA QUE CONEIXEREM? DONCS ESTIGUEU ATENTS I ATENTES A LES DARRERES ENTRADES!<\/p>\n<p>&nbsp;<\/p>\n<p>PER VEURE TOTES LES<strong> FOTOGRAFIES<\/strong> D&#8217;AQUESTA ENTRADA CLIQUEU ELS SEG\u00dcENTS ENLLA\u00c7OS:<\/p>\n<p>CLASSE DE LES VAQUES:\u00a0<a href=\"https:\/\/photos.app.goo.gl\/nsbQiErj8v9JbRH38\">https:\/\/photos.app.goo.gl\/nsbQiErj8v9JbRH38<\/a><\/p>\n<p>CLASSE DELS CONILLS:\u00a0<a href=\"https:\/\/photos.app.goo.gl\/M7M8nScsUWWUPo5B7\">https:\/\/photos.app.goo.gl\/M7M8nScsUWWUPo5B7<\/a><\/p>\n<p>&nbsp;<\/p>\n<p>&nbsp;<\/p>\n<p>&nbsp;<\/p>\n<p>&nbsp;<\/p>\n<p>&nbsp;<\/p>\n<p>&nbsp;<\/p>\n<p>&nbsp;<\/p>\n<p>&nbsp;<\/p>\n<p>&nbsp;<\/p>\n<p>&nbsp;<\/p>\n<p>&nbsp;<\/p>\n","protected":false},"excerpt":{"rendered":"<p>ELS CONILLS I LES VAQUES CONTINUEM AMB EL TREBALL DE GRAFISME\u00a0DELS DILLUNS A LA TARDA. HEM EXPERIMENTAT DIFERENTS TRA\u00c7OS A PARTIR D&#8217;\u00a0ARTISTES COM\u00a0EN SOL LEWITH O L&#8217;HERV\u00c9 TULLET,&#8230;<br \/>\nAQUEST COP HEM FET GRAFOMOTRICITAT A PARTIR DE DOS DE LES OBRES DE LA SONIA DELAUNAY!<br \/>\n<a href=\"https:\/\/agora.xtec.cat\/escolapauvila\/wp-content\/uploads\/usu1565\/2021\/03\/IMG_0653.jpg\"><\/a><br \/>\nCONEIXEM UNA&hellip;  <a href=\"https:\/\/agora.xtec.cat\/escolapauvila\/petits\/grafomotricitat-i-art-sonia-delaunay\/\" title=\"Read GRAFOMOTRICITAT I ART: SONIA DELAUNAY\">Llegeix m\u00e9s\u00bb<\/a><\/p>\n","protected":false},"author":1,"featured_media":4858,"comment_status":"open","ping_status":"closed","sticky":false,"template":"","format":"standard","meta":{"_bbp_topic_count":0,"_bbp_reply_count":0,"_bbp_total_topic_count":0,"_bbp_total_reply_count":0,"_bbp_voice_count":0,"_bbp_anonymous_reply_count":0,"_bbp_topic_count_hidden":0,"_bbp_reply_count_hidden":0,"_bbp_forum_subforum_count":0,"footnotes":""},"categories":[2,8],"tags":[103,114,104],"class_list":["post-4857","post","type-post","status-publish","format-standard","has-post-thumbnail","hentry","category-petits","category-ei4","tag-ei4a20-21","tag-ei4b20-21","tag-nascuts2016"],"post_mailing_queue_ids":[],"_links":{"self":[{"href":"https:\/\/agora.xtec.cat\/escolapauvila\/wp-json\/wp\/v2\/posts\/4857","targetHints":{"allow":["GET"]}}],"collection":[{"href":"https:\/\/agora.xtec.cat\/escolapauvila\/wp-json\/wp\/v2\/posts"}],"about":[{"href":"https:\/\/agora.xtec.cat\/escolapauvila\/wp-json\/wp\/v2\/types\/post"}],"author":[{"embeddable":true,"href":"https:\/\/agora.xtec.cat\/escolapauvila\/wp-json\/wp\/v2\/users\/1"}],"replies":[{"embeddable":true,"href":"https:\/\/agora.xtec.cat\/escolapauvila\/wp-json\/wp\/v2\/comments?post=4857"}],"version-history":[{"count":3,"href":"https:\/\/agora.xtec.cat\/escolapauvila\/wp-json\/wp\/v2\/posts\/4857\/revisions"}],"predecessor-version":[{"id":4934,"href":"https:\/\/agora.xtec.cat\/escolapauvila\/wp-json\/wp\/v2\/posts\/4857\/revisions\/4934"}],"wp:featuredmedia":[{"embeddable":true,"href":"https:\/\/agora.xtec.cat\/escolapauvila\/wp-json\/wp\/v2\/media\/4858"}],"wp:attachment":[{"href":"https:\/\/agora.xtec.cat\/escolapauvila\/wp-json\/wp\/v2\/media?parent=4857"}],"wp:term":[{"taxonomy":"category","embeddable":true,"href":"https:\/\/agora.xtec.cat\/escolapauvila\/wp-json\/wp\/v2\/categories?post=4857"},{"taxonomy":"post_tag","embeddable":true,"href":"https:\/\/agora.xtec.cat\/escolapauvila\/wp-json\/wp\/v2\/tags?post=4857"}],"curies":[{"name":"wp","href":"https:\/\/api.w.org\/{rel}","templated":true}]}}