{"id":4750,"date":"2021-03-19T10:51:02","date_gmt":"2021-03-19T09:51:02","guid":{"rendered":"https:\/\/agora.xtec.cat\/escolapauvila\/?p=4750"},"modified":"2021-03-19T10:51:02","modified_gmt":"2021-03-19T09:51:02","slug":"ball-de-musica","status":"publish","type":"post","link":"https:\/\/agora.xtec.cat\/escolapauvila\/grans\/6e\/ball-de-musica\/","title":{"rendered":"Ball de m\u00fasica"},"content":{"rendered":"<p>L&#8217;altre dia a la classe de 6\u00e8B vam fer un ball sobre la comunitat autonoma del viatge per Espanya.<\/p>\n<p>El viatge per Espanya es un projecte que es fa a 6\u00e8 de primaria. \u00c9s un projecte que es fa en grup i tracta de que cada grup ha de fer un viatge virtual a alguna comunitat autonoma d&#8217;Espanya. Primer hem de buscar informaci\u00f3 sobre la comunitat i despr\u00e9s hem de fer el viatge virtual.<\/p>\n<p>Llavors a l&#8217;area de m\u00fasica hem estat buscant informaci\u00f3 sobre un ball de la comunitat auton\u00f2ma, hem fet els instruments amb material reciclat c\u00f3m el cartr\u00f3, el paper&#8230;\u00a0 l&#8217;hem practicat i despr\u00e9s l&#8217;hem\u00a0 interpretat.<\/p>\n<p>Aqu\u00ed teniu un exemple del Pa\u00eds Basc:<\/p>\n<p><iframe loading=\"lazy\" title=\"EZPATA DANTZA \/ BAILE DE LA ESPADA \/ SWORD DANCE\" width=\"500\" height=\"281\" src=\"https:\/\/www.youtube.com\/embed\/S-Rn0LxC_NM?feature=oembed\" frameborder=\"0\" allow=\"accelerometer; autoplay; clipboard-write; encrypted-media; gyroscope; picture-in-picture; web-share\" referrerpolicy=\"strict-origin-when-cross-origin\" allowfullscreen><\/iframe><\/p>\n<p>&nbsp;<\/p>\n<p>&nbsp;<\/p>\n","protected":false},"excerpt":{"rendered":"<p>L&#8217;altre dia a la classe de 6\u00e8B vam fer un ball sobre la comunitat autonoma del viatge per Espanya.<br \/>\nEl viatge per Espanya es un projecte que es fa a 6\u00e8 de primaria. \u00c9s un projecte que es fa en grup i tracta de que cada&hellip;  <a href=\"https:\/\/agora.xtec.cat\/escolapauvila\/grans\/6e\/ball-de-musica\/\" title=\"Read Ball de m\u00fasica\">Llegeix m\u00e9s\u00bb<\/a><\/p>\n","protected":false},"author":1,"featured_media":4751,"comment_status":"open","ping_status":"closed","sticky":false,"template":"","format":"standard","meta":{"_bbp_topic_count":0,"_bbp_reply_count":0,"_bbp_total_topic_count":0,"_bbp_total_reply_count":0,"_bbp_voice_count":0,"_bbp_anonymous_reply_count":0,"_bbp_topic_count_hidden":0,"_bbp_reply_count_hidden":0,"_bbp_forum_subforum_count":0,"footnotes":""},"categories":[15,61],"tags":[],"class_list":["post-4750","post","type-post","status-publish","format-standard","has-post-thumbnail","hentry","category-6e","category-grans"],"post_mailing_queue_ids":[],"_links":{"self":[{"href":"https:\/\/agora.xtec.cat\/escolapauvila\/wp-json\/wp\/v2\/posts\/4750","targetHints":{"allow":["GET"]}}],"collection":[{"href":"https:\/\/agora.xtec.cat\/escolapauvila\/wp-json\/wp\/v2\/posts"}],"about":[{"href":"https:\/\/agora.xtec.cat\/escolapauvila\/wp-json\/wp\/v2\/types\/post"}],"author":[{"embeddable":true,"href":"https:\/\/agora.xtec.cat\/escolapauvila\/wp-json\/wp\/v2\/users\/1"}],"replies":[{"embeddable":true,"href":"https:\/\/agora.xtec.cat\/escolapauvila\/wp-json\/wp\/v2\/comments?post=4750"}],"version-history":[{"count":1,"href":"https:\/\/agora.xtec.cat\/escolapauvila\/wp-json\/wp\/v2\/posts\/4750\/revisions"}],"predecessor-version":[{"id":4752,"href":"https:\/\/agora.xtec.cat\/escolapauvila\/wp-json\/wp\/v2\/posts\/4750\/revisions\/4752"}],"wp:featuredmedia":[{"embeddable":true,"href":"https:\/\/agora.xtec.cat\/escolapauvila\/wp-json\/wp\/v2\/media\/4751"}],"wp:attachment":[{"href":"https:\/\/agora.xtec.cat\/escolapauvila\/wp-json\/wp\/v2\/media?parent=4750"}],"wp:term":[{"taxonomy":"category","embeddable":true,"href":"https:\/\/agora.xtec.cat\/escolapauvila\/wp-json\/wp\/v2\/categories?post=4750"},{"taxonomy":"post_tag","embeddable":true,"href":"https:\/\/agora.xtec.cat\/escolapauvila\/wp-json\/wp\/v2\/tags?post=4750"}],"curies":[{"name":"wp","href":"https:\/\/api.w.org\/{rel}","templated":true}]}}