{"id":4651,"date":"2021-03-16T16:04:57","date_gmt":"2021-03-16T15:04:57","guid":{"rendered":"https:\/\/agora.xtec.cat\/escolapauvila\/?p=4651"},"modified":"2021-03-16T16:05:15","modified_gmt":"2021-03-16T15:05:15","slug":"fem-un-viatge-per-espanya","status":"publish","type":"post","link":"https:\/\/agora.xtec.cat\/escolapauvila\/general\/fem-un-viatge-per-espanya\/","title":{"rendered":"fem un viatge per Espanya"},"content":{"rendered":"<p>\ud83d\ude1d Hola som les alumnes de 6\u00e9A \ud83d\ude1d<\/p>\n<p>Al principi del segon trimestre vam comen\u00e7ar un projecte que durara tot el curs, que es diu VIATGE PER ESPANYA. Primer vam fer parelles i vam escollir una CC.AA. d&#8217;Espanya. En aquest segon trimestre hem fet un labook, vam fer les exposisions davant de tot el grup i quan haviem acabat l&#8217;exposisi\u00f3 el companys van fer un questionari sobre la exposisi\u00f3.<\/p>\n<p>Aqu\u00ed us fiquem una foto perqu\u00e8 sapigueu que \u00e9s un labook i com van quedar els nostres:<\/p>\n<p>&nbsp;<\/p>\n<p>GRACI\u00c8S PER LLEGIR\u2764<\/p>\n<p>&nbsp;<\/p>\n","protected":false},"excerpt":{"rendered":"<p>\ud83d\ude1d Hola som les alumnes de 6\u00e9A \ud83d\ude1d<br \/>\nAl principi del segon trimestre vam comen\u00e7ar un projecte que durara tot el curs, que es diu VIATGE PER ESPANYA. Primer vam fer parelles i vam escollir una CC.AA. d&#8217;Espanya. En aquest segon trimestre hem fet un labook,&hellip;  <a href=\"https:\/\/agora.xtec.cat\/escolapauvila\/general\/fem-un-viatge-per-espanya\/\" title=\"Read fem un viatge per Espanya\">Llegeix m\u00e9s\u00bb<\/a><\/p>\n","protected":false},"author":1,"featured_media":0,"comment_status":"open","ping_status":"closed","sticky":false,"template":"","format":"standard","meta":{"_bbp_topic_count":0,"_bbp_reply_count":0,"_bbp_total_topic_count":0,"_bbp_total_reply_count":0,"_bbp_voice_count":0,"_bbp_anonymous_reply_count":0,"_bbp_topic_count_hidden":0,"_bbp_reply_count_hidden":0,"_bbp_forum_subforum_count":0,"footnotes":""},"categories":[15,1],"tags":[],"class_list":["post-4651","post","type-post","status-publish","format-standard","hentry","category-6e","category-general"],"post_mailing_queue_ids":[],"_links":{"self":[{"href":"https:\/\/agora.xtec.cat\/escolapauvila\/wp-json\/wp\/v2\/posts\/4651","targetHints":{"allow":["GET"]}}],"collection":[{"href":"https:\/\/agora.xtec.cat\/escolapauvila\/wp-json\/wp\/v2\/posts"}],"about":[{"href":"https:\/\/agora.xtec.cat\/escolapauvila\/wp-json\/wp\/v2\/types\/post"}],"author":[{"embeddable":true,"href":"https:\/\/agora.xtec.cat\/escolapauvila\/wp-json\/wp\/v2\/users\/1"}],"replies":[{"embeddable":true,"href":"https:\/\/agora.xtec.cat\/escolapauvila\/wp-json\/wp\/v2\/comments?post=4651"}],"version-history":[{"count":1,"href":"https:\/\/agora.xtec.cat\/escolapauvila\/wp-json\/wp\/v2\/posts\/4651\/revisions"}],"predecessor-version":[{"id":4664,"href":"https:\/\/agora.xtec.cat\/escolapauvila\/wp-json\/wp\/v2\/posts\/4651\/revisions\/4664"}],"wp:attachment":[{"href":"https:\/\/agora.xtec.cat\/escolapauvila\/wp-json\/wp\/v2\/media?parent=4651"}],"wp:term":[{"taxonomy":"category","embeddable":true,"href":"https:\/\/agora.xtec.cat\/escolapauvila\/wp-json\/wp\/v2\/categories?post=4651"},{"taxonomy":"post_tag","embeddable":true,"href":"https:\/\/agora.xtec.cat\/escolapauvila\/wp-json\/wp\/v2\/tags?post=4651"}],"curies":[{"name":"wp","href":"https:\/\/api.w.org\/{rel}","templated":true}]}}