{"id":4632,"date":"2021-03-13T21:27:07","date_gmt":"2021-03-13T20:27:07","guid":{"rendered":"https:\/\/agora.xtec.cat\/escolapauvila\/?p=4632"},"modified":"2021-03-13T21:27:07","modified_gmt":"2021-03-13T20:27:07","slug":"diari-del-24-al-4-de-marc","status":"publish","type":"post","link":"https:\/\/agora.xtec.cat\/escolapauvila\/grans\/5e\/diari-del-24-al-4-de-marc\/","title":{"rendered":"Diari del 24 al 4 de mar\u00e7"},"content":{"rendered":"<p><span style=\"font-weight: 400;\">Hola som el Biel i l\u2019Izan G. i us explicarem el que ha passat del dia 24 al 4 de mar\u00e7.<\/span><\/p>\n<p><span style=\"font-weight: 400;\">Vam fer una carta de conviv\u00e8ncia a causa dels conflictes que tenim a l\u2019escola.<\/span><\/p>\n<p><span style=\"font-weight: 400;\">Els punts son:<\/span><\/p>\n<p><span style=\"font-weight: 400;\">1 Tenir un comportament adequat i una actitud positiva, per ajudar a mantenir un bon ambient de treball i conviv\u00e8ncia a l\u2019escola.<\/span><\/p>\n<p><span style=\"font-weight: 400;\">2 Esfor\u00e7ar-me per treure el m\u00e0xim rendiment a les meves capacitats i millorar els resultats acad\u00e8mics.<\/span><\/p>\n<p><span style=\"font-weight: 400;\">3 Mostrar i valorar esfor\u00e7 i inter\u00e8s per aprendre.<\/span><\/p>\n<p><span style=\"font-weight: 400;\">4 Respectar i col\u00b7laborar en el compliment de les normes de funcionament de l\u2019escola.<\/span><\/p>\n<p><span style=\"font-weight: 400;\">5 Respectar els companys, el professorat i tot el personal del centre.<\/span><\/p>\n<p><span style=\"font-weight: 400;\">6 Respectar les instal\u00b7lacions, el mobiliari, els estris i el material del centre, i col\u00b7laborar en el manteniment de la neteja del centre.<\/span><\/p>\n<p><span style=\"font-weight: 400;\">7 Responsabilitzar-me de les tasques que se&#8217;m demanin.<\/span><\/p>\n<p><span style=\"font-weight: 400;\">Si trenco algun dels acords, acceptar\u00e9 les conseq\u00fc\u00e8ncies que h\u00e0gim acordat com a classe.<\/span><\/p>\n<p>&nbsp;<\/p>\n<p><span style=\"font-weight: 400;\">El dia 23 vam tenir un examen de matem\u00e0tiques i vam fer la primera part. El divendres farem la segona part, la dels problemes matem\u00e0tics.<\/span><\/p>\n<p><img loading=\"lazy\" decoding=\"async\" class=\"aligncenter wp-image-4633 size-thumbnail\" src=\"https:\/\/agora.xtec.cat\/escolapauvila\/wp-content\/uploads\/usu1565\/2021\/03\/mates-150x150.jpg\" alt=\"\" width=\"150\" height=\"150\" srcset=\"https:\/\/agora.xtec.cat\/escolapauvila\/wp-content\/uploads\/usu1565\/2021\/03\/mates-150x150.jpg 150w, https:\/\/agora.xtec.cat\/escolapauvila\/wp-content\/uploads\/usu1565\/2021\/03\/mates-300x300.jpg 300w, https:\/\/agora.xtec.cat\/escolapauvila\/wp-content\/uploads\/usu1565\/2021\/03\/mates-768x768.jpg 768w, https:\/\/agora.xtec.cat\/escolapauvila\/wp-content\/uploads\/usu1565\/2021\/03\/mates.jpg 1024w\" sizes=\"auto, (max-width: 150px) 100vw, 150px\" \/><\/p>\n<p><span style=\"font-weight: 400;\">El dimecres vam fer un exercici mostrant diferents coses amb la m\u00fasica.<\/span><span style=\"font-weight: 400;\">\u00a0\u00a0\u00a0<\/span><\/p>\n<p><img loading=\"lazy\" decoding=\"async\" class=\"alignnone wp-image-4634 size-thumbnail\" src=\"https:\/\/agora.xtec.cat\/escolapauvila\/wp-content\/uploads\/usu1565\/2021\/03\/mus2-150x150.jpg\" alt=\"\" width=\"150\" height=\"150\" \/> <img loading=\"lazy\" decoding=\"async\" class=\"alignnone wp-image-4635 size-thumbnail\" src=\"https:\/\/agora.xtec.cat\/escolapauvila\/wp-content\/uploads\/usu1565\/2021\/03\/mus1-150x150.jpg\" alt=\"\" width=\"150\" height=\"150\" \/><\/p>\n<p><span style=\"font-weight: 400;\">Aquesta setmana l\u2019Ernest ha faltat alguns dies perqu\u00e8 hem canviat la wifi i per els efectes secundaris de la vacuna.<\/span><\/p>\n<p>&nbsp;<\/p>\n<h3 style=\"text-align: right;\">Biel i Izan Gomez<\/h3>\n","protected":false},"excerpt":{"rendered":"<p>Hola som el Biel i l\u2019Izan G. i us explicarem el que ha passat del dia 24 al 4 de mar\u00e7.<br \/>\nVam fer una carta de conviv\u00e8ncia a causa dels conflictes que tenim a l\u2019escola.<br \/>\nEls punts son:<br \/>\n1 Tenir un comportament adequat i una actitud positiva, per&hellip;  <a href=\"https:\/\/agora.xtec.cat\/escolapauvila\/grans\/5e\/diari-del-24-al-4-de-marc\/\" title=\"Read Diari del 24 al 4 de mar\u00e7\">Llegeix m\u00e9s\u00bb<\/a><\/p>\n","protected":false},"author":1,"featured_media":4635,"comment_status":"open","ping_status":"closed","sticky":false,"template":"","format":"standard","meta":{"_bbp_topic_count":0,"_bbp_reply_count":0,"_bbp_total_topic_count":0,"_bbp_total_reply_count":0,"_bbp_voice_count":0,"_bbp_anonymous_reply_count":0,"_bbp_topic_count_hidden":0,"_bbp_reply_count_hidden":0,"_bbp_forum_subforum_count":0,"footnotes":""},"categories":[14],"tags":[83,77],"class_list":["post-4632","post","type-post","status-publish","format-standard","has-post-thumbnail","hentry","category-5e","tag-5c20-21","tag-nascuts2010"],"post_mailing_queue_ids":[],"_links":{"self":[{"href":"https:\/\/agora.xtec.cat\/escolapauvila\/wp-json\/wp\/v2\/posts\/4632","targetHints":{"allow":["GET"]}}],"collection":[{"href":"https:\/\/agora.xtec.cat\/escolapauvila\/wp-json\/wp\/v2\/posts"}],"about":[{"href":"https:\/\/agora.xtec.cat\/escolapauvila\/wp-json\/wp\/v2\/types\/post"}],"author":[{"embeddable":true,"href":"https:\/\/agora.xtec.cat\/escolapauvila\/wp-json\/wp\/v2\/users\/1"}],"replies":[{"embeddable":true,"href":"https:\/\/agora.xtec.cat\/escolapauvila\/wp-json\/wp\/v2\/comments?post=4632"}],"version-history":[{"count":1,"href":"https:\/\/agora.xtec.cat\/escolapauvila\/wp-json\/wp\/v2\/posts\/4632\/revisions"}],"predecessor-version":[{"id":4636,"href":"https:\/\/agora.xtec.cat\/escolapauvila\/wp-json\/wp\/v2\/posts\/4632\/revisions\/4636"}],"wp:featuredmedia":[{"embeddable":true,"href":"https:\/\/agora.xtec.cat\/escolapauvila\/wp-json\/wp\/v2\/media\/4635"}],"wp:attachment":[{"href":"https:\/\/agora.xtec.cat\/escolapauvila\/wp-json\/wp\/v2\/media?parent=4632"}],"wp:term":[{"taxonomy":"category","embeddable":true,"href":"https:\/\/agora.xtec.cat\/escolapauvila\/wp-json\/wp\/v2\/categories?post=4632"},{"taxonomy":"post_tag","embeddable":true,"href":"https:\/\/agora.xtec.cat\/escolapauvila\/wp-json\/wp\/v2\/tags?post=4632"}],"curies":[{"name":"wp","href":"https:\/\/api.w.org\/{rel}","templated":true}]}}