{"id":4584,"date":"2021-03-13T12:25:25","date_gmt":"2021-03-13T11:25:25","guid":{"rendered":"https:\/\/agora.xtec.cat\/escolapauvila\/?p=4584"},"modified":"2021-03-13T12:25:25","modified_gmt":"2021-03-13T11:25:25","slug":"dia-de-la-dona-a-2n","status":"publish","type":"post","link":"https:\/\/agora.xtec.cat\/escolapauvila\/portada\/dia-de-la-dona-a-2n\/","title":{"rendered":"DIA DE LA DONA A 2n"},"content":{"rendered":"<p><a href=\"https:\/\/agora.xtec.cat\/escolapauvila\/wp-content\/uploads\/usu1565\/2021\/03\/Imagen-1.jpg\"><img loading=\"lazy\" decoding=\"async\" class=\" wp-image-4587 aligncenter\" src=\"https:\/\/agora.xtec.cat\/escolapauvila\/wp-content\/uploads\/usu1565\/2021\/03\/Imagen-1.jpg\" alt=\"\" width=\"584\" height=\"163\" srcset=\"https:\/\/agora.xtec.cat\/escolapauvila\/wp-content\/uploads\/usu1565\/2021\/03\/Imagen-1.jpg 335w, https:\/\/agora.xtec.cat\/escolapauvila\/wp-content\/uploads\/usu1565\/2021\/03\/Imagen-1-300x83.jpg 300w\" sizes=\"auto, (max-width: 584px) 100vw, 584px\" \/><\/a><\/p>\n<p style=\"text-align: left;\">El passat 8 de mar\u00e7 les classes de 2n vam realitzar una activitat de sensibilitzaci\u00f3, valoraci\u00f3 i coneixement del significat del dia de la dona.<\/p>\n<p style=\"text-align: left;\">Per dur-la a terme primer vam fer una mica de reflexi\u00f3 i posada en com\u00fa del significat d&#8217;aquesta data, compartint aix\u00ed les diferents idees que anaven sorgint. Vam parlar sobre per qu\u00e8 es celebra aquesta data, quin \u00e9s el color que representa aquest dia, quin \u00e9s el s\u00edmbol de la dona&#8230; entre d&#8217;altres idees.<a href=\"https:\/\/agora.xtec.cat\/escolapauvila\/wp-content\/uploads\/usu1565\/2021\/03\/s\u00edmbol-dona.jpg\"><img loading=\"lazy\" decoding=\"async\" class=\"wp-image-4588 aligncenter\" src=\"https:\/\/agora.xtec.cat\/escolapauvila\/wp-content\/uploads\/usu1565\/2021\/03\/s\u00edmbol-dona-1024x538.jpg\" alt=\"\" width=\"483\" height=\"254\" srcset=\"https:\/\/agora.xtec.cat\/escolapauvila\/wp-content\/uploads\/usu1565\/2021\/03\/s\u00edmbol-dona-1024x538.jpg 1024w, https:\/\/agora.xtec.cat\/escolapauvila\/wp-content\/uploads\/usu1565\/2021\/03\/s\u00edmbol-dona-300x158.jpg 300w, https:\/\/agora.xtec.cat\/escolapauvila\/wp-content\/uploads\/usu1565\/2021\/03\/s\u00edmbol-dona-768x403.jpg 768w, https:\/\/agora.xtec.cat\/escolapauvila\/wp-content\/uploads\/usu1565\/2021\/03\/s\u00edmbol-dona.jpg 1200w\" sizes=\"auto, (max-width: 483px) 100vw, 483px\" \/><\/a>Tot seguit vam endinsar-nos en una proposta on vam poder fer una mica de recorregut sobre els fets historics rellevants. La proposta ens plantejava dues reflexions:<\/p>\n<p><strong>-Creus que \u00e9s important celebrar el &#8220;Dia de la dona&#8221;? Per qu\u00e8?<\/strong><\/p>\n<p><strong>-Hi ha el &#8220;Dia de l&#8217;home&#8221;? Per qu\u00e8?<\/strong><\/p>\n<p>Va ser molt interessant i enriquidor con\u00e8ixer i compartir les opinions de cada alumne\/a.<\/p>\n\n\t\t<style type=\"text\/css\">\n\t\t\t#gallery-1 {\n\t\t\t\tmargin: auto;\n\t\t\t}\n\t\t\t#gallery-1 .gallery-item {\n\t\t\t\tfloat: left;\n\t\t\t\tmargin-top: 10px;\n\t\t\t\ttext-align: center;\n\t\t\t\twidth: 50%;\n\t\t\t}\n\t\t\t#gallery-1 img {\n\t\t\t\tborder: 2px solid #cfcfcf;\n\t\t\t}\n\t\t\t#gallery-1 .gallery-caption {\n\t\t\t\tmargin-left: 0;\n\t\t\t}\n\t\t\t\/* see gallery_shortcode() in wp-includes\/media.php *\/\n\t\t<\/style>\n\t\t<div id='gallery-1' class='gallery galleryid-4584 gallery-columns-2 gallery-size-medium'><dl class='gallery-item'>\n\t\t\t<dt class='gallery-icon landscape'>\n\t\t\t\t<a href='https:\/\/agora.xtec.cat\/escolapauvila\/portada\/dia-de-la-dona-a-2n\/attachment\/20210308_113334\/'><img loading=\"lazy\" decoding=\"async\" width=\"300\" height=\"225\" src=\"https:\/\/agora.xtec.cat\/escolapauvila\/wp-content\/uploads\/usu1565\/2021\/03\/20210308_113334-300x225.jpg\" class=\"attachment-medium size-medium\" alt=\"\" srcset=\"https:\/\/agora.xtec.cat\/escolapauvila\/wp-content\/uploads\/usu1565\/2021\/03\/20210308_113334-300x225.jpg 300w, https:\/\/agora.xtec.cat\/escolapauvila\/wp-content\/uploads\/usu1565\/2021\/03\/20210308_113334-768x576.jpg 768w, https:\/\/agora.xtec.cat\/escolapauvila\/wp-content\/uploads\/usu1565\/2021\/03\/20210308_113334-1024x768.jpg 1024w, https:\/\/agora.xtec.cat\/escolapauvila\/wp-content\/uploads\/usu1565\/2021\/03\/20210308_113334-200x150.jpg 200w\" sizes=\"auto, (max-width: 300px) 100vw, 300px\" \/><\/a>\n\t\t\t<\/dt><\/dl><dl class='gallery-item'>\n\t\t\t<dt class='gallery-icon landscape'>\n\t\t\t\t<a href='https:\/\/agora.xtec.cat\/escolapauvila\/portada\/dia-de-la-dona-a-2n\/attachment\/20210308_111425\/'><img loading=\"lazy\" decoding=\"async\" width=\"300\" height=\"225\" src=\"https:\/\/agora.xtec.cat\/escolapauvila\/wp-content\/uploads\/usu1565\/2021\/03\/20210308_111425-300x225.jpg\" class=\"attachment-medium size-medium\" alt=\"\" srcset=\"https:\/\/agora.xtec.cat\/escolapauvila\/wp-content\/uploads\/usu1565\/2021\/03\/20210308_111425-300x225.jpg 300w, https:\/\/agora.xtec.cat\/escolapauvila\/wp-content\/uploads\/usu1565\/2021\/03\/20210308_111425-768x576.jpg 768w, https:\/\/agora.xtec.cat\/escolapauvila\/wp-content\/uploads\/usu1565\/2021\/03\/20210308_111425-1024x768.jpg 1024w, https:\/\/agora.xtec.cat\/escolapauvila\/wp-content\/uploads\/usu1565\/2021\/03\/20210308_111425-200x150.jpg 200w\" sizes=\"auto, (max-width: 300px) 100vw, 300px\" \/><\/a>\n\t\t\t<\/dt><\/dl><br style=\"clear: both\" \/>\n\t\t<\/div>\n\n<p>&nbsp;<\/p>\n<table style=\"height: 268px; border-style: none; width: 911px;\" width=\"911\">\n<tbody>\n<tr>\n<td style=\"width: 429.140625px; border-style: none;\"><a href=\"https:\/\/agora.xtec.cat\/escolapauvila\/wp-content\/uploads\/usu1565\/2021\/03\/defintiva.jpg\"><img loading=\"lazy\" decoding=\"async\" class=\"wp-image-4618 aligncenter\" src=\"https:\/\/agora.xtec.cat\/escolapauvila\/wp-content\/uploads\/usu1565\/2021\/03\/defintiva-1024x768.jpg\" alt=\"\" width=\"315\" height=\"236\" srcset=\"https:\/\/agora.xtec.cat\/escolapauvila\/wp-content\/uploads\/usu1565\/2021\/03\/defintiva-1024x768.jpg 1024w, https:\/\/agora.xtec.cat\/escolapauvila\/wp-content\/uploads\/usu1565\/2021\/03\/defintiva-300x225.jpg 300w, https:\/\/agora.xtec.cat\/escolapauvila\/wp-content\/uploads\/usu1565\/2021\/03\/defintiva-768x576.jpg 768w, https:\/\/agora.xtec.cat\/escolapauvila\/wp-content\/uploads\/usu1565\/2021\/03\/defintiva-200x150.jpg 200w\" sizes=\"auto, (max-width: 315px) 100vw, 315px\" \/><\/a><\/td>\n<td style=\"width: 473.875px; border-style: none; text-align: right;\"><a href=\"https:\/\/agora.xtec.cat\/escolapauvila\/wp-content\/uploads\/usu1565\/2021\/03\/FB3C8258-25E8-47CF-9EBC-6E938D330AB7.jpeg\">\u00a0\u00a0<img loading=\"lazy\" decoding=\"async\" class=\"wp-image-4617 aligncenter\" src=\"https:\/\/agora.xtec.cat\/escolapauvila\/wp-content\/uploads\/usu1565\/2021\/03\/FB3C8258-25E8-47CF-9EBC-6E938D330AB7-1024x768.jpeg\" alt=\"\" width=\"320\" height=\"240\" srcset=\"https:\/\/agora.xtec.cat\/escolapauvila\/wp-content\/uploads\/usu1565\/2021\/03\/FB3C8258-25E8-47CF-9EBC-6E938D330AB7-1024x768.jpeg 1024w, https:\/\/agora.xtec.cat\/escolapauvila\/wp-content\/uploads\/usu1565\/2021\/03\/FB3C8258-25E8-47CF-9EBC-6E938D330AB7-300x225.jpeg 300w, https:\/\/agora.xtec.cat\/escolapauvila\/wp-content\/uploads\/usu1565\/2021\/03\/FB3C8258-25E8-47CF-9EBC-6E938D330AB7-768x576.jpeg 768w, https:\/\/agora.xtec.cat\/escolapauvila\/wp-content\/uploads\/usu1565\/2021\/03\/FB3C8258-25E8-47CF-9EBC-6E938D330AB7-200x150.jpeg 200w\" sizes=\"auto, (max-width: 320px) 100vw, 320px\" \/><\/a><\/td>\n<\/tr>\n<\/tbody>\n<\/table>\n<p><span style=\"font-family: inherit; font-size: 1em;\">Finalment vam concloure l&#8217;activitat amb una proposta art\u00edstica. \u00a0Vam fer uns grafismes creatius a partir del rostre d&#8217;una dona. \u00a0Vam utilitzar diferents materials en tonalitats morades-liles i vam anar creant el seu cabell. Una proposta preciosa!<\/span><\/p>\n\n\t\t<style type=\"text\/css\">\n\t\t\t#gallery-2 {\n\t\t\t\tmargin: auto;\n\t\t\t}\n\t\t\t#gallery-2 .gallery-item {\n\t\t\t\tfloat: left;\n\t\t\t\tmargin-top: 10px;\n\t\t\t\ttext-align: center;\n\t\t\t\twidth: 33%;\n\t\t\t}\n\t\t\t#gallery-2 img {\n\t\t\t\tborder: 2px solid #cfcfcf;\n\t\t\t}\n\t\t\t#gallery-2 .gallery-caption {\n\t\t\t\tmargin-left: 0;\n\t\t\t}\n\t\t\t\/* see gallery_shortcode() in wp-includes\/media.php *\/\n\t\t<\/style>\n\t\t<div id='gallery-2' class='gallery galleryid-4584 gallery-columns-3 gallery-size-large'><dl class='gallery-item'>\n\t\t\t<dt class='gallery-icon landscape'>\n\t\t\t\t<a href='https:\/\/agora.xtec.cat\/escolapauvila\/portada\/dia-de-la-dona-a-2n\/attachment\/img_6315\/'><img loading=\"lazy\" decoding=\"async\" width=\"1024\" height=\"768\" src=\"https:\/\/agora.xtec.cat\/escolapauvila\/wp-content\/uploads\/usu1565\/2021\/03\/IMG_6315-1024x768.jpg\" class=\"attachment-large size-large\" alt=\"\" srcset=\"https:\/\/agora.xtec.cat\/escolapauvila\/wp-content\/uploads\/usu1565\/2021\/03\/IMG_6315-1024x768.jpg 1024w, https:\/\/agora.xtec.cat\/escolapauvila\/wp-content\/uploads\/usu1565\/2021\/03\/IMG_6315-300x225.jpg 300w, https:\/\/agora.xtec.cat\/escolapauvila\/wp-content\/uploads\/usu1565\/2021\/03\/IMG_6315-768x576.jpg 768w, https:\/\/agora.xtec.cat\/escolapauvila\/wp-content\/uploads\/usu1565\/2021\/03\/IMG_6315-200x150.jpg 200w\" sizes=\"auto, (max-width: 1024px) 100vw, 1024px\" \/><\/a>\n\t\t\t<\/dt><\/dl><dl class='gallery-item'>\n\t\t\t<dt class='gallery-icon landscape'>\n\t\t\t\t<a href='https:\/\/agora.xtec.cat\/escolapauvila\/portada\/dia-de-la-dona-a-2n\/attachment\/img_6334\/'><img loading=\"lazy\" decoding=\"async\" width=\"1024\" height=\"520\" src=\"https:\/\/agora.xtec.cat\/escolapauvila\/wp-content\/uploads\/usu1565\/2021\/03\/IMG_6334-e1615627381327-1024x520.jpg\" class=\"attachment-large size-large\" alt=\"\" aria-describedby=\"gallery-2-4596\" srcset=\"https:\/\/agora.xtec.cat\/escolapauvila\/wp-content\/uploads\/usu1565\/2021\/03\/IMG_6334-e1615627381327-1024x520.jpg 1024w, https:\/\/agora.xtec.cat\/escolapauvila\/wp-content\/uploads\/usu1565\/2021\/03\/IMG_6334-e1615627381327-300x152.jpg 300w, https:\/\/agora.xtec.cat\/escolapauvila\/wp-content\/uploads\/usu1565\/2021\/03\/IMG_6334-e1615627381327-768x390.jpg 768w\" sizes=\"auto, (max-width: 1024px) 100vw, 1024px\" \/><\/a>\n\t\t\t<\/dt>\n\t\t\t\t<dd class='wp-caption-text gallery-caption' id='gallery-2-4596'>\n\t\t\t\tMural de la classe de 2nB\n\t\t\t\t<\/dd><\/dl><dl class='gallery-item'>\n\t\t\t<dt class='gallery-icon landscape'>\n\t\t\t\t<a href='https:\/\/agora.xtec.cat\/escolapauvila\/portada\/dia-de-la-dona-a-2n\/attachment\/img_6316\/'><img loading=\"lazy\" decoding=\"async\" width=\"1024\" height=\"768\" src=\"https:\/\/agora.xtec.cat\/escolapauvila\/wp-content\/uploads\/usu1565\/2021\/03\/IMG_6316-1024x768.jpg\" class=\"attachment-large size-large\" alt=\"\" srcset=\"https:\/\/agora.xtec.cat\/escolapauvila\/wp-content\/uploads\/usu1565\/2021\/03\/IMG_6316-1024x768.jpg 1024w, https:\/\/agora.xtec.cat\/escolapauvila\/wp-content\/uploads\/usu1565\/2021\/03\/IMG_6316-300x225.jpg 300w, https:\/\/agora.xtec.cat\/escolapauvila\/wp-content\/uploads\/usu1565\/2021\/03\/IMG_6316-768x576.jpg 768w, https:\/\/agora.xtec.cat\/escolapauvila\/wp-content\/uploads\/usu1565\/2021\/03\/IMG_6316-200x150.jpg 200w\" sizes=\"auto, (max-width: 1024px) 100vw, 1024px\" \/><\/a>\n\t\t\t<\/dt><\/dl><br style=\"clear: both\" \/>\n\t\t<\/div>\n\n<table style=\"height: 278px; border-style: none; width: 925px;\" width=\"925\">\n<tbody>\n<tr>\n<td style=\"width: 307.578125px; border-style: none;\"><a href=\"https:\/\/agora.xtec.cat\/escolapauvila\/wp-content\/uploads\/usu1565\/2021\/03\/940BC0E2-3B53-4A28-81D7-F8B08441BCE1.jpeg\"><img loading=\"lazy\" decoding=\"async\" class=\"alignnone  wp-image-4615\" src=\"https:\/\/agora.xtec.cat\/escolapauvila\/wp-content\/uploads\/usu1565\/2021\/03\/940BC0E2-3B53-4A28-81D7-F8B08441BCE1-1024x768.jpeg\" alt=\"\" width=\"281\" height=\"211\" srcset=\"https:\/\/agora.xtec.cat\/escolapauvila\/wp-content\/uploads\/usu1565\/2021\/03\/940BC0E2-3B53-4A28-81D7-F8B08441BCE1-1024x768.jpeg 1024w, https:\/\/agora.xtec.cat\/escolapauvila\/wp-content\/uploads\/usu1565\/2021\/03\/940BC0E2-3B53-4A28-81D7-F8B08441BCE1-300x225.jpeg 300w, https:\/\/agora.xtec.cat\/escolapauvila\/wp-content\/uploads\/usu1565\/2021\/03\/940BC0E2-3B53-4A28-81D7-F8B08441BCE1-768x576.jpeg 768w, https:\/\/agora.xtec.cat\/escolapauvila\/wp-content\/uploads\/usu1565\/2021\/03\/940BC0E2-3B53-4A28-81D7-F8B08441BCE1-200x150.jpeg 200w\" sizes=\"auto, (max-width: 281px) 100vw, 281px\" \/><\/a><\/p>\n<p>Materials<\/td>\n<td style=\"width: 324.265625px; border-style: none;\"><a href=\"https:\/\/agora.xtec.cat\/escolapauvila\/wp-content\/uploads\/usu1565\/2021\/03\/08A0082A-58E9-4CF2-9FDF-2A03AB178B2F.jpeg\"><img loading=\"lazy\" decoding=\"async\" class=\"wp-image-4614 aligncenter\" src=\"https:\/\/agora.xtec.cat\/escolapauvila\/wp-content\/uploads\/usu1565\/2021\/03\/08A0082A-58E9-4CF2-9FDF-2A03AB178B2F-1024x768.jpeg\" alt=\"\" width=\"310\" height=\"233\" srcset=\"https:\/\/agora.xtec.cat\/escolapauvila\/wp-content\/uploads\/usu1565\/2021\/03\/08A0082A-58E9-4CF2-9FDF-2A03AB178B2F-1024x768.jpeg 1024w, https:\/\/agora.xtec.cat\/escolapauvila\/wp-content\/uploads\/usu1565\/2021\/03\/08A0082A-58E9-4CF2-9FDF-2A03AB178B2F-300x225.jpeg 300w, https:\/\/agora.xtec.cat\/escolapauvila\/wp-content\/uploads\/usu1565\/2021\/03\/08A0082A-58E9-4CF2-9FDF-2A03AB178B2F-768x576.jpeg 768w, https:\/\/agora.xtec.cat\/escolapauvila\/wp-content\/uploads\/usu1565\/2021\/03\/08A0082A-58E9-4CF2-9FDF-2A03AB178B2F-200x150.jpeg 200w\" sizes=\"auto, (max-width: 310px) 100vw, 310px\" \/><\/a>\u00a0 \u00a0 \u00a0 \u00a0 \u00a0 \u00a0 \u00a0 \u00a0 \u00a0 \u00a0 \u00a0 \u00a0 \u00a0 \u00a0 \u00a0 \u00a0 \u00a0 \u00a0 \u00a0 \u00a0 \u00a0 \u00a0 \u00a0 \u00a0 \u00a0 \u00a0 \u00a0 \u00a0 \u00a0 \u00a0 \u00a0 \u00a0 \u00a0 \u00a0 \u00a0 \u00a0 \u00a0 \u00a0 \u00a0 \u00a0 \u00a0 \u00a0 \u00a0 \u00a0 \u00a0 \u00a0 \u00a0 \u00a0 \u00a0 \u00a0 Proposta art\u00edstica 2n C<\/td>\n<td style=\"width: 283.171875px; border-style: none;\"><a href=\"https:\/\/agora.xtec.cat\/escolapauvila\/wp-content\/uploads\/usu1565\/2021\/03\/8FD9C705-82D0-46B8-8DEA-EBBF4855FD38-copia-e1615633630333.jpeg\"><img loading=\"lazy\" decoding=\"async\" class=\"alignnone wp-image-4616 \" src=\"https:\/\/agora.xtec.cat\/escolapauvila\/wp-content\/uploads\/usu1565\/2021\/03\/8FD9C705-82D0-46B8-8DEA-EBBF4855FD38-copia-e1615633630333-1024x573.jpeg\" alt=\"\" width=\"294\" height=\"165\" srcset=\"https:\/\/agora.xtec.cat\/escolapauvila\/wp-content\/uploads\/usu1565\/2021\/03\/8FD9C705-82D0-46B8-8DEA-EBBF4855FD38-copia-e1615633630333-1024x573.jpeg 1024w, https:\/\/agora.xtec.cat\/escolapauvila\/wp-content\/uploads\/usu1565\/2021\/03\/8FD9C705-82D0-46B8-8DEA-EBBF4855FD38-copia-e1615633630333-300x168.jpeg 300w, https:\/\/agora.xtec.cat\/escolapauvila\/wp-content\/uploads\/usu1565\/2021\/03\/8FD9C705-82D0-46B8-8DEA-EBBF4855FD38-copia-e1615633630333-768x430.jpeg 768w\" sizes=\"auto, (max-width: 294px) 100vw, 294px\" \/><\/a><\/p>\n<p>Moments viscuts<\/td>\n<\/tr>\n<\/tbody>\n<\/table>\n<p><a href=\"https:\/\/agora.xtec.cat\/escolapauvila\/wp-content\/uploads\/usu1565\/2021\/03\/20210308_115141.jpg\"><img loading=\"lazy\" decoding=\"async\" class=\"aligncenter wp-image-4601 size-medium\" src=\"https:\/\/agora.xtec.cat\/escolapauvila\/wp-content\/uploads\/usu1565\/2021\/03\/20210308_115141-300x225.jpg\" alt=\"\" width=\"300\" height=\"225\" srcset=\"https:\/\/agora.xtec.cat\/escolapauvila\/wp-content\/uploads\/usu1565\/2021\/03\/20210308_115141-300x225.jpg 300w, https:\/\/agora.xtec.cat\/escolapauvila\/wp-content\/uploads\/usu1565\/2021\/03\/20210308_115141-768x576.jpg 768w, https:\/\/agora.xtec.cat\/escolapauvila\/wp-content\/uploads\/usu1565\/2021\/03\/20210308_115141-1024x768.jpg 1024w, https:\/\/agora.xtec.cat\/escolapauvila\/wp-content\/uploads\/usu1565\/2021\/03\/20210308_115141-200x150.jpg 200w\" sizes=\"auto, (max-width: 300px) 100vw, 300px\" \/><\/a><\/p>\n\n\t\t<style type=\"text\/css\">\n\t\t\t#gallery-3 {\n\t\t\t\tmargin: auto;\n\t\t\t}\n\t\t\t#gallery-3 .gallery-item {\n\t\t\t\tfloat: left;\n\t\t\t\tmargin-top: 10px;\n\t\t\t\ttext-align: center;\n\t\t\t\twidth: 100%;\n\t\t\t}\n\t\t\t#gallery-3 img {\n\t\t\t\tborder: 2px solid #cfcfcf;\n\t\t\t}\n\t\t\t#gallery-3 .gallery-caption {\n\t\t\t\tmargin-left: 0;\n\t\t\t}\n\t\t\t\/* see gallery_shortcode() in wp-includes\/media.php *\/\n\t\t<\/style>\n\t\t<div id='gallery-3' class='gallery galleryid-4584 gallery-columns-1 gallery-size-medium'><dl class='gallery-item'>\n\t\t\t<dt class='gallery-icon landscape'>\n\t\t\t\t<a href='https:\/\/agora.xtec.cat\/escolapauvila\/portada\/dia-de-la-dona-a-2n\/attachment\/20210308_114337\/'><img loading=\"lazy\" decoding=\"async\" width=\"300\" height=\"225\" src=\"https:\/\/agora.xtec.cat\/escolapauvila\/wp-content\/uploads\/usu1565\/2021\/03\/20210308_114337-300x225.jpg\" class=\"attachment-medium size-medium\" alt=\"\" aria-describedby=\"gallery-3-4602\" srcset=\"https:\/\/agora.xtec.cat\/escolapauvila\/wp-content\/uploads\/usu1565\/2021\/03\/20210308_114337-300x225.jpg 300w, https:\/\/agora.xtec.cat\/escolapauvila\/wp-content\/uploads\/usu1565\/2021\/03\/20210308_114337-768x576.jpg 768w, https:\/\/agora.xtec.cat\/escolapauvila\/wp-content\/uploads\/usu1565\/2021\/03\/20210308_114337-1024x768.jpg 1024w, https:\/\/agora.xtec.cat\/escolapauvila\/wp-content\/uploads\/usu1565\/2021\/03\/20210308_114337-200x150.jpg 200w\" sizes=\"auto, (max-width: 300px) 100vw, 300px\" \/><\/a>\n\t\t\t<\/dt>\n\t\t\t\t<dd class='wp-caption-text gallery-caption' id='gallery-3-4602'>\n\t\t\t\tS\u00edmbol de la dona amb el nostre cos.\n\t\t\t\t<\/dd><\/dl><br style=\"clear: both\" \/>\n\t\t<\/div>\n\n<p>A continuaci\u00f3 us deixem els enlla\u00e7os dels tres grups amb imatges d&#8217;aquesta activitat.<\/p>\n<p><a href=\"https:\/\/photos.app.goo.gl\/cFn6po7aLTegBJgi9\">Imatges<\/a> de la classe de la Hist\u00f2ria<\/p>\n<p><a href=\"https:\/\/photos.app.goo.gl\/Q48cSwj1nK2hYGsv9\">Imatges<\/a> de la classe de l&#8217;Univers.<\/p>\n<p><a href=\"https:\/\/photos.app.goo.gl\/TGyNsBKW7MTCGTadA\">Imatges<\/a> de la classe dels Oficis.<\/p>\n<p style=\"text-align: left;\">Desitgem que les gaudiu!<\/p>\n<p style=\"text-align: left;\">Una abra\u00e7ada!<\/p>\n","protected":false},"excerpt":{"rendered":"<p><a href=\"https:\/\/agora.xtec.cat\/escolapauvila\/wp-content\/uploads\/usu1565\/2021\/03\/Imagen-1.jpg\"><\/a><br \/>\nEl passat 8 de mar\u00e7 les classes de 2n vam realitzar una activitat de sensibilitzaci\u00f3, valoraci\u00f3 i coneixement del significat del dia de la dona.<br \/>\nPer dur-la a terme primer vam fer una mica de reflexi\u00f3 i posada en com\u00fa del significat d&#8217;aquesta data, compartint&hellip;  <a href=\"https:\/\/agora.xtec.cat\/escolapauvila\/portada\/dia-de-la-dona-a-2n\/\" title=\"Read DIA DE LA DONA A 2n\">Llegeix m\u00e9s\u00bb<\/a><\/p>\n","protected":false},"author":1,"featured_media":4596,"comment_status":"open","ping_status":"closed","sticky":false,"template":"","format":"standard","meta":{"_bbp_topic_count":0,"_bbp_reply_count":0,"_bbp_total_topic_count":0,"_bbp_total_reply_count":0,"_bbp_voice_count":0,"_bbp_anonymous_reply_count":0,"_bbp_topic_count_hidden":0,"_bbp_reply_count_hidden":0,"_bbp_forum_subforum_count":0,"footnotes":""},"categories":[11,5,4],"tags":[86,80,82,81],"class_list":["post-4584","post","type-post","status-publish","format-standard","has-post-thumbnail","hentry","category-2n","category-mitjans","category-portada","tag-2a20-21","tag-2b20-21","tag-2c20-21","tag-nascuts2013"],"post_mailing_queue_ids":[],"_links":{"self":[{"href":"https:\/\/agora.xtec.cat\/escolapauvila\/wp-json\/wp\/v2\/posts\/4584","targetHints":{"allow":["GET"]}}],"collection":[{"href":"https:\/\/agora.xtec.cat\/escolapauvila\/wp-json\/wp\/v2\/posts"}],"about":[{"href":"https:\/\/agora.xtec.cat\/escolapauvila\/wp-json\/wp\/v2\/types\/post"}],"author":[{"embeddable":true,"href":"https:\/\/agora.xtec.cat\/escolapauvila\/wp-json\/wp\/v2\/users\/1"}],"replies":[{"embeddable":true,"href":"https:\/\/agora.xtec.cat\/escolapauvila\/wp-json\/wp\/v2\/comments?post=4584"}],"version-history":[{"count":4,"href":"https:\/\/agora.xtec.cat\/escolapauvila\/wp-json\/wp\/v2\/posts\/4584\/revisions"}],"predecessor-version":[{"id":4619,"href":"https:\/\/agora.xtec.cat\/escolapauvila\/wp-json\/wp\/v2\/posts\/4584\/revisions\/4619"}],"wp:featuredmedia":[{"embeddable":true,"href":"https:\/\/agora.xtec.cat\/escolapauvila\/wp-json\/wp\/v2\/media\/4596"}],"wp:attachment":[{"href":"https:\/\/agora.xtec.cat\/escolapauvila\/wp-json\/wp\/v2\/media?parent=4584"}],"wp:term":[{"taxonomy":"category","embeddable":true,"href":"https:\/\/agora.xtec.cat\/escolapauvila\/wp-json\/wp\/v2\/categories?post=4584"},{"taxonomy":"post_tag","embeddable":true,"href":"https:\/\/agora.xtec.cat\/escolapauvila\/wp-json\/wp\/v2\/tags?post=4584"}],"curies":[{"name":"wp","href":"https:\/\/api.w.org\/{rel}","templated":true}]}}