{"id":4567,"date":"2021-03-12T10:37:28","date_gmt":"2021-03-12T09:37:28","guid":{"rendered":"https:\/\/agora.xtec.cat\/escolapauvila\/?p=4567"},"modified":"2021-03-12T10:37:28","modified_gmt":"2021-03-12T09:37:28","slug":"autoinforme","status":"publish","type":"post","link":"https:\/\/agora.xtec.cat\/escolapauvila\/grans\/6e\/autoinforme\/","title":{"rendered":"Autoinforme"},"content":{"rendered":"<p><img decoding=\"async\" class=\"aligncenter\" src=\"https:\/\/r69.cooltext.com\/rendered\/cooltext378865250108614.png\" \/><\/p>\n<p>Ja s&#8217;acaba el segon trimestre. Llavors es hora de fer l&#8217;auto informe. Aquest divendres 12 de mar\u00e7 a la classe de 6\u00e8B hem comen\u00e7at a fer l&#8217;autoinforme. Aixo serveix per autoavaluar-nos a nosaltres mateixos de el nostre comportament, del que fem, com s\u00f3m&#8230;<\/p>\n<p>Aquest autoinforme ho fem tots els cursos desde 1r de primaria fins a 6\u00e8 de primaria.<\/p>\n<p>L&#8217;ultim dia del trimestre aquest autoinforme ens ho emportem a casa nostre i li ensenyem als nostres pares i si tenen algun dubte poden fer comentaris al full que ni ha al final.<\/p>\n<p>&nbsp;<\/p>\n<p>.<\/p>\n<p>&nbsp;<\/p>\n","protected":false},"excerpt":{"rendered":"<p>Ja s&#8217;acaba el segon trimestre. Llavors es hora de fer l&#8217;auto informe. Aquest divendres 12 de mar\u00e7 a la classe de 6\u00e8B hem comen\u00e7at a fer l&#8217;autoinforme. Aixo serveix per autoavaluar-nos a nosaltres mateixos de el nostre comportament, del que fem, com s\u00f3m&#8230;<br \/>\nAquest autoinforme ho&hellip;  <a href=\"https:\/\/agora.xtec.cat\/escolapauvila\/grans\/6e\/autoinforme\/\" title=\"Read Autoinforme\">Llegeix m\u00e9s\u00bb<\/a><\/p>\n","protected":false},"author":1,"featured_media":0,"comment_status":"open","ping_status":"closed","sticky":false,"template":"","format":"standard","meta":{"_bbp_topic_count":0,"_bbp_reply_count":0,"_bbp_total_topic_count":0,"_bbp_total_reply_count":0,"_bbp_voice_count":0,"_bbp_anonymous_reply_count":0,"_bbp_topic_count_hidden":0,"_bbp_reply_count_hidden":0,"_bbp_forum_subforum_count":0,"footnotes":""},"categories":[15,61],"tags":[],"class_list":["post-4567","post","type-post","status-publish","format-standard","hentry","category-6e","category-grans"],"post_mailing_queue_ids":[],"_links":{"self":[{"href":"https:\/\/agora.xtec.cat\/escolapauvila\/wp-json\/wp\/v2\/posts\/4567","targetHints":{"allow":["GET"]}}],"collection":[{"href":"https:\/\/agora.xtec.cat\/escolapauvila\/wp-json\/wp\/v2\/posts"}],"about":[{"href":"https:\/\/agora.xtec.cat\/escolapauvila\/wp-json\/wp\/v2\/types\/post"}],"author":[{"embeddable":true,"href":"https:\/\/agora.xtec.cat\/escolapauvila\/wp-json\/wp\/v2\/users\/1"}],"replies":[{"embeddable":true,"href":"https:\/\/agora.xtec.cat\/escolapauvila\/wp-json\/wp\/v2\/comments?post=4567"}],"version-history":[{"count":2,"href":"https:\/\/agora.xtec.cat\/escolapauvila\/wp-json\/wp\/v2\/posts\/4567\/revisions"}],"predecessor-version":[{"id":4571,"href":"https:\/\/agora.xtec.cat\/escolapauvila\/wp-json\/wp\/v2\/posts\/4567\/revisions\/4571"}],"wp:attachment":[{"href":"https:\/\/agora.xtec.cat\/escolapauvila\/wp-json\/wp\/v2\/media?parent=4567"}],"wp:term":[{"taxonomy":"category","embeddable":true,"href":"https:\/\/agora.xtec.cat\/escolapauvila\/wp-json\/wp\/v2\/categories?post=4567"},{"taxonomy":"post_tag","embeddable":true,"href":"https:\/\/agora.xtec.cat\/escolapauvila\/wp-json\/wp\/v2\/tags?post=4567"}],"curies":[{"name":"wp","href":"https:\/\/api.w.org\/{rel}","templated":true}]}}