{"id":4547,"date":"2021-03-11T15:50:28","date_gmt":"2021-03-11T14:50:28","guid":{"rendered":"https:\/\/agora.xtec.cat\/escolapauvila\/?p=4547"},"modified":"2021-03-11T15:50:28","modified_gmt":"2021-03-11T14:50:28","slug":"lapbooks-a-medi-social","status":"publish","type":"post","link":"https:\/\/agora.xtec.cat\/escolapauvila\/general\/lapbooks-a-medi-social\/","title":{"rendered":"LAPBOOKS A MEDI SOCIAL"},"content":{"rendered":"<p>El 25 de gener vam comen\u00e7ar un nou projecte per parelles o per trios.Primer de tot vam escollir les parelles o els trios,despr\u00e9s la Paola ens va deixar escollir la Comunitat Aut\u00f2noma que vol\u00edem d&#8217;Espanya menys Catalunya perqu\u00e8 sino seria molt f\u00e0cil perqu\u00e8 es a la Comunitat on vivim i perqu\u00e8 la vam estudiar a cinqu\u00e8. Junt amb la nostra parella hav\u00edem de fer un Lapbook. Un Lapbook \u00e9s com un llibre amb molta informaci\u00f3 i si vols ho pots decorar amb dibuixos,fotos i material creatiu.<\/p>\n<p>Al Lapbook hav\u00edem de ficar informaci\u00f3 sobre la nostra CCAA,per exemple: els monuments importants,el menjar t\u00edpic, la bandera de la CCAA,el clima,el seu dia festiu, els sectors econ\u00f2mics,els transports,els rius i vessants,el relleu,la seva capital,les seves provincies i per \u00faltim el ball\/dansa tradicional. A m\u00fasica tamb\u00e9 hem de fer l&#8217; instrument d&#8217;aquella CCAA per ensenyar-ho a la classe i a m\u00e9s a m\u00e9s, hem de practicar el ball tradicional de la CCAA per despr\u00e9s representar-lo davant de la classe. Un cop hem exposat els Lapbooks al llarg d&#8217;aquesta setmana, vam fer unes preguntes que els companys i les companyes de la classe havien de contestar per veure si han prestat atenci\u00f3. I per \u00faltim vam fer un examen de la nostra CCAA per veure el que hav\u00edem apr\u00e8s.<\/p>\n<p>&nbsp;<\/p>\n<p>&nbsp;<\/p>\n","protected":false},"excerpt":{"rendered":"<p>El 25 de gener vam comen\u00e7ar un nou projecte per parelles o per trios.Primer de tot vam escollir les parelles o els trios,despr\u00e9s la Paola ens va deixar escollir la Comunitat Aut\u00f2noma que vol\u00edem d&#8217;Espanya menys Catalunya perqu\u00e8 sino seria molt f\u00e0cil perqu\u00e8 es a&hellip;  <a href=\"https:\/\/agora.xtec.cat\/escolapauvila\/general\/lapbooks-a-medi-social\/\" title=\"Read LAPBOOKS A MEDI SOCIAL\">Llegeix m\u00e9s\u00bb<\/a><\/p>\n","protected":false},"author":1,"featured_media":0,"comment_status":"open","ping_status":"closed","sticky":false,"template":"","format":"standard","meta":{"_bbp_topic_count":0,"_bbp_reply_count":0,"_bbp_total_topic_count":0,"_bbp_total_reply_count":0,"_bbp_voice_count":0,"_bbp_anonymous_reply_count":0,"_bbp_topic_count_hidden":0,"_bbp_reply_count_hidden":0,"_bbp_forum_subforum_count":0,"footnotes":""},"categories":[15,61,1],"tags":[154,93],"class_list":["post-4547","post","type-post","status-publish","format-standard","hentry","category-6e","category-grans","category-general","tag-6ec","tag-nascuts2009"],"post_mailing_queue_ids":[],"_links":{"self":[{"href":"https:\/\/agora.xtec.cat\/escolapauvila\/wp-json\/wp\/v2\/posts\/4547","targetHints":{"allow":["GET"]}}],"collection":[{"href":"https:\/\/agora.xtec.cat\/escolapauvila\/wp-json\/wp\/v2\/posts"}],"about":[{"href":"https:\/\/agora.xtec.cat\/escolapauvila\/wp-json\/wp\/v2\/types\/post"}],"author":[{"embeddable":true,"href":"https:\/\/agora.xtec.cat\/escolapauvila\/wp-json\/wp\/v2\/users\/1"}],"replies":[{"embeddable":true,"href":"https:\/\/agora.xtec.cat\/escolapauvila\/wp-json\/wp\/v2\/comments?post=4547"}],"version-history":[{"count":1,"href":"https:\/\/agora.xtec.cat\/escolapauvila\/wp-json\/wp\/v2\/posts\/4547\/revisions"}],"predecessor-version":[{"id":4549,"href":"https:\/\/agora.xtec.cat\/escolapauvila\/wp-json\/wp\/v2\/posts\/4547\/revisions\/4549"}],"wp:attachment":[{"href":"https:\/\/agora.xtec.cat\/escolapauvila\/wp-json\/wp\/v2\/media?parent=4547"}],"wp:term":[{"taxonomy":"category","embeddable":true,"href":"https:\/\/agora.xtec.cat\/escolapauvila\/wp-json\/wp\/v2\/categories?post=4547"},{"taxonomy":"post_tag","embeddable":true,"href":"https:\/\/agora.xtec.cat\/escolapauvila\/wp-json\/wp\/v2\/tags?post=4547"}],"curies":[{"name":"wp","href":"https:\/\/api.w.org\/{rel}","templated":true}]}}