{"id":4426,"date":"2021-03-05T19:20:51","date_gmt":"2021-03-05T18:20:51","guid":{"rendered":"https:\/\/agora.xtec.cat\/escolapauvila\/?p=4426"},"modified":"2021-03-05T21:44:33","modified_gmt":"2021-03-05T20:44:33","slug":"lincreible-poder-de-lexperimentacio-a-laula","status":"publish","type":"post","link":"https:\/\/agora.xtec.cat\/escolapauvila\/general\/lincreible-poder-de-lexperimentacio-a-laula\/","title":{"rendered":"L&#8217;INCRE\u00cfBLE PODER DE L&#8217;EXPERIMENTACI\u00d3 A L&#8217;AULA"},"content":{"rendered":"<p><span style=\"font-size: 32px;\"><strong>L&#8217;INCRE\u00cfBLE PODER DE L&#8217;EXPERIMENTACI\u00d3 A L&#8217;AULA<\/strong><\/span><\/p>\n<p>US FEM ARRIBAR UN <span style=\"font-size: 24px;\">RECULL D&#8217;EXPERIMENTS<\/span> QUE HEM FET A DINS DE L&#8217;AULA.<\/p>\n<p><strong><span style=\"font-size: 36px; color: #993366;\">NEU ARTIFICIAL\u00a0<\/span><\/strong><\/p>\n<p><strong>QUAN INICIEM UN EXPERIMENT OBSERVEM EL MATERIAL QUE TENIM.\u00a0\u00a0<\/strong><\/p>\n<p>BICARBONAT\u00a0 \u00a0 \u00a0 \u00a0 \u00a0 \u00a0 \u00a0 \u00a0 \u00a0 \u00a0 \u00a0 \u00a0 \u00a0 \u00a0 \u00a0 \u00a0 \u00a0 \u00a0 \u00a0 \u00a0 \u00a0 \u00a0 \u00a0 \u00a0 \u00a0 \u00a0 \u00a0 \u00a0 \u00a0 \u00a0 \u00a0 \u00a0 \u00a0 \u00a0 \u00a0AIGUA<\/p>\n<p><img loading=\"lazy\" decoding=\"async\" class=\"\" src=\"https:\/\/www.elnacional.cat\/uploads\/s1\/89\/45\/78\/3\/bicarbonato-pixabay.jpeg\" alt=\"El bicarbonat podria servir com a remei per a malalties inflamat\u00f2ries com l'artritis\" width=\"354\" height=\"354\" \/> <img loading=\"lazy\" decoding=\"async\" class=\"\" src=\"https:\/\/lh3.googleusercontent.com\/proxy\/z6TL1HSH6RIIzaxJbD_n1qfJLH5GyN5UtW_ef9vYhYK3xNEWr_J4daJ5BWj5v15Mf0fWFxsXyTVxIGJefk5k\" alt=\"Got aigua ~ Lidia Salas Ros\" width=\"275\" height=\"311\" \/><\/p>\n<p><span style=\"font-size: 24px;\"><b>QU\u00c8 \u00c9S AIX\u00d2? (BICARBONAT)<\/b><\/span><\/p>\n<p><span style=\"font-weight: 400;\">-\u201d\u00c9S FARINA\u201d.<\/span><\/p>\n<p><span style=\"font-weight: 400;\">&#8211; \u201cSAL\u201d.<\/span><\/p>\n<p><span style=\"font-weight: 400;\">&#8211; \u201cSUCRE\u201d.<\/span><\/p>\n<p><span style=\"font-weight: 400;\">-\u201d POLVOS\u201d.<\/span><\/p>\n<p><span style=\"font-size: 24px;\"><strong>FEM HIP\u00d2TESIS. QU\u00c8 PASSAR\u00c0 EN LA BARREJA DELS DIFERENTS MATERIALS .<\/strong><\/span><\/p>\n<p><strong><span style=\"font-size: 16px;\">ABOQUEM EL BICARBONAT DINS D&#8217;UNA SAFATA<\/span><\/strong><\/p>\n<p><span style=\"font-weight: 400;\"><a href=\"https:\/\/agora.xtec.cat\/escolapauvila\/wp-content\/uploads\/usu1565\/2021\/03\/evocar-el-bicarbonat.jpg\"><img loading=\"lazy\" decoding=\"async\" class=\"alignnone size-large wp-image-4449\" src=\"https:\/\/agora.xtec.cat\/escolapauvila\/wp-content\/uploads\/usu1565\/2021\/03\/evocar-el-bicarbonat-1024x768.jpg\" alt=\"\" width=\"1024\" height=\"768\" srcset=\"https:\/\/agora.xtec.cat\/escolapauvila\/wp-content\/uploads\/usu1565\/2021\/03\/evocar-el-bicarbonat-1024x768.jpg 1024w, https:\/\/agora.xtec.cat\/escolapauvila\/wp-content\/uploads\/usu1565\/2021\/03\/evocar-el-bicarbonat-300x225.jpg 300w, https:\/\/agora.xtec.cat\/escolapauvila\/wp-content\/uploads\/usu1565\/2021\/03\/evocar-el-bicarbonat-768x576.jpg 768w, https:\/\/agora.xtec.cat\/escolapauvila\/wp-content\/uploads\/usu1565\/2021\/03\/evocar-el-bicarbonat-200x150.jpg 200w\" sizes=\"auto, (max-width: 1024px) 100vw, 1024px\" \/><\/a><\/span><\/p>\n<p><strong>MANIPULEM EL BICARBONAT I PREGUNTEM QUINA SENSACI\u00d3 SENTEN: \u00c9S FINET, \u00c9S BLANC, \u00c9S SUAU.<\/strong><\/p>\n<p><a href=\"https:\/\/agora.xtec.cat\/escolapauvila\/wp-content\/uploads\/usu1565\/2021\/03\/tirem-aigua.jpg\"><img loading=\"lazy\" decoding=\"async\" class=\"alignnone size-large wp-image-4450\" src=\"https:\/\/agora.xtec.cat\/escolapauvila\/wp-content\/uploads\/usu1565\/2021\/03\/tirem-aigua-1024x768.jpg\" alt=\"\" width=\"1024\" height=\"768\" srcset=\"https:\/\/agora.xtec.cat\/escolapauvila\/wp-content\/uploads\/usu1565\/2021\/03\/tirem-aigua-1024x768.jpg 1024w, https:\/\/agora.xtec.cat\/escolapauvila\/wp-content\/uploads\/usu1565\/2021\/03\/tirem-aigua-300x225.jpg 300w, https:\/\/agora.xtec.cat\/escolapauvila\/wp-content\/uploads\/usu1565\/2021\/03\/tirem-aigua-768x576.jpg 768w, https:\/\/agora.xtec.cat\/escolapauvila\/wp-content\/uploads\/usu1565\/2021\/03\/tirem-aigua-200x150.jpg 200w\" sizes=\"auto, (max-width: 1024px) 100vw, 1024px\" \/><\/a><\/p>\n<p><strong><span style=\"font-size: 16px;\">ABANS D&#8217;ABOCAR\u00a0 L&#8217;AIGUA<\/span><\/strong><\/p>\n<p><span style=\"font-size: 24px;\"><b>QU\u00c8 CREIEU QUE PASSAR\u00c0 QUAN AFEGIM AIGUA AL BICARBONAT?<\/b><\/span><\/p>\n<ul>\n<li style=\"font-weight: 400;\" aria-level=\"1\"><span style=\"font-weight: 400;\">\u201cES FAR\u00c0 MOLT GRAN\u201d!<\/span><\/li>\n<li style=\"font-weight: 400;\" aria-level=\"1\"><span style=\"font-weight: 400;\">\u201cES POSAR\u00c0 L\u2019AIGUA BLANCA\u201d<\/span><\/li>\n<li style=\"font-weight: 400;\" aria-level=\"1\"><span style=\"font-weight: 400;\">\u201cEXPLOTAR\u00c0\u201d<\/span><\/li>\n<li style=\"font-weight: 400;\" aria-level=\"1\"><span style=\"font-weight: 400;\">\u201cUN INFANT FA EL GEST AMB LES MANS I BRA\u00c7OS AMUNT \u201c<\/span><\/li>\n<li style=\"font-weight: 400;\" aria-level=\"1\"><span style=\"font-weight: 400;\">\u201cFAR\u00c0 M\u00c0GIA\u201d.<\/span><\/li>\n<li style=\"font-weight: 400;\" aria-level=\"1\"><span style=\"font-weight: 400;\">\u201c ES FAR\u00c0 COM UNA SAL\u201d.<\/span><\/li>\n<li style=\"font-weight: 400;\" aria-level=\"1\"><span style=\"font-weight: 400;\">\u201c L\u2019AIGUA FAR\u00c0 UN ARC DE SANT MART\u00cd\u201d<\/span><\/li>\n<li style=\"font-weight: 400;\" aria-level=\"1\"><span style=\"font-weight: 400;\">\u201cQUAN TIREM L\u2019AIGUA ES FAR\u00c0 UN PEIX\u201d.<\/span><\/li>\n<li style=\"font-weight: 400;\" aria-level=\"1\"><span style=\"font-weight: 400;\">\u201cES FORMAR\u00c0 M\u00c9S AIGUA\u201d.<\/span><\/li>\n<li style=\"font-weight: 400;\" aria-level=\"1\"><span style=\"font-weight: 400;\">\u201cPOTSER ES CONVERTIR\u00c0 EN UN SALTAMART\u00cd\u201d<\/span><\/li>\n<\/ul>\n<p><a href=\"https:\/\/agora.xtec.cat\/escolapauvila\/wp-content\/uploads\/usu1565\/2021\/03\/barregem.jpg\"><img loading=\"lazy\" decoding=\"async\" class=\"alignnone size-large wp-image-4451\" src=\"https:\/\/agora.xtec.cat\/escolapauvila\/wp-content\/uploads\/usu1565\/2021\/03\/barregem-1024x768.jpg\" alt=\"\" width=\"1024\" height=\"768\" srcset=\"https:\/\/agora.xtec.cat\/escolapauvila\/wp-content\/uploads\/usu1565\/2021\/03\/barregem-1024x768.jpg 1024w, https:\/\/agora.xtec.cat\/escolapauvila\/wp-content\/uploads\/usu1565\/2021\/03\/barregem-300x225.jpg 300w, https:\/\/agora.xtec.cat\/escolapauvila\/wp-content\/uploads\/usu1565\/2021\/03\/barregem-768x576.jpg 768w, https:\/\/agora.xtec.cat\/escolapauvila\/wp-content\/uploads\/usu1565\/2021\/03\/barregem-200x150.jpg 200w\" sizes=\"auto, (max-width: 1024px) 100vw, 1024px\" \/><\/a><\/p>\n<p><span style=\"font-size: 24px;\"><b>QU\u00c8 EST\u00c0 PASSANT?<\/b><\/span><\/p>\n<ul>\n<li style=\"font-weight: 400;\" aria-level=\"1\"><span style=\"font-weight: 400;\">\u201cS\u2019EST\u00c0 FENT UN FORAT!\u201d<\/span><\/li>\n<li style=\"font-weight: 400;\" aria-level=\"1\"><span style=\"font-weight: 400;\">\u201cES MULLA\u201d.<\/span><\/li>\n<\/ul>\n<p><span style=\"font-size: 24px;\"><b>UN COP EL BARREGEM&#8230; UNA NENA EMOCIONADA DIU\u00a0<\/b><\/span><\/p>\n<ul>\n<li style=\"font-weight: 400;\" aria-level=\"1\"><span style=\"font-weight: 400;\">\u201c\u00c9S NEU!!!\u201d<\/span><\/li>\n<\/ul>\n<p><a href=\"https:\/\/agora.xtec.cat\/escolapauvila\/wp-content\/uploads\/usu1565\/2021\/03\/notem-la-seva-textura.jpg\"><img loading=\"lazy\" decoding=\"async\" class=\"alignnone size-large wp-image-4452\" src=\"https:\/\/agora.xtec.cat\/escolapauvila\/wp-content\/uploads\/usu1565\/2021\/03\/notem-la-seva-textura-1024x768.jpg\" alt=\"\" width=\"1024\" height=\"768\" srcset=\"https:\/\/agora.xtec.cat\/escolapauvila\/wp-content\/uploads\/usu1565\/2021\/03\/notem-la-seva-textura-1024x768.jpg 1024w, https:\/\/agora.xtec.cat\/escolapauvila\/wp-content\/uploads\/usu1565\/2021\/03\/notem-la-seva-textura-300x225.jpg 300w, https:\/\/agora.xtec.cat\/escolapauvila\/wp-content\/uploads\/usu1565\/2021\/03\/notem-la-seva-textura-768x576.jpg 768w, https:\/\/agora.xtec.cat\/escolapauvila\/wp-content\/uploads\/usu1565\/2021\/03\/notem-la-seva-textura-200x150.jpg 200w\" sizes=\"auto, (max-width: 1024px) 100vw, 1024px\" \/><\/a> <a href=\"https:\/\/agora.xtec.cat\/escolapauvila\/wp-content\/uploads\/usu1565\/2021\/03\/experimentem-amb-un-rac\u00f3.jpg\"><img loading=\"lazy\" decoding=\"async\" class=\"alignnone size-large wp-image-4453\" src=\"https:\/\/agora.xtec.cat\/escolapauvila\/wp-content\/uploads\/usu1565\/2021\/03\/experimentem-amb-un-rac\u00f3-1024x768.jpg\" alt=\"\" width=\"1024\" height=\"768\" srcset=\"https:\/\/agora.xtec.cat\/escolapauvila\/wp-content\/uploads\/usu1565\/2021\/03\/experimentem-amb-un-rac\u00f3-1024x768.jpg 1024w, https:\/\/agora.xtec.cat\/escolapauvila\/wp-content\/uploads\/usu1565\/2021\/03\/experimentem-amb-un-rac\u00f3-300x225.jpg 300w, https:\/\/agora.xtec.cat\/escolapauvila\/wp-content\/uploads\/usu1565\/2021\/03\/experimentem-amb-un-rac\u00f3-768x576.jpg 768w, https:\/\/agora.xtec.cat\/escolapauvila\/wp-content\/uploads\/usu1565\/2021\/03\/experimentem-amb-un-rac\u00f3-200x150.jpg 200w\" sizes=\"auto, (max-width: 1024px) 100vw, 1024px\" \/><\/a><\/p>\n<p><strong><span style=\"font-size: 16px;\">APROFITEM PER JUGAR-HI I EXPERIMENTAR DURANT LES ESTONES DE RACONS<\/span><\/strong><\/p>\n<p><a href=\"https:\/\/agora.xtec.cat\/escolapauvila\/wp-content\/uploads\/usu1565\/2021\/03\/fent-un-castell-amb-neu-artificial.jpg\"><img loading=\"lazy\" decoding=\"async\" class=\"alignnone size-large wp-image-4454\" src=\"https:\/\/agora.xtec.cat\/escolapauvila\/wp-content\/uploads\/usu1565\/2021\/03\/fent-un-castell-amb-neu-artificial-1024x768.jpg\" alt=\"\" width=\"1024\" height=\"768\" srcset=\"https:\/\/agora.xtec.cat\/escolapauvila\/wp-content\/uploads\/usu1565\/2021\/03\/fent-un-castell-amb-neu-artificial-1024x768.jpg 1024w, https:\/\/agora.xtec.cat\/escolapauvila\/wp-content\/uploads\/usu1565\/2021\/03\/fent-un-castell-amb-neu-artificial-300x225.jpg 300w, https:\/\/agora.xtec.cat\/escolapauvila\/wp-content\/uploads\/usu1565\/2021\/03\/fent-un-castell-amb-neu-artificial-768x576.jpg 768w, https:\/\/agora.xtec.cat\/escolapauvila\/wp-content\/uploads\/usu1565\/2021\/03\/fent-un-castell-amb-neu-artificial-200x150.jpg 200w\" sizes=\"auto, (max-width: 1024px) 100vw, 1024px\" \/><\/a><\/p>\n<p>&nbsp;<\/p>\n<p><span style=\"font-size: 36px;\"><strong> <span style=\"color: #800080;\">LLIMONA EN ERUPCI\u00d3<\/span><\/strong><\/span><\/p>\n<p><span style=\"font-size: 24px;\"><strong>QU\u00c8 NECESSITEM?<\/strong><\/span><\/p>\n<p>LLIMONES\u00a0 \u00a0 \u00a0 \u00a0 \u00a0 \u00a0 \u00a0 \u00a0 \u00a0 \u00a0 \u00a0 \u00a0 \u00a0 \u00a0 \u00a0 \u00a0 \u00a0 \u00a0 \u00a0 \u00a0 SAB\u00d3\u00a0 \u00a0 \u00a0 \u00a0 \u00a0 \u00a0 \u00a0 \u00a0 \u00a0 \u00a0 \u00a0 \u00a0 \u00a0 \u00a0 \u00a0 \u00a0 \u00a0 \u00a0 \u00a0BICARBONAT<\/p>\n<p><img loading=\"lazy\" decoding=\"async\" class=\"\" src=\"https:\/\/calmama.cat\/wp-content\/uploads\/2019\/12\/llimona-1.jpg\" alt=\"Llimona eco \u2013 Cal Mam\u00e0\" width=\"234\" height=\"234\" \/><img loading=\"lazy\" decoding=\"async\" class=\"alignnone\" src=\"https:\/\/totartesanal.files.wordpress.com\/2012\/10\/foto0263.jpg\" alt=\"Sab\u00f3 L\u00edquid | Tot Artesanal\" width=\"192\" height=\"256\" \/> <img loading=\"lazy\" decoding=\"async\" class=\"\" src=\"https:\/\/www.elnacional.cat\/uploads\/s1\/89\/45\/78\/3\/bicarbonato-pixabay.jpeg\" alt=\"El bicarbonat podria servir com a remei per a malalties inflamat\u00f2ries com l'artritis\" width=\"209\" height=\"209\" \/><\/p>\n<p><a href=\"https:\/\/agora.xtec.cat\/escolapauvila\/wp-content\/uploads\/usu1565\/2021\/03\/IMG_20210303_112745-1.jpg\"><img loading=\"lazy\" decoding=\"async\" class=\"wp-image-4482 aligncenter\" src=\"https:\/\/agora.xtec.cat\/escolapauvila\/wp-content\/uploads\/usu1565\/2021\/03\/IMG_20210303_112745-1-1024x768.jpg\" alt=\"\" width=\"611\" height=\"458\" srcset=\"https:\/\/agora.xtec.cat\/escolapauvila\/wp-content\/uploads\/usu1565\/2021\/03\/IMG_20210303_112745-1-1024x768.jpg 1024w, https:\/\/agora.xtec.cat\/escolapauvila\/wp-content\/uploads\/usu1565\/2021\/03\/IMG_20210303_112745-1-300x225.jpg 300w, https:\/\/agora.xtec.cat\/escolapauvila\/wp-content\/uploads\/usu1565\/2021\/03\/IMG_20210303_112745-1-768x576.jpg 768w, https:\/\/agora.xtec.cat\/escolapauvila\/wp-content\/uploads\/usu1565\/2021\/03\/IMG_20210303_112745-1-200x150.jpg 200w, https:\/\/agora.xtec.cat\/escolapauvila\/wp-content\/uploads\/usu1565\/2021\/03\/IMG_20210303_112745-1.jpg 2000w\" sizes=\"auto, (max-width: 611px) 100vw, 611px\" \/><\/a><\/p>\n<p><span style=\"font-size: 24px;\"><strong>QU\u00c8 CREIEU QU\u00c8 PASSAR\u00c0?<\/strong><\/span><\/p>\n<ul>\n<li>&#8220;QUE EXPLOTAR\u00c0&#8221;<\/li>\n<li>&#8220;ES POSAR\u00c0 BLANCA&#8221;<\/li>\n<li>&#8220;SORTIR\u00c0 UN OU&#8221;<\/li>\n<li>&#8220;EXPLOTAR\u00c0 COM UN TAM&#8221;<\/li>\n<\/ul>\n<p><strong><span style=\"font-size: 20px;\">ENS POSEM A L&#8217;ACCI\u00d3 I TALLEM LA LLIMONA<\/span><\/strong><\/p>\n<p style=\"text-align: center;\"><img loading=\"lazy\" decoding=\"async\" class=\"wp-image-4427 aligncenter\" src=\"https:\/\/agora.xtec.cat\/escolapauvila\/wp-content\/uploads\/usu1565\/2021\/03\/IMG_20210303_112922-1024x768.jpg\" alt=\"\" width=\"618\" height=\"464\" srcset=\"https:\/\/agora.xtec.cat\/escolapauvila\/wp-content\/uploads\/usu1565\/2021\/03\/IMG_20210303_112922-1024x768.jpg 1024w, https:\/\/agora.xtec.cat\/escolapauvila\/wp-content\/uploads\/usu1565\/2021\/03\/IMG_20210303_112922-300x225.jpg 300w, https:\/\/agora.xtec.cat\/escolapauvila\/wp-content\/uploads\/usu1565\/2021\/03\/IMG_20210303_112922-768x576.jpg 768w, https:\/\/agora.xtec.cat\/escolapauvila\/wp-content\/uploads\/usu1565\/2021\/03\/IMG_20210303_112922-200x150.jpg 200w, https:\/\/agora.xtec.cat\/escolapauvila\/wp-content\/uploads\/usu1565\/2021\/03\/IMG_20210303_112922.jpg 2000w\" sizes=\"auto, (max-width: 618px) 100vw, 618px\" \/><strong><span style=\"font-size: 16px;\">FEM SUC APRETANT AMB LA NOSTRA FOR\u00c7A<\/span><\/strong><\/p>\n<p><a href=\"https:\/\/agora.xtec.cat\/escolapauvila\/wp-content\/uploads\/usu1565\/2021\/03\/IMG_20210303_113253.jpg\"><img loading=\"lazy\" decoding=\"async\" class=\"alignnone wp-image-4433\" src=\"https:\/\/agora.xtec.cat\/escolapauvila\/wp-content\/uploads\/usu1565\/2021\/03\/IMG_20210303_113253-1024x768.jpg\" alt=\"\" width=\"362\" height=\"271\" srcset=\"https:\/\/agora.xtec.cat\/escolapauvila\/wp-content\/uploads\/usu1565\/2021\/03\/IMG_20210303_113253-1024x768.jpg 1024w, https:\/\/agora.xtec.cat\/escolapauvila\/wp-content\/uploads\/usu1565\/2021\/03\/IMG_20210303_113253-300x225.jpg 300w, https:\/\/agora.xtec.cat\/escolapauvila\/wp-content\/uploads\/usu1565\/2021\/03\/IMG_20210303_113253-768x576.jpg 768w, https:\/\/agora.xtec.cat\/escolapauvila\/wp-content\/uploads\/usu1565\/2021\/03\/IMG_20210303_113253-200x150.jpg 200w, https:\/\/agora.xtec.cat\/escolapauvila\/wp-content\/uploads\/usu1565\/2021\/03\/IMG_20210303_113253.jpg 2000w\" sizes=\"auto, (max-width: 362px) 100vw, 362px\" \/><\/a> <a href=\"https:\/\/agora.xtec.cat\/escolapauvila\/wp-content\/uploads\/usu1565\/2021\/03\/IMG_20210303_113318.jpg\"><img loading=\"lazy\" decoding=\"async\" class=\"alignnone wp-image-4434\" src=\"https:\/\/agora.xtec.cat\/escolapauvila\/wp-content\/uploads\/usu1565\/2021\/03\/IMG_20210303_113318-1024x768.jpg\" alt=\"\" width=\"358\" height=\"269\" srcset=\"https:\/\/agora.xtec.cat\/escolapauvila\/wp-content\/uploads\/usu1565\/2021\/03\/IMG_20210303_113318-1024x768.jpg 1024w, https:\/\/agora.xtec.cat\/escolapauvila\/wp-content\/uploads\/usu1565\/2021\/03\/IMG_20210303_113318-300x225.jpg 300w, https:\/\/agora.xtec.cat\/escolapauvila\/wp-content\/uploads\/usu1565\/2021\/03\/IMG_20210303_113318-768x576.jpg 768w, https:\/\/agora.xtec.cat\/escolapauvila\/wp-content\/uploads\/usu1565\/2021\/03\/IMG_20210303_113318-200x150.jpg 200w, https:\/\/agora.xtec.cat\/escolapauvila\/wp-content\/uploads\/usu1565\/2021\/03\/IMG_20210303_113318.jpg 2000w\" sizes=\"auto, (max-width: 358px) 100vw, 358px\" \/><\/a> <a href=\"https:\/\/agora.xtec.cat\/escolapauvila\/wp-content\/uploads\/usu1565\/2021\/03\/IMG_20210303_113330.jpg\">\u00a0 <img loading=\"lazy\" decoding=\"async\" class=\"alignnone wp-image-4435\" src=\"https:\/\/agora.xtec.cat\/escolapauvila\/wp-content\/uploads\/usu1565\/2021\/03\/IMG_20210303_113330-1024x768.jpg\" alt=\"\" width=\"355\" height=\"266\" srcset=\"https:\/\/agora.xtec.cat\/escolapauvila\/wp-content\/uploads\/usu1565\/2021\/03\/IMG_20210303_113330-1024x768.jpg 1024w, https:\/\/agora.xtec.cat\/escolapauvila\/wp-content\/uploads\/usu1565\/2021\/03\/IMG_20210303_113330-300x225.jpg 300w, https:\/\/agora.xtec.cat\/escolapauvila\/wp-content\/uploads\/usu1565\/2021\/03\/IMG_20210303_113330-768x576.jpg 768w, https:\/\/agora.xtec.cat\/escolapauvila\/wp-content\/uploads\/usu1565\/2021\/03\/IMG_20210303_113330-200x150.jpg 200w, https:\/\/agora.xtec.cat\/escolapauvila\/wp-content\/uploads\/usu1565\/2021\/03\/IMG_20210303_113330.jpg 2000w\" sizes=\"auto, (max-width: 355px) 100vw, 355px\" \/><\/a> <a href=\"https:\/\/agora.xtec.cat\/escolapauvila\/wp-content\/uploads\/usu1565\/2021\/03\/IMG_20210303_113349.jpg\"><img loading=\"lazy\" decoding=\"async\" class=\"alignnone wp-image-4436\" src=\"https:\/\/agora.xtec.cat\/escolapauvila\/wp-content\/uploads\/usu1565\/2021\/03\/IMG_20210303_113349-1024x768.jpg\" alt=\"\" width=\"358\" height=\"270\" srcset=\"https:\/\/agora.xtec.cat\/escolapauvila\/wp-content\/uploads\/usu1565\/2021\/03\/IMG_20210303_113349-1024x768.jpg 1024w, https:\/\/agora.xtec.cat\/escolapauvila\/wp-content\/uploads\/usu1565\/2021\/03\/IMG_20210303_113349-300x225.jpg 300w, https:\/\/agora.xtec.cat\/escolapauvila\/wp-content\/uploads\/usu1565\/2021\/03\/IMG_20210303_113349-768x576.jpg 768w, https:\/\/agora.xtec.cat\/escolapauvila\/wp-content\/uploads\/usu1565\/2021\/03\/IMG_20210303_113349-200x150.jpg 200w, https:\/\/agora.xtec.cat\/escolapauvila\/wp-content\/uploads\/usu1565\/2021\/03\/IMG_20210303_113349.jpg 2000w\" sizes=\"auto, (max-width: 358px) 100vw, 358px\" \/><\/a> <a href=\"https:\/\/agora.xtec.cat\/escolapauvila\/wp-content\/uploads\/usu1565\/2021\/03\/IMG_20210303_113412.jpg\"><img loading=\"lazy\" decoding=\"async\" class=\"wp-image-4437 aligncenter\" src=\"https:\/\/agora.xtec.cat\/escolapauvila\/wp-content\/uploads\/usu1565\/2021\/03\/IMG_20210303_113412-1024x768.jpg\" alt=\"\" width=\"355\" height=\"267\" srcset=\"https:\/\/agora.xtec.cat\/escolapauvila\/wp-content\/uploads\/usu1565\/2021\/03\/IMG_20210303_113412-1024x768.jpg 1024w, https:\/\/agora.xtec.cat\/escolapauvila\/wp-content\/uploads\/usu1565\/2021\/03\/IMG_20210303_113412-300x225.jpg 300w, https:\/\/agora.xtec.cat\/escolapauvila\/wp-content\/uploads\/usu1565\/2021\/03\/IMG_20210303_113412-768x576.jpg 768w, https:\/\/agora.xtec.cat\/escolapauvila\/wp-content\/uploads\/usu1565\/2021\/03\/IMG_20210303_113412-200x150.jpg 200w, https:\/\/agora.xtec.cat\/escolapauvila\/wp-content\/uploads\/usu1565\/2021\/03\/IMG_20210303_113412.jpg 2000w\" sizes=\"auto, (max-width: 355px) 100vw, 355px\" \/><\/a><\/p>\n<p style=\"text-align: center;\"><strong><span style=\"font-size: 16px;\">DESPR\u00c9S HI POSEM EL SAB\u00d3<\/span><\/strong><\/p>\n<p><a href=\"https:\/\/agora.xtec.cat\/escolapauvila\/wp-content\/uploads\/usu1565\/2021\/03\/IMG_20210303_113850.jpg\"><img loading=\"lazy\" decoding=\"async\" class=\"wp-image-4429 aligncenter\" src=\"https:\/\/agora.xtec.cat\/escolapauvila\/wp-content\/uploads\/usu1565\/2021\/03\/IMG_20210303_113850-1024x768.jpg\" alt=\"\" width=\"723\" height=\"542\" srcset=\"https:\/\/agora.xtec.cat\/escolapauvila\/wp-content\/uploads\/usu1565\/2021\/03\/IMG_20210303_113850-1024x768.jpg 1024w, https:\/\/agora.xtec.cat\/escolapauvila\/wp-content\/uploads\/usu1565\/2021\/03\/IMG_20210303_113850-300x225.jpg 300w, https:\/\/agora.xtec.cat\/escolapauvila\/wp-content\/uploads\/usu1565\/2021\/03\/IMG_20210303_113850-768x576.jpg 768w, https:\/\/agora.xtec.cat\/escolapauvila\/wp-content\/uploads\/usu1565\/2021\/03\/IMG_20210303_113850-200x150.jpg 200w, https:\/\/agora.xtec.cat\/escolapauvila\/wp-content\/uploads\/usu1565\/2021\/03\/IMG_20210303_113850.jpg 2000w\" sizes=\"auto, (max-width: 723px) 100vw, 723px\" \/><\/a><\/p>\n<p style=\"text-align: center;\"><strong><span style=\"font-size: 16px;\">I EL BICARBONAT<\/span><\/strong><\/p>\n<p><a href=\"https:\/\/agora.xtec.cat\/escolapauvila\/wp-content\/uploads\/usu1565\/2021\/03\/IMG_20210303_113940.jpg\"><img loading=\"lazy\" decoding=\"async\" class=\"alignnone size-large wp-image-4430\" src=\"https:\/\/agora.xtec.cat\/escolapauvila\/wp-content\/uploads\/usu1565\/2021\/03\/IMG_20210303_113940-1024x768.jpg\" alt=\"\" width=\"1024\" height=\"768\" srcset=\"https:\/\/agora.xtec.cat\/escolapauvila\/wp-content\/uploads\/usu1565\/2021\/03\/IMG_20210303_113940-1024x768.jpg 1024w, https:\/\/agora.xtec.cat\/escolapauvila\/wp-content\/uploads\/usu1565\/2021\/03\/IMG_20210303_113940-300x225.jpg 300w, https:\/\/agora.xtec.cat\/escolapauvila\/wp-content\/uploads\/usu1565\/2021\/03\/IMG_20210303_113940-768x576.jpg 768w, https:\/\/agora.xtec.cat\/escolapauvila\/wp-content\/uploads\/usu1565\/2021\/03\/IMG_20210303_113940-200x150.jpg 200w, https:\/\/agora.xtec.cat\/escolapauvila\/wp-content\/uploads\/usu1565\/2021\/03\/IMG_20210303_113940.jpg 2000w\" sizes=\"auto, (max-width: 1024px) 100vw, 1024px\" \/><\/a><\/p>\n<p style=\"text-align: center;\"><span style=\"font-size: 24px;\">SI CLIQUEU\u00a0 EN AQUEST ENLLA\u00c7 <a href=\"https:\/\/youtu.be\/uf_fCDE1tF8\">\u00a0https:\/\/youtu.be\/uf_fCDE1tF8<\/a> \u00a0PODREU VEURE EL RESULTAT FINAL DE L&#8217;EXPERIMENT DE LA <span style=\"color: #99cc00;\">LLIMONA EN ERUPCI\u00d3<\/span><\/span><\/p>\n<p><a href=\"https:\/\/agora.xtec.cat\/escolapauvila\/wp-content\/uploads\/usu1565\/2021\/03\/IMG_20210303_114323.jpg\"><img loading=\"lazy\" decoding=\"async\" class=\"alignnone size-large wp-image-4447\" src=\"https:\/\/agora.xtec.cat\/escolapauvila\/wp-content\/uploads\/usu1565\/2021\/03\/IMG_20210303_114323-1024x768.jpg\" alt=\"\" width=\"1024\" height=\"768\" srcset=\"https:\/\/agora.xtec.cat\/escolapauvila\/wp-content\/uploads\/usu1565\/2021\/03\/IMG_20210303_114323-1024x768.jpg 1024w, https:\/\/agora.xtec.cat\/escolapauvila\/wp-content\/uploads\/usu1565\/2021\/03\/IMG_20210303_114323-300x225.jpg 300w, https:\/\/agora.xtec.cat\/escolapauvila\/wp-content\/uploads\/usu1565\/2021\/03\/IMG_20210303_114323-768x576.jpg 768w, https:\/\/agora.xtec.cat\/escolapauvila\/wp-content\/uploads\/usu1565\/2021\/03\/IMG_20210303_114323-200x150.jpg 200w, https:\/\/agora.xtec.cat\/escolapauvila\/wp-content\/uploads\/usu1565\/2021\/03\/IMG_20210303_114323.jpg 2000w\" sizes=\"auto, (max-width: 1024px) 100vw, 1024px\" \/><\/a><\/p>\n<p><span style=\"font-size: 36px;\"><strong><span style=\"color: #800080;\">ES POT ENFONSAR LA LLIMONA?<\/span><\/strong><\/span><\/p>\n<p><span style=\"font-size: 24px;\"><strong>QU\u00c8 NECESSITEM?<\/strong><\/span><\/p>\n<p>LLIMONES\u00a0 \u00a0 \u00a0 \u00a0 \u00a0 \u00a0 \u00a0 \u00a0 \u00a0 \u00a0 \u00a0 \u00a0 \u00a0 \u00a0 \u00a0 \u00a0 \u00a0 \u00a0 \u00a0 \u00a0 \u00a0 \u00a0 \u00a0 \u00a0 \u00a0 \u00a0 \u00a0 \u00a0 \u00a0 AIGUA<\/p>\n<p><img loading=\"lazy\" decoding=\"async\" class=\"\" src=\"https:\/\/calmama.cat\/wp-content\/uploads\/2019\/12\/llimona-1.jpg\" alt=\"Llimona eco \u2013 Cal Mam\u00e0\" width=\"234\" height=\"234\" \/> <img loading=\"lazy\" decoding=\"async\" class=\"\" src=\"https:\/\/lh3.googleusercontent.com\/proxy\/z6TL1HSH6RIIzaxJbD_n1qfJLH5GyN5UtW_ef9vYhYK3xNEWr_J4daJ5BWj5v15Mf0fWFxsXyTVxIGJefk5k\" alt=\"Got aigua ~ Lidia Salas Ros\" width=\"257\" height=\"291\" \/><\/p>\n<p><span style=\"font-size: 24px;\"><strong>QU\u00c8 CREIEU QU\u00c8 PASSAR\u00c0?<\/strong><\/span><\/p>\n<ul>\n<li>&#8220;QUE PINTAR\u00c0 L&#8217;AIGUA&#8221;<\/li>\n<li>&#8220;QUE NO ES PINTAR\u00c0 L&#8217;AIGUA&#8221;<\/li>\n<li>&#8220;QUE SALTAR\u00c0 LA PELL&#8221;<\/li>\n<\/ul>\n<p><strong>A PARTIR D&#8217;AQU\u00cd HA SORTIT UNA CONVERSA SOBRE QU\u00c8 PODEM FER A CASA AMB LES LLIMONES! PODEM FER LLIMONADA, POSAR-NE EL SUC A LES AMANIDES O FINS I TOT FER PASTISSOS!!! HEM PENSAT QUE LA SETMANA QUE VE PODEM FER UN EXPERIMENT I FER SUC DE LLIMONES!!!<\/strong><\/p>\n<p><strong>AIX\u00cd DONCS, COMENCEM L&#8217;EXPERIMENT POSANT LA LLIMONA A L&#8217;AIGUA I&#8230;<\/strong><\/p>\n<p><a href=\"https:\/\/agora.xtec.cat\/escolapauvila\/wp-content\/uploads\/usu1565\/2021\/03\/IMG_5434.jpg\"><img loading=\"lazy\" decoding=\"async\" class=\"alignnone size-large wp-image-4472\" src=\"https:\/\/agora.xtec.cat\/escolapauvila\/wp-content\/uploads\/usu1565\/2021\/03\/IMG_5434-1024x627.jpg\" alt=\"\" width=\"1024\" height=\"627\" srcset=\"https:\/\/agora.xtec.cat\/escolapauvila\/wp-content\/uploads\/usu1565\/2021\/03\/IMG_5434.jpg 1024w, https:\/\/agora.xtec.cat\/escolapauvila\/wp-content\/uploads\/usu1565\/2021\/03\/IMG_5434-300x184.jpg 300w, https:\/\/agora.xtec.cat\/escolapauvila\/wp-content\/uploads\/usu1565\/2021\/03\/IMG_5434-768x470.jpg 768w\" sizes=\"auto, (max-width: 1024px) 100vw, 1024px\" \/><\/a><\/p>\n<p><span style=\"font-size: 24px;\"><strong>QU\u00c8 HA PASSAT?<\/strong><\/span><\/p>\n<ul>\n<li>&#8220;EST\u00c0 A DALT&#8221;<\/li>\n<li>&#8220;FLOTA!!!&#8221;<\/li>\n<li>&#8220;POTSER \u00c9S M\u00c0GICA&#8221;<\/li>\n<\/ul>\n<p><span style=\"font-size: 24px;\"><strong>QU\u00c8 PODEM FER PER A QUE S&#8217;ENFONSI?<\/strong><\/span><\/p>\n<ul>\n<li>&#8220;LA PODEM APRETAR!<\/li>\n<\/ul>\n<p><a href=\"https:\/\/agora.xtec.cat\/escolapauvila\/wp-content\/uploads\/usu1565\/2021\/03\/IMG_5438.jpg\"><img loading=\"lazy\" decoding=\"async\" class=\"alignnone size-large wp-image-4471\" src=\"https:\/\/agora.xtec.cat\/escolapauvila\/wp-content\/uploads\/usu1565\/2021\/03\/IMG_5438-1024x768.jpg\" alt=\"\" width=\"1024\" height=\"768\" srcset=\"https:\/\/agora.xtec.cat\/escolapauvila\/wp-content\/uploads\/usu1565\/2021\/03\/IMG_5438.jpg 1024w, https:\/\/agora.xtec.cat\/escolapauvila\/wp-content\/uploads\/usu1565\/2021\/03\/IMG_5438-300x225.jpg 300w, https:\/\/agora.xtec.cat\/escolapauvila\/wp-content\/uploads\/usu1565\/2021\/03\/IMG_5438-768x576.jpg 768w, https:\/\/agora.xtec.cat\/escolapauvila\/wp-content\/uploads\/usu1565\/2021\/03\/IMG_5438-200x150.jpg 200w\" sizes=\"auto, (max-width: 1024px) 100vw, 1024px\" \/><\/a><\/p>\n<ul>\n<li>&#8220;PER ENFONSAR-LA T&#8217;HAS D&#8217;ARREMANGAR PERQU\u00c8 SI NO ET MULLES&#8221;<\/li>\n<li>&#8220;PODEM APRETAR M\u00c9S!&#8221;<\/li>\n<\/ul>\n<p><a href=\"https:\/\/agora.xtec.cat\/escolapauvila\/wp-content\/uploads\/usu1565\/2021\/03\/IMG_5441.jpg\"><img loading=\"lazy\" decoding=\"async\" class=\"alignnone size-large wp-image-4473\" src=\"https:\/\/agora.xtec.cat\/escolapauvila\/wp-content\/uploads\/usu1565\/2021\/03\/IMG_5441-1024x768.jpg\" alt=\"\" width=\"1024\" height=\"768\" srcset=\"https:\/\/agora.xtec.cat\/escolapauvila\/wp-content\/uploads\/usu1565\/2021\/03\/IMG_5441.jpg 1024w, https:\/\/agora.xtec.cat\/escolapauvila\/wp-content\/uploads\/usu1565\/2021\/03\/IMG_5441-300x225.jpg 300w, https:\/\/agora.xtec.cat\/escolapauvila\/wp-content\/uploads\/usu1565\/2021\/03\/IMG_5441-768x576.jpg 768w, https:\/\/agora.xtec.cat\/escolapauvila\/wp-content\/uploads\/usu1565\/2021\/03\/IMG_5441-200x150.jpg 200w\" sizes=\"auto, (max-width: 1024px) 100vw, 1024px\" \/><\/a><\/p>\n<ul>\n<li>&#8220;FEM PELLS (TREIEM LA PELL)&#8221;<\/li>\n<\/ul>\n<p><a href=\"https:\/\/agora.xtec.cat\/escolapauvila\/wp-content\/uploads\/usu1565\/2021\/03\/IMG_5442.jpg\"><img loading=\"lazy\" decoding=\"async\" class=\"alignnone size-large wp-image-4474\" src=\"https:\/\/agora.xtec.cat\/escolapauvila\/wp-content\/uploads\/usu1565\/2021\/03\/IMG_5442-1024x768.jpg\" alt=\"\" width=\"1024\" height=\"768\" srcset=\"https:\/\/agora.xtec.cat\/escolapauvila\/wp-content\/uploads\/usu1565\/2021\/03\/IMG_5442.jpg 1024w, https:\/\/agora.xtec.cat\/escolapauvila\/wp-content\/uploads\/usu1565\/2021\/03\/IMG_5442-300x225.jpg 300w, https:\/\/agora.xtec.cat\/escolapauvila\/wp-content\/uploads\/usu1565\/2021\/03\/IMG_5442-768x576.jpg 768w, https:\/\/agora.xtec.cat\/escolapauvila\/wp-content\/uploads\/usu1565\/2021\/03\/IMG_5442-200x150.jpg 200w\" sizes=\"auto, (max-width: 1024px) 100vw, 1024px\" \/><\/a><\/p>\n<ul>\n<li>&#8220;PODEM TALLAR-LA!&#8221;<\/li>\n<\/ul>\n<p><a href=\"https:\/\/agora.xtec.cat\/escolapauvila\/wp-content\/uploads\/usu1565\/2021\/03\/IMG_5448.jpg\"><img loading=\"lazy\" decoding=\"async\" class=\"alignnone size-large wp-image-4475\" src=\"https:\/\/agora.xtec.cat\/escolapauvila\/wp-content\/uploads\/usu1565\/2021\/03\/IMG_5448-1024x768.jpg\" alt=\"\" width=\"1024\" height=\"768\" srcset=\"https:\/\/agora.xtec.cat\/escolapauvila\/wp-content\/uploads\/usu1565\/2021\/03\/IMG_5448.jpg 1024w, https:\/\/agora.xtec.cat\/escolapauvila\/wp-content\/uploads\/usu1565\/2021\/03\/IMG_5448-300x225.jpg 300w, https:\/\/agora.xtec.cat\/escolapauvila\/wp-content\/uploads\/usu1565\/2021\/03\/IMG_5448-768x576.jpg 768w, https:\/\/agora.xtec.cat\/escolapauvila\/wp-content\/uploads\/usu1565\/2021\/03\/IMG_5448-200x150.jpg 200w\" sizes=\"auto, (max-width: 1024px) 100vw, 1024px\" \/><\/a><\/p>\n<ul>\n<li>&#8220;PODEM TORNAR A APRETAR&#8221;<\/li>\n<\/ul>\n<p><a href=\"https:\/\/agora.xtec.cat\/escolapauvila\/wp-content\/uploads\/usu1565\/2021\/03\/IMG_5453.jpg\"><img loading=\"lazy\" decoding=\"async\" class=\"alignnone size-large wp-image-4477\" src=\"https:\/\/agora.xtec.cat\/escolapauvila\/wp-content\/uploads\/usu1565\/2021\/03\/IMG_5453-1024x768.jpg\" alt=\"\" width=\"1024\" height=\"768\" srcset=\"https:\/\/agora.xtec.cat\/escolapauvila\/wp-content\/uploads\/usu1565\/2021\/03\/IMG_5453.jpg 1024w, https:\/\/agora.xtec.cat\/escolapauvila\/wp-content\/uploads\/usu1565\/2021\/03\/IMG_5453-300x225.jpg 300w, https:\/\/agora.xtec.cat\/escolapauvila\/wp-content\/uploads\/usu1565\/2021\/03\/IMG_5453-768x576.jpg 768w, https:\/\/agora.xtec.cat\/escolapauvila\/wp-content\/uploads\/usu1565\/2021\/03\/IMG_5453-200x150.jpg 200w\" sizes=\"auto, (max-width: 1024px) 100vw, 1024px\" \/><\/a><\/p>\n<p><a href=\"https:\/\/agora.xtec.cat\/escolapauvila\/wp-content\/uploads\/usu1565\/2021\/03\/IMG_5452.jpg\"><img loading=\"lazy\" decoding=\"async\" class=\"alignnone size-large wp-image-4476\" src=\"https:\/\/agora.xtec.cat\/escolapauvila\/wp-content\/uploads\/usu1565\/2021\/03\/IMG_5452-1024x768.jpg\" alt=\"\" width=\"1024\" height=\"768\" srcset=\"https:\/\/agora.xtec.cat\/escolapauvila\/wp-content\/uploads\/usu1565\/2021\/03\/IMG_5452.jpg 1024w, https:\/\/agora.xtec.cat\/escolapauvila\/wp-content\/uploads\/usu1565\/2021\/03\/IMG_5452-300x225.jpg 300w, https:\/\/agora.xtec.cat\/escolapauvila\/wp-content\/uploads\/usu1565\/2021\/03\/IMG_5452-768x576.jpg 768w, https:\/\/agora.xtec.cat\/escolapauvila\/wp-content\/uploads\/usu1565\/2021\/03\/IMG_5452-200x150.jpg 200w\" sizes=\"auto, (max-width: 1024px) 100vw, 1024px\" \/><\/a><\/p>\n<p>&nbsp;<\/p>\n<p><strong>FINALMENT, DESPR\u00c9S DE MOLT APRETAR, LA LLIMONA S&#8217;HA ENFONSAT FINS A SOTA DE L&#8217;AIGUA!!!<\/strong><\/p>\n<p><a href=\"https:\/\/agora.xtec.cat\/escolapauvila\/wp-content\/uploads\/usu1565\/2021\/03\/IMG_5455.jpg\"><img loading=\"lazy\" decoding=\"async\" class=\"alignnone size-large wp-image-4478\" src=\"https:\/\/agora.xtec.cat\/escolapauvila\/wp-content\/uploads\/usu1565\/2021\/03\/IMG_5455-1024x768.jpg\" alt=\"\" width=\"1024\" height=\"768\" srcset=\"https:\/\/agora.xtec.cat\/escolapauvila\/wp-content\/uploads\/usu1565\/2021\/03\/IMG_5455.jpg 1024w, https:\/\/agora.xtec.cat\/escolapauvila\/wp-content\/uploads\/usu1565\/2021\/03\/IMG_5455-300x225.jpg 300w, https:\/\/agora.xtec.cat\/escolapauvila\/wp-content\/uploads\/usu1565\/2021\/03\/IMG_5455-768x576.jpg 768w, https:\/\/agora.xtec.cat\/escolapauvila\/wp-content\/uploads\/usu1565\/2021\/03\/IMG_5455-200x150.jpg 200w\" sizes=\"auto, (max-width: 1024px) 100vw, 1024px\" \/><\/a><\/p>\n<p><strong>EN AQUEST ENLLA\u00c7\u00a0 TROBAREU <span style=\"font-size: 24px;\">M\u00c9S FOTOS<\/span> REALITZANT AQUESTS EXPERIMENTS<\/strong><\/p>\n<p><a href=\"https:\/\/photos.google.com\/u\/1\/share\/AF1QipPQQYZilJts4AK8IHJ5VGXCqlIdb36XmsMsYvIV-R71TrqRElOluFKAPL8cvaaZaA?pli=1&amp;key=NVZfS3hUUGxqNXU0M0pSY3ZId3JqeWVmWFQ2VmRR\">https:\/\/photos.google.com\/u\/1\/share\/AF1QipPQQYZilJts4AK8IHJ5VGXCqlIdb36XmsMsYvIV-R71TrqRElOluFKAPL8cvaaZaA?pli=1&amp;key=NVZfS3hUUGxqNXU0M0pSY3ZId3JqeWVmWFQ2VmRR<\/a><\/p>\n<p><span style=\"font-size: 24px;\"><strong>SI VOLEU TROBAR IDEES I RECURSOS PER FER EXPERIMENTS , PODEU CLICAR AQUEST ENLLA\u00c7 <a href=\"https:\/\/www.ccma.cat\/tv3\/super3\/dinamiks\/\"><span style=\"font-size: 32px;\">DIN\u00c0MIKS<\/span> <\/a>ON TROBAREU UN RECULL DE V\u00cdDEOS AMB EXPERIMENTS MOLT DIVERTIT.\u00a0<\/strong><\/span><\/p>\n<p>&nbsp;<\/p>\n<p>&#8220;EXPERIMENTAR NO \u00c9S NOM\u00c9S FER EXPERIMENTS CIENT\u00cdFICS, \u00c9S DESCOBRIR I PROVAR AMB LA PR\u00d2PIA EXPERI\u00c8NCIA SI UNA HIP\u00d2TESIS \u00c9S VALIDA&#8221;.<\/p>\n<p>(AN\u00d2NIM)<\/p>\n","protected":false},"excerpt":{"rendered":"<p>L&#8217;INCRE\u00cfBLE PODER DE L&#8217;EXPERIMENTACI\u00d3 A L&#8217;AULA<br \/>\nUS FEM ARRIBAR UN RECULL D&#8217;EXPERIMENTS QUE HEM FET A DINS DE L&#8217;AULA.<br \/>\nNEU ARTIFICIAL\u00a0<br \/>\nQUAN INICIEM UN EXPERIMENT OBSERVEM EL MATERIAL QUE TENIM.\u00a0\u00a0<br \/>\nBICARBONAT\u00a0 \u00a0 \u00a0 \u00a0 \u00a0 \u00a0 \u00a0 \u00a0 \u00a0 \u00a0 \u00a0 \u00a0 \u00a0 \u00a0 \u00a0 \u00a0 \u00a0 \u00a0 \u00a0&hellip;  <a href=\"https:\/\/agora.xtec.cat\/escolapauvila\/general\/lincreible-poder-de-lexperimentacio-a-laula\/\" title=\"Read L&#8217;INCRE\u00cfBLE PODER DE L&#8217;EXPERIMENTACI\u00d3 A L&#8217;AULA\">Llegeix m\u00e9s\u00bb<\/a><\/p>\n","protected":false},"author":1,"featured_media":4012,"comment_status":"open","ping_status":"closed","sticky":false,"template":"","format":"standard","meta":{"_bbp_topic_count":0,"_bbp_reply_count":0,"_bbp_total_topic_count":0,"_bbp_total_reply_count":0,"_bbp_voice_count":0,"_bbp_anonymous_reply_count":0,"_bbp_topic_count_hidden":0,"_bbp_reply_count_hidden":0,"_bbp_forum_subforum_count":0,"footnotes":""},"categories":[2,3,1],"tags":[94,95,173],"class_list":["post-4426","post","type-post","status-publish","format-standard","has-post-thumbnail","hentry","category-petits","category-ei3","category-general","tag-ei3a20-21","tag-ei3b20-21","tag-ei3c2-0-21"],"post_mailing_queue_ids":[],"_links":{"self":[{"href":"https:\/\/agora.xtec.cat\/escolapauvila\/wp-json\/wp\/v2\/posts\/4426","targetHints":{"allow":["GET"]}}],"collection":[{"href":"https:\/\/agora.xtec.cat\/escolapauvila\/wp-json\/wp\/v2\/posts"}],"about":[{"href":"https:\/\/agora.xtec.cat\/escolapauvila\/wp-json\/wp\/v2\/types\/post"}],"author":[{"embeddable":true,"href":"https:\/\/agora.xtec.cat\/escolapauvila\/wp-json\/wp\/v2\/users\/1"}],"replies":[{"embeddable":true,"href":"https:\/\/agora.xtec.cat\/escolapauvila\/wp-json\/wp\/v2\/comments?post=4426"}],"version-history":[{"count":3,"href":"https:\/\/agora.xtec.cat\/escolapauvila\/wp-json\/wp\/v2\/posts\/4426\/revisions"}],"predecessor-version":[{"id":4500,"href":"https:\/\/agora.xtec.cat\/escolapauvila\/wp-json\/wp\/v2\/posts\/4426\/revisions\/4500"}],"wp:featuredmedia":[{"embeddable":true,"href":"https:\/\/agora.xtec.cat\/escolapauvila\/wp-json\/wp\/v2\/media\/4012"}],"wp:attachment":[{"href":"https:\/\/agora.xtec.cat\/escolapauvila\/wp-json\/wp\/v2\/media?parent=4426"}],"wp:term":[{"taxonomy":"category","embeddable":true,"href":"https:\/\/agora.xtec.cat\/escolapauvila\/wp-json\/wp\/v2\/categories?post=4426"},{"taxonomy":"post_tag","embeddable":true,"href":"https:\/\/agora.xtec.cat\/escolapauvila\/wp-json\/wp\/v2\/tags?post=4426"}],"curies":[{"name":"wp","href":"https:\/\/api.w.org\/{rel}","templated":true}]}}