{"id":4344,"date":"2021-03-01T01:17:39","date_gmt":"2021-03-01T00:17:39","guid":{"rendered":"https:\/\/agora.xtec.cat\/escolapauvila\/?p=4344"},"modified":"2021-03-01T01:17:39","modified_gmt":"2021-03-01T00:17:39","slug":"els-racons-daula-a-ei4","status":"publish","type":"post","link":"https:\/\/agora.xtec.cat\/escolapauvila\/general\/els-racons-daula-a-ei4\/","title":{"rendered":"ELS RACONS D&#8217;AULA A EI4"},"content":{"rendered":"<p>EL <strong>PROJECTE EDUCATIU<\/strong> DE LA NOSTRA ESCOLA FOCALITZA COM A PUNT ESSENCIAL EL TREBALL PER <strong>RACONS<\/strong>\u00a0EN L&#8217;APRENENTATGE DELS NOSTRES NENS I NENES.<\/p>\n<p><a href=\"https:\/\/agora.xtec.cat\/escolapauvila\/wp-content\/uploads\/usu1565\/2021\/02\/IMG_0332.jpg\"><img loading=\"lazy\" decoding=\"async\" class=\"alignnone size-large wp-image-4346\" src=\"https:\/\/agora.xtec.cat\/escolapauvila\/wp-content\/uploads\/usu1565\/2021\/02\/IMG_0332-1024x768.jpg\" alt=\"\" width=\"1024\" height=\"768\" srcset=\"https:\/\/agora.xtec.cat\/escolapauvila\/wp-content\/uploads\/usu1565\/2021\/02\/IMG_0332-1024x768.jpg 1024w, https:\/\/agora.xtec.cat\/escolapauvila\/wp-content\/uploads\/usu1565\/2021\/02\/IMG_0332-300x225.jpg 300w, https:\/\/agora.xtec.cat\/escolapauvila\/wp-content\/uploads\/usu1565\/2021\/02\/IMG_0332-768x576.jpg 768w, https:\/\/agora.xtec.cat\/escolapauvila\/wp-content\/uploads\/usu1565\/2021\/02\/IMG_0332-200x150.jpg 200w\" sizes=\"auto, (max-width: 1024px) 100vw, 1024px\" \/><\/a><\/p>\n<p>A PARTIR D&#8217;UNA ORGANITZACI\u00d3 ESPEC\u00cdFICA DE L&#8217;AULA, I TENINT PRESENT LA METODOLOGIA DE LES <strong>INTEL.LIG\u00c8NCIES<\/strong> <strong>M\u00daLTIPLES<\/strong>, AJUDEM ALS NENS I NENES A APRENDRE I DESENVOLUPAR-SE MITJAN\u00c7ANT LES INTERACCIONS AMB LES DIFERENTS PROPOSTES I CASOS DEL DIA A DIA, ELS PERMETEM AFAVORIR LES RELACIONS AMB ELS SEUS IGUALS I ELS FEM M\u00c9S PROTAGONISTES EN EL PROC\u00c9S D&#8217;ENSENYAMENT-APRENENTATGE.<\/p>\n<p><a href=\"https:\/\/agora.xtec.cat\/escolapauvila\/wp-content\/uploads\/usu1565\/2021\/02\/foto.jpg\"><img loading=\"lazy\" decoding=\"async\" class=\"alignnone  wp-image-4372\" src=\"https:\/\/agora.xtec.cat\/escolapauvila\/wp-content\/uploads\/usu1565\/2021\/02\/foto.jpg\" alt=\"\" width=\"622\" height=\"467\" srcset=\"https:\/\/agora.xtec.cat\/escolapauvila\/wp-content\/uploads\/usu1565\/2021\/02\/foto.jpg 577w, https:\/\/agora.xtec.cat\/escolapauvila\/wp-content\/uploads\/usu1565\/2021\/02\/foto-300x225.jpg 300w, https:\/\/agora.xtec.cat\/escolapauvila\/wp-content\/uploads\/usu1565\/2021\/02\/foto-200x150.jpg 200w\" sizes=\"auto, (max-width: 622px) 100vw, 622px\" \/><\/a><\/p>\n<p>SI CLIQUEU EN LES SEG\u00dcENTS <strong>FOTOGRAFIES<\/strong> PODREU VEURE UN PETIT RECULL D&#8217;<strong>ACTIVITATS I PROPOSTES<\/strong> QUE PORTEM A TERME EN ELS <strong>RACONS D&#8217;AULA D&#8217;EI4 <\/strong>DE TIPUS<strong> MANIPULATIU, COGNITIU I SIMB\u00d2LIC<\/strong>.<\/p>\n<p><a href=\"https:\/\/photos.app.goo.gl\/kf2R5L9yVqBahtqE6\"><img loading=\"lazy\" decoding=\"async\" class=\"alignnone wp-image-4347\" src=\"https:\/\/agora.xtec.cat\/escolapauvila\/wp-content\/uploads\/usu1565\/2021\/02\/IMG_0641-1024x768.jpg\" alt=\"\" width=\"388\" height=\"290\" srcset=\"https:\/\/agora.xtec.cat\/escolapauvila\/wp-content\/uploads\/usu1565\/2021\/02\/IMG_0641-1024x768.jpg 1024w, https:\/\/agora.xtec.cat\/escolapauvila\/wp-content\/uploads\/usu1565\/2021\/02\/IMG_0641-300x225.jpg 300w, https:\/\/agora.xtec.cat\/escolapauvila\/wp-content\/uploads\/usu1565\/2021\/02\/IMG_0641-768x576.jpg 768w, https:\/\/agora.xtec.cat\/escolapauvila\/wp-content\/uploads\/usu1565\/2021\/02\/IMG_0641-200x150.jpg 200w\" sizes=\"auto, (max-width: 388px) 100vw, 388px\" \/>\u00a0 <\/a><a href=\"https:\/\/photos.app.goo.gl\/j191iUsvWPfN3z8g8\"><img loading=\"lazy\" decoding=\"async\" class=\"alignnone  wp-image-4374\" src=\"https:\/\/agora.xtec.cat\/escolapauvila\/wp-content\/uploads\/usu1565\/2021\/02\/IMG_20201123_113911-1024x768.jpg\" alt=\"\" width=\"382\" height=\"287\" srcset=\"https:\/\/agora.xtec.cat\/escolapauvila\/wp-content\/uploads\/usu1565\/2021\/02\/IMG_20201123_113911-1024x768.jpg 1024w, https:\/\/agora.xtec.cat\/escolapauvila\/wp-content\/uploads\/usu1565\/2021\/02\/IMG_20201123_113911-300x225.jpg 300w, https:\/\/agora.xtec.cat\/escolapauvila\/wp-content\/uploads\/usu1565\/2021\/02\/IMG_20201123_113911-768x576.jpg 768w, https:\/\/agora.xtec.cat\/escolapauvila\/wp-content\/uploads\/usu1565\/2021\/02\/IMG_20201123_113911-200x150.jpg 200w\" sizes=\"auto, (max-width: 382px) 100vw, 382px\" \/> <\/a><a href=\"https:\/\/photos.app.goo.gl\/JdsmP1Xk21XS3cWh9\"><img loading=\"lazy\" decoding=\"async\" class=\"alignnone  wp-image-4375\" src=\"https:\/\/agora.xtec.cat\/escolapauvila\/wp-content\/uploads\/usu1565\/2021\/02\/IMG_20200930_114928-768x1024.jpg\" alt=\"\" width=\"226\" height=\"301\" srcset=\"https:\/\/agora.xtec.cat\/escolapauvila\/wp-content\/uploads\/usu1565\/2021\/02\/IMG_20200930_114928-768x1024.jpg 768w, https:\/\/agora.xtec.cat\/escolapauvila\/wp-content\/uploads\/usu1565\/2021\/02\/IMG_20200930_114928-225x300.jpg 225w\" sizes=\"auto, (max-width: 226px) 100vw, 226px\" \/><\/a><\/p>\n<p>&nbsp;<\/p>\n<p>&nbsp;<\/p>\n<p>&nbsp;<\/p>\n<p>&nbsp;<\/p>\n<p>&nbsp;<\/p>\n<p>&nbsp;<\/p>\n<p>&nbsp;<\/p>\n<p>&nbsp;<\/p>\n<p>&nbsp;<\/p>\n<p>&nbsp;<\/p>\n<p>&nbsp;<\/p>\n","protected":false},"excerpt":{"rendered":"<p>EL PROJECTE EDUCATIU DE LA NOSTRA ESCOLA FOCALITZA COM A PUNT ESSENCIAL EL TREBALL PER RACONS\u00a0EN L&#8217;APRENENTATGE DELS NOSTRES NENS I NENES.<br \/>\n<a href=\"https:\/\/agora.xtec.cat\/escolapauvila\/wp-content\/uploads\/usu1565\/2021\/02\/IMG_0332.jpg\"><\/a><br \/>\nA PARTIR D&#8217;UNA ORGANITZACI\u00d3 ESPEC\u00cdFICA DE L&#8217;AULA, I TENINT PRESENT LA METODOLOGIA DE LES INTEL.LIG\u00c8NCIES M\u00daLTIPLES, AJUDEM ALS NENS I NENES A APRENDRE&hellip;  <a href=\"https:\/\/agora.xtec.cat\/escolapauvila\/general\/els-racons-daula-a-ei4\/\" title=\"Read ELS RACONS D&#8217;AULA A EI4\">Llegeix m\u00e9s\u00bb<\/a><\/p>\n","protected":false},"author":1,"featured_media":4346,"comment_status":"open","ping_status":"closed","sticky":false,"template":"","format":"standard","meta":{"_bbp_topic_count":0,"_bbp_reply_count":0,"_bbp_total_topic_count":0,"_bbp_total_reply_count":0,"_bbp_voice_count":0,"_bbp_anonymous_reply_count":0,"_bbp_topic_count_hidden":0,"_bbp_reply_count_hidden":0,"_bbp_forum_subforum_count":0,"footnotes":""},"categories":[2,8,1],"tags":[103,114,104],"class_list":["post-4344","post","type-post","status-publish","format-standard","has-post-thumbnail","hentry","category-petits","category-ei4","category-general","tag-ei4a20-21","tag-ei4b20-21","tag-nascuts2016"],"post_mailing_queue_ids":[],"_links":{"self":[{"href":"https:\/\/agora.xtec.cat\/escolapauvila\/wp-json\/wp\/v2\/posts\/4344","targetHints":{"allow":["GET"]}}],"collection":[{"href":"https:\/\/agora.xtec.cat\/escolapauvila\/wp-json\/wp\/v2\/posts"}],"about":[{"href":"https:\/\/agora.xtec.cat\/escolapauvila\/wp-json\/wp\/v2\/types\/post"}],"author":[{"embeddable":true,"href":"https:\/\/agora.xtec.cat\/escolapauvila\/wp-json\/wp\/v2\/users\/1"}],"replies":[{"embeddable":true,"href":"https:\/\/agora.xtec.cat\/escolapauvila\/wp-json\/wp\/v2\/comments?post=4344"}],"version-history":[{"count":3,"href":"https:\/\/agora.xtec.cat\/escolapauvila\/wp-json\/wp\/v2\/posts\/4344\/revisions"}],"predecessor-version":[{"id":4376,"href":"https:\/\/agora.xtec.cat\/escolapauvila\/wp-json\/wp\/v2\/posts\/4344\/revisions\/4376"}],"wp:featuredmedia":[{"embeddable":true,"href":"https:\/\/agora.xtec.cat\/escolapauvila\/wp-json\/wp\/v2\/media\/4346"}],"wp:attachment":[{"href":"https:\/\/agora.xtec.cat\/escolapauvila\/wp-json\/wp\/v2\/media?parent=4344"}],"wp:term":[{"taxonomy":"category","embeddable":true,"href":"https:\/\/agora.xtec.cat\/escolapauvila\/wp-json\/wp\/v2\/categories?post=4344"},{"taxonomy":"post_tag","embeddable":true,"href":"https:\/\/agora.xtec.cat\/escolapauvila\/wp-json\/wp\/v2\/tags?post=4344"}],"curies":[{"name":"wp","href":"https:\/\/api.w.org\/{rel}","templated":true}]}}