{"id":4297,"date":"2021-02-23T17:12:02","date_gmt":"2021-02-23T16:12:02","guid":{"rendered":"https:\/\/agora.xtec.cat\/escolapauvila\/?p=4297"},"modified":"2021-03-13T20:19:56","modified_gmt":"2021-03-13T19:19:56","slug":"videoclip","status":"publish","type":"post","link":"https:\/\/agora.xtec.cat\/escolapauvila\/grans\/5e\/videoclip\/","title":{"rendered":"Videoclip"},"content":{"rendered":"<p>Per fi, ja el tenim aqu\u00ed!<\/p>\n<p>Els alumnes de 5\u00e8 hem estat for\u00e7a temps preparant un videoclip amb la can\u00e7\u00f3 &#8220;<strong>Si tots ho fem<\/strong>&#8220;, i ara ja el tenim llest per l&#8217;estrena!<\/p>\n<p>El proc\u00e9s que hem seguit ha estat molt elaborat. Primer vam tenir una presa de contacte amb la can\u00e7\u00f3, per aprendre&#8217;ns la lletra, el ritme, etc. M\u00e9s tard ens vam centrar en la part audiovisual, decidint quina seria l&#8217;escaleta que seguiriem en el gui\u00f3 del clip. Aquest proc\u00e9s va comptar amb la participaci\u00f3 de tot l&#8217;alumnat, aportant idees i completant la de la resta de companys.<\/p>\n<p><img loading=\"lazy\" decoding=\"async\" class=\"alignnone size-medium wp-image-4302\" src=\"https:\/\/agora.xtec.cat\/escolapauvila\/wp-content\/uploads\/usu1565\/2021\/02\/Captura-de-Pantalla-2021-02-23-a-les-17.09.48-300x239.png\" alt=\"\" width=\"300\" height=\"239\" srcset=\"https:\/\/agora.xtec.cat\/escolapauvila\/wp-content\/uploads\/usu1565\/2021\/02\/Captura-de-Pantalla-2021-02-23-a-les-17.09.48-300x239.png 300w, https:\/\/agora.xtec.cat\/escolapauvila\/wp-content\/uploads\/usu1565\/2021\/02\/Captura-de-Pantalla-2021-02-23-a-les-17.09.48.png 662w\" sizes=\"auto, (max-width: 300px) 100vw, 300px\" \/><\/p>\n<p>Tamb\u00e9 vam fer propostes de balls i moviments que podriem seguir, i ens ho vam passar molt b\u00e9 creant les danses! Fins i tot un company, en Biel, es va oferir a enregistrar la m\u00fasica amb el seu instrument: el bombard\u00ed.<\/p>\n<p><img loading=\"lazy\" decoding=\"async\" class=\"size-medium wp-image-4298 alignnone\" src=\"https:\/\/agora.xtec.cat\/escolapauvila\/wp-content\/uploads\/usu1565\/2021\/02\/ball-300x225.jpg\" alt=\"\" width=\"300\" height=\"225\" srcset=\"https:\/\/agora.xtec.cat\/escolapauvila\/wp-content\/uploads\/usu1565\/2021\/02\/ball-300x225.jpg 300w, https:\/\/agora.xtec.cat\/escolapauvila\/wp-content\/uploads\/usu1565\/2021\/02\/ball-768x576.jpg 768w, https:\/\/agora.xtec.cat\/escolapauvila\/wp-content\/uploads\/usu1565\/2021\/02\/ball-1024x768.jpg 1024w, https:\/\/agora.xtec.cat\/escolapauvila\/wp-content\/uploads\/usu1565\/2021\/02\/ball-200x150.jpg 200w, https:\/\/agora.xtec.cat\/escolapauvila\/wp-content\/uploads\/usu1565\/2021\/02\/ball.jpg 1052w\" sizes=\"auto, (max-width: 300px) 100vw, 300px\" \/><\/p>\n<p>Finalment, un cop teniem ben clar quines serien les escenes que apreixerien al v\u00eddeo, cada alumne va triar a quines escenes voldria apar\u00e9ixer. La condici\u00f3 era que tothom hi havia de participar!<\/p>\n<p><img loading=\"lazy\" decoding=\"async\" class=\"size-medium wp-image-4299 alignleft\" src=\"https:\/\/agora.xtec.cat\/escolapauvila\/wp-content\/uploads\/usu1565\/2021\/02\/llista-1-300x225.jpg\" alt=\"\" width=\"300\" height=\"225\" srcset=\"https:\/\/agora.xtec.cat\/escolapauvila\/wp-content\/uploads\/usu1565\/2021\/02\/llista-1-300x225.jpg 300w, https:\/\/agora.xtec.cat\/escolapauvila\/wp-content\/uploads\/usu1565\/2021\/02\/llista-1-768x576.jpg 768w, https:\/\/agora.xtec.cat\/escolapauvila\/wp-content\/uploads\/usu1565\/2021\/02\/llista-1-200x150.jpg 200w, https:\/\/agora.xtec.cat\/escolapauvila\/wp-content\/uploads\/usu1565\/2021\/02\/llista-1.jpg 976w\" sizes=\"auto, (max-width: 300px) 100vw, 300px\" \/><\/p>\n<p>&nbsp;<\/p>\n<p>&nbsp;<\/p>\n<p>&nbsp;<\/p>\n<p>&nbsp;<\/p>\n<p>&nbsp;<\/p>\n<p>&nbsp;<\/p>\n<p>I finalment&#8230; Aqu\u00ed teniu el resultat!<\/p>\n<p>Esperem que us agradi, ja que l&#8217;hem fet amb molta il\u00b7lusi\u00f3.<\/p>\n<p><iframe loading=\"lazy\" src=\"https:\/\/www.youtube.com\/embed\/zr7WQtULxLY\" width=\"560\" height=\"315\" frameborder=\"0\"><\/iframe><\/p>\n<p>Tamb\u00e9 podeu escoltar la versi\u00f3 que ens va fer en Biel amb el seu bombard\u00ed!<br \/>\n<iframe loading=\"lazy\" src=\"https:\/\/w.soundcloud.com\/player\/?url=https%3A\/\/api.soundcloud.com\/tracks\/1006217218&amp;color=%23ff5500&amp;auto_play=false&amp;hide_related=false&amp;show_comments=true&amp;show_user=true&amp;show_reposts=false&amp;show_teaser=true\" width=\"100%\" height=\"166\" frameborder=\"no\"><\/iframe><\/p>\n<div style=\"font-size: 10px; color: #cccccc; line-break: anywhere; word-break: normal; overflow: hidden; white-space: nowrap; text-overflow: ellipsis; font-family: Interstate,Lucida Grande,Lucida Sans Unicode,Lucida Sans,Garuda,Verdana,Tahoma,sans-serif; font-weight: 100;\"><a style=\"color: #cccccc; text-decoration: none;\" title=\"ERNEST LANDA FLAMERICH\" href=\"https:\/\/soundcloud.com\/ernest-landa-flamerich\" target=\"_blank\" rel=\"noopener noreferrer\">ERNEST LANDA FLAMERICH<\/a> \u00b7 <a style=\"color: #cccccc; text-decoration: none;\" title=\"SI TOTS HO FEM M\u00e9s Biel\" href=\"https:\/\/soundcloud.com\/ernest-landa-flamerich\/si-tots-ho-fem-mes-biel\" target=\"_blank\" rel=\"noopener noreferrer\">SI TOTS HO FEM M\u00e9s Biel<\/a><\/div>\n<p>&nbsp;<\/p>\n","protected":false},"excerpt":{"rendered":"<p>Per fi, ja el tenim aqu\u00ed!<br \/>\nEls alumnes de 5\u00e8 hem estat for\u00e7a temps preparant un videoclip amb la can\u00e7\u00f3 &#8220;Si tots ho fem&#8220;, i ara ja el tenim llest per l&#8217;estrena!<br \/>\nEl proc\u00e9s que hem seguit ha estat molt elaborat. Primer vam tenir una presa de&hellip;  <a href=\"https:\/\/agora.xtec.cat\/escolapauvila\/grans\/5e\/videoclip\/\" title=\"Read Videoclip\">Llegeix m\u00e9s\u00bb<\/a><\/p>\n","protected":false},"author":1,"featured_media":4298,"comment_status":"open","ping_status":"closed","sticky":false,"template":"","format":"standard","meta":{"_bbp_topic_count":0,"_bbp_reply_count":0,"_bbp_total_topic_count":0,"_bbp_total_reply_count":0,"_bbp_voice_count":0,"_bbp_anonymous_reply_count":0,"_bbp_topic_count_hidden":0,"_bbp_reply_count_hidden":0,"_bbp_forum_subforum_count":0,"footnotes":""},"categories":[14,61],"tags":[83,77],"class_list":["post-4297","post","type-post","status-publish","format-standard","has-post-thumbnail","hentry","category-5e","category-grans","tag-5c20-21","tag-nascuts2010"],"post_mailing_queue_ids":[],"_links":{"self":[{"href":"https:\/\/agora.xtec.cat\/escolapauvila\/wp-json\/wp\/v2\/posts\/4297","targetHints":{"allow":["GET"]}}],"collection":[{"href":"https:\/\/agora.xtec.cat\/escolapauvila\/wp-json\/wp\/v2\/posts"}],"about":[{"href":"https:\/\/agora.xtec.cat\/escolapauvila\/wp-json\/wp\/v2\/types\/post"}],"author":[{"embeddable":true,"href":"https:\/\/agora.xtec.cat\/escolapauvila\/wp-json\/wp\/v2\/users\/1"}],"replies":[{"embeddable":true,"href":"https:\/\/agora.xtec.cat\/escolapauvila\/wp-json\/wp\/v2\/comments?post=4297"}],"version-history":[{"count":3,"href":"https:\/\/agora.xtec.cat\/escolapauvila\/wp-json\/wp\/v2\/posts\/4297\/revisions"}],"predecessor-version":[{"id":4631,"href":"https:\/\/agora.xtec.cat\/escolapauvila\/wp-json\/wp\/v2\/posts\/4297\/revisions\/4631"}],"wp:featuredmedia":[{"embeddable":true,"href":"https:\/\/agora.xtec.cat\/escolapauvila\/wp-json\/wp\/v2\/media\/4298"}],"wp:attachment":[{"href":"https:\/\/agora.xtec.cat\/escolapauvila\/wp-json\/wp\/v2\/media?parent=4297"}],"wp:term":[{"taxonomy":"category","embeddable":true,"href":"https:\/\/agora.xtec.cat\/escolapauvila\/wp-json\/wp\/v2\/categories?post=4297"},{"taxonomy":"post_tag","embeddable":true,"href":"https:\/\/agora.xtec.cat\/escolapauvila\/wp-json\/wp\/v2\/tags?post=4297"}],"curies":[{"name":"wp","href":"https:\/\/api.w.org\/{rel}","templated":true}]}}