{"id":4127,"date":"2021-02-13T22:53:26","date_gmt":"2021-02-13T21:53:26","guid":{"rendered":"https:\/\/agora.xtec.cat\/escolapauvila\/?p=4127"},"modified":"2021-02-13T22:53:26","modified_gmt":"2021-02-13T21:53:26","slug":"setmana-carnavalera-%f0%9f%8e%89","status":"publish","type":"post","link":"https:\/\/agora.xtec.cat\/escolapauvila\/mitjans\/setmana-carnavalera-%f0%9f%8e%89\/","title":{"rendered":"Setmana carnavalera \ud83c\udf89"},"content":{"rendered":"<p>Quina setmana m\u00e9s divertida: gresca i xerinola per tot arreu!!!!<\/p>\n<p><strong>Divendres<\/strong> va arribar el Rei Carnestoltes, i els Delegats i Delegades de l&#8217;escola ens van preparar un v\u00eddeo que van penjar a la web de l&#8217;escola.<\/p>\n<p>Cada dia, hem seguit les <strong>consignes<\/strong> i hem fet una desfilada a la classe. L&#8217;objectiu era perdre la vergonya, fer gresca, divertir-se&#8230; I ho hem aconseguit.<\/p>\n<ul>\n<li>Dilluns: si t&#8217;agrada molt dormir, en pijama has de venir.<\/li>\n<li>Dimarts: si a l&#8217;escola dimarts vols assistir, amb un petinat divertit has de venir.<\/li>\n<li>Si als teus pares vols assemblar, vestit d&#8217;un ofici haur\u00e0s d&#8217;anar.<\/li>\n<\/ul>\n<p>Aqu\u00ed us deixo el recull dels <a href=\"https:\/\/photos.app.goo.gl\/3Tyers5KJay6MJhU7\">v\u00eddeos<\/a> de les desfilades que hem fet a la classe i de l&#8217;assaig del ball de comunitat.<\/p>\n\n\t\t<style type=\"text\/css\">\n\t\t\t#gallery-1 {\n\t\t\t\tmargin: auto;\n\t\t\t}\n\t\t\t#gallery-1 .gallery-item {\n\t\t\t\tfloat: left;\n\t\t\t\tmargin-top: 10px;\n\t\t\t\ttext-align: center;\n\t\t\t\twidth: 50%;\n\t\t\t}\n\t\t\t#gallery-1 img {\n\t\t\t\tborder: 2px solid #cfcfcf;\n\t\t\t}\n\t\t\t#gallery-1 .gallery-caption {\n\t\t\t\tmargin-left: 0;\n\t\t\t}\n\t\t\t\/* see gallery_shortcode() in wp-includes\/media.php *\/\n\t\t<\/style>\n\t\t<div id='gallery-1' class='gallery galleryid-4127 gallery-columns-2 gallery-size-large'><dl class='gallery-item'>\n\t\t\t<dt class='gallery-icon landscape'>\n\t\t\t\t<a href='https:\/\/agora.xtec.cat\/escolapauvila\/mitjans\/setmana-carnavalera-%f0%9f%8e%89\/attachment\/img_1898\/'><img loading=\"lazy\" decoding=\"async\" width=\"1024\" height=\"768\" src=\"https:\/\/agora.xtec.cat\/escolapauvila\/wp-content\/uploads\/usu1565\/2021\/02\/IMG_1898-1024x768.jpg\" class=\"attachment-large size-large\" alt=\"\" aria-describedby=\"gallery-1-4129\" srcset=\"https:\/\/agora.xtec.cat\/escolapauvila\/wp-content\/uploads\/usu1565\/2021\/02\/IMG_1898-1024x768.jpg 1024w, https:\/\/agora.xtec.cat\/escolapauvila\/wp-content\/uploads\/usu1565\/2021\/02\/IMG_1898-300x225.jpg 300w, https:\/\/agora.xtec.cat\/escolapauvila\/wp-content\/uploads\/usu1565\/2021\/02\/IMG_1898-768x576.jpg 768w, https:\/\/agora.xtec.cat\/escolapauvila\/wp-content\/uploads\/usu1565\/2021\/02\/IMG_1898-200x150.jpg 200w\" sizes=\"auto, (max-width: 1024px) 100vw, 1024px\" \/><\/a>\n\t\t\t<\/dt>\n\t\t\t\t<dd class='wp-caption-text gallery-caption' id='gallery-1-4129'>\n\t\t\t\tVenim en pijama a l&#8217;escola\n\t\t\t\t<\/dd><\/dl><dl class='gallery-item'>\n\t\t\t<dt class='gallery-icon landscape'>\n\t\t\t\t<a href='https:\/\/agora.xtec.cat\/escolapauvila\/mitjans\/setmana-carnavalera-%f0%9f%8e%89\/attachment\/img_5805\/'><img loading=\"lazy\" decoding=\"async\" width=\"1024\" height=\"768\" src=\"https:\/\/agora.xtec.cat\/escolapauvila\/wp-content\/uploads\/usu1565\/2021\/02\/IMG_5805-1024x768.jpg\" class=\"attachment-large size-large\" alt=\"\" aria-describedby=\"gallery-1-4130\" srcset=\"https:\/\/agora.xtec.cat\/escolapauvila\/wp-content\/uploads\/usu1565\/2021\/02\/IMG_5805-1024x768.jpg 1024w, https:\/\/agora.xtec.cat\/escolapauvila\/wp-content\/uploads\/usu1565\/2021\/02\/IMG_5805-300x225.jpg 300w, https:\/\/agora.xtec.cat\/escolapauvila\/wp-content\/uploads\/usu1565\/2021\/02\/IMG_5805-768x576.jpg 768w, https:\/\/agora.xtec.cat\/escolapauvila\/wp-content\/uploads\/usu1565\/2021\/02\/IMG_5805-200x150.jpg 200w\" sizes=\"auto, (max-width: 1024px) 100vw, 1024px\" \/><\/a>\n\t\t\t<\/dt>\n\t\t\t\t<dd class='wp-caption-text gallery-caption' id='gallery-1-4130'>\n\t\t\t\tVestits d&#8217;un ofici\n\t\t\t\t<\/dd><\/dl><br style=\"clear: both\" \/>\n\t\t<\/div>\n\n<p>Aquest any, com que la tem\u00e0tica d&#8217;escola s\u00f3n els <strong>40 anys,<\/strong> les disfresses tenen a veure amb cadascuna de les d\u00e8cades. Cada comunitat s&#8217;ha ocupat de representar una <strong>d\u00e8cada<\/strong>, i els Mitjans i Mitjanes fem la <strong>del 2000 al 2010.<\/strong> Entre els nivell ens hem organitzat per tal de mostrar la <strong>m\u00fasica<\/strong>, <strong>fets hist\u00f2rics<\/strong> i <strong>invents<\/strong> rellevants de la d\u00e8cada.<\/p>\n<p>La classe de l&#8217;Univers, hem representat la DESCOBERTA D&#8217;AIGUA AL PLANETA MART, un fet que est\u00e0 relacionat amb el nostre projecte d&#8217;aula. La performance tractava de fer apareixer aigua a Mart quan passava el robot espacial.<\/p>\n\n\t\t<style type=\"text\/css\">\n\t\t\t#gallery-2 {\n\t\t\t\tmargin: auto;\n\t\t\t}\n\t\t\t#gallery-2 .gallery-item {\n\t\t\t\tfloat: left;\n\t\t\t\tmargin-top: 10px;\n\t\t\t\ttext-align: center;\n\t\t\t\twidth: 50%;\n\t\t\t}\n\t\t\t#gallery-2 img {\n\t\t\t\tborder: 2px solid #cfcfcf;\n\t\t\t}\n\t\t\t#gallery-2 .gallery-caption {\n\t\t\t\tmargin-left: 0;\n\t\t\t}\n\t\t\t\/* see gallery_shortcode() in wp-includes\/media.php *\/\n\t\t<\/style>\n\t\t<div id='gallery-2' class='gallery galleryid-4127 gallery-columns-2 gallery-size-large'><dl class='gallery-item'>\n\t\t\t<dt class='gallery-icon landscape'>\n\t\t\t\t<a href='https:\/\/agora.xtec.cat\/escolapauvila\/mitjans\/setmana-carnavalera-%f0%9f%8e%89\/attachment\/dsc09433\/'><img loading=\"lazy\" decoding=\"async\" width=\"1024\" height=\"682\" src=\"https:\/\/agora.xtec.cat\/escolapauvila\/wp-content\/uploads\/usu1565\/2021\/02\/DSC09433-1024x682.jpg\" class=\"attachment-large size-large\" alt=\"\" srcset=\"https:\/\/agora.xtec.cat\/escolapauvila\/wp-content\/uploads\/usu1565\/2021\/02\/DSC09433-1024x682.jpg 1024w, https:\/\/agora.xtec.cat\/escolapauvila\/wp-content\/uploads\/usu1565\/2021\/02\/DSC09433-300x200.jpg 300w, https:\/\/agora.xtec.cat\/escolapauvila\/wp-content\/uploads\/usu1565\/2021\/02\/DSC09433-768x511.jpg 768w\" sizes=\"auto, (max-width: 1024px) 100vw, 1024px\" \/><\/a>\n\t\t\t<\/dt><\/dl><dl class='gallery-item'>\n\t\t\t<dt class='gallery-icon landscape'>\n\t\t\t\t<a href='https:\/\/agora.xtec.cat\/escolapauvila\/mitjans\/setmana-carnavalera-%f0%9f%8e%89\/attachment\/dsc09446\/'><img loading=\"lazy\" decoding=\"async\" width=\"1024\" height=\"682\" src=\"https:\/\/agora.xtec.cat\/escolapauvila\/wp-content\/uploads\/usu1565\/2021\/02\/DSC09446-1024x682.jpg\" class=\"attachment-large size-large\" alt=\"\" srcset=\"https:\/\/agora.xtec.cat\/escolapauvila\/wp-content\/uploads\/usu1565\/2021\/02\/DSC09446-1024x682.jpg 1024w, https:\/\/agora.xtec.cat\/escolapauvila\/wp-content\/uploads\/usu1565\/2021\/02\/DSC09446-300x200.jpg 300w, https:\/\/agora.xtec.cat\/escolapauvila\/wp-content\/uploads\/usu1565\/2021\/02\/DSC09446-768x511.jpg 768w\" sizes=\"auto, (max-width: 1024px) 100vw, 1024px\" \/><\/a>\n\t\t\t<\/dt><\/dl><br style=\"clear: both\" \/><dl class='gallery-item'>\n\t\t\t<dt class='gallery-icon landscape'>\n\t\t\t\t<a href='https:\/\/agora.xtec.cat\/escolapauvila\/mitjans\/setmana-carnavalera-%f0%9f%8e%89\/attachment\/dsc09440\/'><img loading=\"lazy\" decoding=\"async\" width=\"1024\" height=\"682\" src=\"https:\/\/agora.xtec.cat\/escolapauvila\/wp-content\/uploads\/usu1565\/2021\/02\/DSC09440-1024x682.jpg\" class=\"attachment-large size-large\" alt=\"\" srcset=\"https:\/\/agora.xtec.cat\/escolapauvila\/wp-content\/uploads\/usu1565\/2021\/02\/DSC09440-1024x682.jpg 1024w, https:\/\/agora.xtec.cat\/escolapauvila\/wp-content\/uploads\/usu1565\/2021\/02\/DSC09440-300x200.jpg 300w, https:\/\/agora.xtec.cat\/escolapauvila\/wp-content\/uploads\/usu1565\/2021\/02\/DSC09440-768x511.jpg 768w\" sizes=\"auto, (max-width: 1024px) 100vw, 1024px\" \/><\/a>\n\t\t\t<\/dt><\/dl><dl class='gallery-item'>\n\t\t\t<dt class='gallery-icon landscape'>\n\t\t\t\t<a href='https:\/\/agora.xtec.cat\/escolapauvila\/mitjans\/setmana-carnavalera-%f0%9f%8e%89\/attachment\/dsc09514\/'><img loading=\"lazy\" decoding=\"async\" width=\"1024\" height=\"682\" src=\"https:\/\/agora.xtec.cat\/escolapauvila\/wp-content\/uploads\/usu1565\/2021\/02\/DSC09514-1024x682.jpg\" class=\"attachment-large size-large\" alt=\"\" srcset=\"https:\/\/agora.xtec.cat\/escolapauvila\/wp-content\/uploads\/usu1565\/2021\/02\/DSC09514-1024x682.jpg 1024w, https:\/\/agora.xtec.cat\/escolapauvila\/wp-content\/uploads\/usu1565\/2021\/02\/DSC09514-300x200.jpg 300w, https:\/\/agora.xtec.cat\/escolapauvila\/wp-content\/uploads\/usu1565\/2021\/02\/DSC09514-768x511.jpg 768w\" sizes=\"auto, (max-width: 1024px) 100vw, 1024px\" \/><\/a>\n\t\t\t<\/dt><\/dl><br style=\"clear: both\" \/>\n\t\t<\/div>\n\n<p>Un cop ja est\u00e0vem organitzats, des de dilluns hem anat <strong>confeccionant<\/strong> les nostres disfresses:<\/p>\n<p>A m\u00e9s a m\u00e9s, hem estat assajant una petita <strong>coreografia<\/strong> pel dia de la rua, per tal de poder mostrar la nostra disfressa i la nostra performance de forma aut\u00f3noma.<\/p>\n<p>I el dijous al <strong>mat\u00ed<\/strong> hem fet la mostra de les disfresses amb la comunitat de mitjanes i mitjans, per\u00f2 sobretot hem ballat i gaudit de valent.\u00a0 I, per acabar, dijous a la <strong>tarda<\/strong> hem estat fent tallers de maquillatge i de <strong>m\u00e0scares<\/strong>.<\/p>\n<p>&nbsp;<\/p>\n<p>Ha estat un Carnestoltes diferent; sobretot perqu\u00e8 hem trobat a faltar la participaci\u00f3 i col\u00b7laboraci\u00f3 de les <strong>fam\u00edlies<\/strong>. Per\u00f2 degut a la situaci\u00f3 que estem vivint, hem hagut de fer algunes ren\u00fancies i aquesta, malauradament ha estat una d&#8217;elles.<\/p>\n<p>Tot i aix\u00ed estem contents i contentes d&#8217;haver pogut celebrar aquesta tradici\u00f3 amb la nostra Comunitat.<\/p>\n<p>&nbsp;<\/p>\n<h2 style=\"text-align: center;\"><span style=\"text-decoration: underline;\"><strong>FELI\u00c7 CARNESTOLTES A TOTES I A TOTS!!!!<\/strong><\/span><\/h2>\n<p><a href=\"https:\/\/agora.xtec.cat\/escolapauvila\/wp-content\/uploads\/usu1565\/2021\/02\/DSC09374.jpg\"><img loading=\"lazy\" decoding=\"async\" class=\"alignnone size-full wp-image-4128\" src=\"https:\/\/agora.xtec.cat\/escolapauvila\/wp-content\/uploads\/usu1565\/2021\/02\/DSC09374.jpg\" alt=\"\" width=\"5456\" height=\"3632\" srcset=\"https:\/\/agora.xtec.cat\/escolapauvila\/wp-content\/uploads\/usu1565\/2021\/02\/DSC09374.jpg 5456w, https:\/\/agora.xtec.cat\/escolapauvila\/wp-content\/uploads\/usu1565\/2021\/02\/DSC09374-300x200.jpg 300w, https:\/\/agora.xtec.cat\/escolapauvila\/wp-content\/uploads\/usu1565\/2021\/02\/DSC09374-768x511.jpg 768w, https:\/\/agora.xtec.cat\/escolapauvila\/wp-content\/uploads\/usu1565\/2021\/02\/DSC09374-1024x682.jpg 1024w\" sizes=\"auto, (max-width: 5456px) 100vw, 5456px\" \/><\/a><\/p>\n","protected":false},"excerpt":{"rendered":"<p>Quina setmana m\u00e9s divertida: gresca i xerinola per tot arreu!!!!<br \/>\nDivendres va arribar el Rei Carnestoltes, i els Delegats i Delegades de l&#8217;escola ens van preparar un v\u00eddeo que van penjar a la web de l&#8217;escola.<br \/>\nCada dia, hem seguit les consignes i hem fet una desfilada&hellip;  <a href=\"https:\/\/agora.xtec.cat\/escolapauvila\/mitjans\/setmana-carnavalera-%f0%9f%8e%89\/\" title=\"Read Setmana carnavalera \ud83c\udf89\">Llegeix m\u00e9s\u00bb<\/a><\/p>\n","protected":false},"author":1,"featured_media":4128,"comment_status":"open","ping_status":"closed","sticky":false,"template":"","format":"standard","meta":{"_bbp_topic_count":0,"_bbp_reply_count":0,"_bbp_total_topic_count":0,"_bbp_total_reply_count":0,"_bbp_voice_count":0,"_bbp_anonymous_reply_count":0,"_bbp_topic_count_hidden":0,"_bbp_reply_count_hidden":0,"_bbp_forum_subforum_count":0,"footnotes":""},"categories":[11,5],"tags":[80,168,163,81],"class_list":["post-4127","post","type-post","status-publish","format-standard","has-post-thumbnail","hentry","category-2n","category-mitjans","tag-2b20-21","tag-carnaval","tag-carnestoltes","tag-nascuts2013"],"post_mailing_queue_ids":[],"_links":{"self":[{"href":"https:\/\/agora.xtec.cat\/escolapauvila\/wp-json\/wp\/v2\/posts\/4127","targetHints":{"allow":["GET"]}}],"collection":[{"href":"https:\/\/agora.xtec.cat\/escolapauvila\/wp-json\/wp\/v2\/posts"}],"about":[{"href":"https:\/\/agora.xtec.cat\/escolapauvila\/wp-json\/wp\/v2\/types\/post"}],"author":[{"embeddable":true,"href":"https:\/\/agora.xtec.cat\/escolapauvila\/wp-json\/wp\/v2\/users\/1"}],"replies":[{"embeddable":true,"href":"https:\/\/agora.xtec.cat\/escolapauvila\/wp-json\/wp\/v2\/comments?post=4127"}],"version-history":[{"count":2,"href":"https:\/\/agora.xtec.cat\/escolapauvila\/wp-json\/wp\/v2\/posts\/4127\/revisions"}],"predecessor-version":[{"id":4136,"href":"https:\/\/agora.xtec.cat\/escolapauvila\/wp-json\/wp\/v2\/posts\/4127\/revisions\/4136"}],"wp:featuredmedia":[{"embeddable":true,"href":"https:\/\/agora.xtec.cat\/escolapauvila\/wp-json\/wp\/v2\/media\/4128"}],"wp:attachment":[{"href":"https:\/\/agora.xtec.cat\/escolapauvila\/wp-json\/wp\/v2\/media?parent=4127"}],"wp:term":[{"taxonomy":"category","embeddable":true,"href":"https:\/\/agora.xtec.cat\/escolapauvila\/wp-json\/wp\/v2\/categories?post=4127"},{"taxonomy":"post_tag","embeddable":true,"href":"https:\/\/agora.xtec.cat\/escolapauvila\/wp-json\/wp\/v2\/tags?post=4127"}],"curies":[{"name":"wp","href":"https:\/\/api.w.org\/{rel}","templated":true}]}}