{"id":4093,"date":"2021-02-13T18:08:58","date_gmt":"2021-02-13T17:08:58","guid":{"rendered":"https:\/\/agora.xtec.cat\/escolapauvila\/?p=4093"},"modified":"2021-02-13T18:08:58","modified_gmt":"2021-02-13T17:08:58","slug":"el-carnaval-de-les-roques-i-minerals","status":"publish","type":"post","link":"https:\/\/agora.xtec.cat\/escolapauvila\/mitjans\/el-carnaval-de-les-roques-i-minerals\/","title":{"rendered":"EL CARNAVAL DE LES ROQUES I MINERALS"},"content":{"rendered":"<p><span style=\"font-family: 'andale mono', monospace;\">DURANT TOTA UNA SETMANA, A LA CLASSE HEM ESTAT CELEBRANT EL <strong>CARNAVAL<\/strong><\/span><\/p>\n<p><img loading=\"lazy\" decoding=\"async\" class=\"alignright\" src=\"https:\/\/www.parkia.es\/wp-content\/uploads\/2018\/02\/carnaval-1200x565.jpg\" alt=\"Resultado de imagen de CARNAVAL\" width=\"180\" height=\"85\" \/><span style=\"font-family: 'andale mono', monospace;\">I SEGUINT EL QUE ENS<\/span><span style=\"font-family: 'andale mono', monospace;\"> INDICA EL CARNESTOLTES.<\/span><\/p>\n<p>&nbsp;<\/p>\n<p><span style=\"font-family: 'andale mono', monospace;\">EL DIVENDRES 5, ELS DELEGATS I DELEGADES ENS VAN FER ARRIBAR EL <strong>PREG\u00d3 DEL CARNESTOLTES<\/strong> I LES <strong>CONSIGNES<\/strong> DE LA SETMANA<\/span><\/p>\n<p><a href=\"https:\/\/agora.xtec.cat\/escolapauvila\/wp-content\/uploads\/usu1565\/2021\/02\/Archivo_002-1.jpeg\">\u00a0 <img loading=\"lazy\" decoding=\"async\" class=\"alignnone  wp-image-4098\" src=\"https:\/\/agora.xtec.cat\/escolapauvila\/wp-content\/uploads\/usu1565\/2021\/02\/Archivo_002-1-1024x768.jpeg\" alt=\"\" width=\"398\" height=\"298\" srcset=\"https:\/\/agora.xtec.cat\/escolapauvila\/wp-content\/uploads\/usu1565\/2021\/02\/Archivo_002-1-1024x768.jpeg 1024w, https:\/\/agora.xtec.cat\/escolapauvila\/wp-content\/uploads\/usu1565\/2021\/02\/Archivo_002-1-300x225.jpeg 300w, https:\/\/agora.xtec.cat\/escolapauvila\/wp-content\/uploads\/usu1565\/2021\/02\/Archivo_002-1-768x576.jpeg 768w, https:\/\/agora.xtec.cat\/escolapauvila\/wp-content\/uploads\/usu1565\/2021\/02\/Archivo_002-1-200x150.jpeg 200w, https:\/\/agora.xtec.cat\/escolapauvila\/wp-content\/uploads\/usu1565\/2021\/02\/Archivo_002-1.jpeg 2032w\" sizes=\"auto, (max-width: 398px) 100vw, 398px\" \/> <\/a> \u00a0\u00a0 \u00a0\u00a0 \u00a0\u00a0 \u00a0\u00a0<a href=\"https:\/\/agora.xtec.cat\/escolapauvila\/wp-content\/uploads\/usu1565\/2021\/02\/Archivo_001-1.jpeg\"><img loading=\"lazy\" decoding=\"async\" class=\"alignnone  wp-image-4096\" src=\"https:\/\/agora.xtec.cat\/escolapauvila\/wp-content\/uploads\/usu1565\/2021\/02\/Archivo_001-1-1024x768.jpeg\" alt=\"\" width=\"396\" height=\"298\" srcset=\"https:\/\/agora.xtec.cat\/escolapauvila\/wp-content\/uploads\/usu1565\/2021\/02\/Archivo_001-1-1024x768.jpeg 1024w, https:\/\/agora.xtec.cat\/escolapauvila\/wp-content\/uploads\/usu1565\/2021\/02\/Archivo_001-1-300x225.jpeg 300w, https:\/\/agora.xtec.cat\/escolapauvila\/wp-content\/uploads\/usu1565\/2021\/02\/Archivo_001-1-768x576.jpeg 768w, https:\/\/agora.xtec.cat\/escolapauvila\/wp-content\/uploads\/usu1565\/2021\/02\/Archivo_001-1-200x150.jpeg 200w, https:\/\/agora.xtec.cat\/escolapauvila\/wp-content\/uploads\/usu1565\/2021\/02\/Archivo_001-1.jpeg 2032w\" sizes=\"auto, (max-width: 396px) 100vw, 396px\" \/><\/a><\/p>\n<p>&nbsp;<\/p>\n<p><span style=\"font-family: 'andale mono', monospace;\">CONTINUANT LA TRADICI\u00d3, TOT I QUE ERA UN CARNAVAL AT\u00cdPIC VAM SEGUIR LES CONSIGNES<\/span><\/p>\n<p><span style=\"font-family: 'andale mono', monospace;\"><strong><span style=\"color: #ff6600;\">DILLUNS<\/span><\/strong> VAM VENIR EN PIJAMA<\/span><\/p>\n<p><a href=\"https:\/\/agora.xtec.cat\/escolapauvila\/wp-content\/uploads\/usu1565\/2021\/02\/Archivo_003-1.jpeg\"><img loading=\"lazy\" decoding=\"async\" class=\"alignnone size-large wp-image-4100\" src=\"https:\/\/agora.xtec.cat\/escolapauvila\/wp-content\/uploads\/usu1565\/2021\/02\/Archivo_003-1-1024x768.jpeg\" alt=\"\" width=\"1024\" height=\"768\" srcset=\"https:\/\/agora.xtec.cat\/escolapauvila\/wp-content\/uploads\/usu1565\/2021\/02\/Archivo_003-1-1024x768.jpeg 1024w, https:\/\/agora.xtec.cat\/escolapauvila\/wp-content\/uploads\/usu1565\/2021\/02\/Archivo_003-1-300x225.jpeg 300w, https:\/\/agora.xtec.cat\/escolapauvila\/wp-content\/uploads\/usu1565\/2021\/02\/Archivo_003-1-768x576.jpeg 768w, https:\/\/agora.xtec.cat\/escolapauvila\/wp-content\/uploads\/usu1565\/2021\/02\/Archivo_003-1-200x150.jpeg 200w, https:\/\/agora.xtec.cat\/escolapauvila\/wp-content\/uploads\/usu1565\/2021\/02\/Archivo_003-1.jpeg 2032w\" sizes=\"auto, (max-width: 1024px) 100vw, 1024px\" \/><\/a><\/p>\n<p><span style=\"font-family: 'andale mono', monospace;\"><strong><span style=\"color: #800080;\">DIMARTS<\/span><\/strong> PORT\u00c0VEM UN PENTINAT ESBOJARRAT<\/span><\/p>\n<p><a href=\"https:\/\/agora.xtec.cat\/escolapauvila\/wp-content\/uploads\/usu1565\/2021\/02\/Archivo_005-1.jpeg\"><img loading=\"lazy\" decoding=\"async\" class=\"alignnone  wp-image-4104\" src=\"https:\/\/agora.xtec.cat\/escolapauvila\/wp-content\/uploads\/usu1565\/2021\/02\/Archivo_005-1-1024x768.jpeg\" alt=\"\" width=\"445\" height=\"333\" srcset=\"https:\/\/agora.xtec.cat\/escolapauvila\/wp-content\/uploads\/usu1565\/2021\/02\/Archivo_005-1-1024x768.jpeg 1024w, https:\/\/agora.xtec.cat\/escolapauvila\/wp-content\/uploads\/usu1565\/2021\/02\/Archivo_005-1-300x225.jpeg 300w, https:\/\/agora.xtec.cat\/escolapauvila\/wp-content\/uploads\/usu1565\/2021\/02\/Archivo_005-1-768x576.jpeg 768w, https:\/\/agora.xtec.cat\/escolapauvila\/wp-content\/uploads\/usu1565\/2021\/02\/Archivo_005-1-200x150.jpeg 200w, https:\/\/agora.xtec.cat\/escolapauvila\/wp-content\/uploads\/usu1565\/2021\/02\/Archivo_005-1.jpeg 2032w\" sizes=\"auto, (max-width: 445px) 100vw, 445px\" \/><\/a><img loading=\"lazy\" decoding=\"async\" class=\"alignnone  wp-image-4106\" src=\"https:\/\/agora.xtec.cat\/escolapauvila\/wp-content\/uploads\/usu1565\/2021\/02\/Archivo_006-1-1024x768.jpeg\" alt=\"\" width=\"447\" height=\"336\" srcset=\"https:\/\/agora.xtec.cat\/escolapauvila\/wp-content\/uploads\/usu1565\/2021\/02\/Archivo_006-1-1024x768.jpeg 1024w, https:\/\/agora.xtec.cat\/escolapauvila\/wp-content\/uploads\/usu1565\/2021\/02\/Archivo_006-1-300x225.jpeg 300w, https:\/\/agora.xtec.cat\/escolapauvila\/wp-content\/uploads\/usu1565\/2021\/02\/Archivo_006-1-768x576.jpeg 768w, https:\/\/agora.xtec.cat\/escolapauvila\/wp-content\/uploads\/usu1565\/2021\/02\/Archivo_006-1-200x150.jpeg 200w, https:\/\/agora.xtec.cat\/escolapauvila\/wp-content\/uploads\/usu1565\/2021\/02\/Archivo_006-1.jpeg 2032w\" sizes=\"auto, (max-width: 447px) 100vw, 447px\" \/><\/p>\n<p><span style=\"font-family: 'andale mono', monospace;\"><strong><span style=\"color: #0000ff;\">DIMECRES<\/span><\/strong> VAM VENIR D&#8217;UN OFICI<\/span><\/p>\n<p><a href=\"https:\/\/agora.xtec.cat\/escolapauvila\/wp-content\/uploads\/usu1565\/2021\/02\/Archivo_007-1.jpeg\"><img loading=\"lazy\" decoding=\"async\" class=\"wp-image-4108 aligncenter\" src=\"https:\/\/agora.xtec.cat\/escolapauvila\/wp-content\/uploads\/usu1565\/2021\/02\/Archivo_007-1-1024x768.jpeg\" alt=\"\" width=\"740\" height=\"555\" srcset=\"https:\/\/agora.xtec.cat\/escolapauvila\/wp-content\/uploads\/usu1565\/2021\/02\/Archivo_007-1-1024x768.jpeg 1024w, https:\/\/agora.xtec.cat\/escolapauvila\/wp-content\/uploads\/usu1565\/2021\/02\/Archivo_007-1-300x225.jpeg 300w, https:\/\/agora.xtec.cat\/escolapauvila\/wp-content\/uploads\/usu1565\/2021\/02\/Archivo_007-1-768x576.jpeg 768w, https:\/\/agora.xtec.cat\/escolapauvila\/wp-content\/uploads\/usu1565\/2021\/02\/Archivo_007-1-200x150.jpeg 200w, https:\/\/agora.xtec.cat\/escolapauvila\/wp-content\/uploads\/usu1565\/2021\/02\/Archivo_007-1.jpeg 2032w\" sizes=\"auto, (max-width: 740px) 100vw, 740px\" \/><\/a><\/p>\n<p><span style=\"font-family: 'andale mono', monospace;\">I <strong><span style=\"color: #00ff00;\">DIVENDRES<\/span><\/strong>&#8230;&#8230;.ENS VAM DISFRESSAR!!!<\/span><\/p>\n<p><a href=\"https:\/\/agora.xtec.cat\/escolapauvila\/wp-content\/uploads\/usu1565\/2021\/02\/Archivo_000-2.jpeg\"><img loading=\"lazy\" decoding=\"async\" class=\"wp-image-4111 aligncenter\" src=\"https:\/\/agora.xtec.cat\/escolapauvila\/wp-content\/uploads\/usu1565\/2021\/02\/Archivo_000-2-1024x764.jpeg\" alt=\"\" width=\"669\" height=\"499\" srcset=\"https:\/\/agora.xtec.cat\/escolapauvila\/wp-content\/uploads\/usu1565\/2021\/02\/Archivo_000-2-1024x764.jpeg 1024w, https:\/\/agora.xtec.cat\/escolapauvila\/wp-content\/uploads\/usu1565\/2021\/02\/Archivo_000-2-300x224.jpeg 300w, https:\/\/agora.xtec.cat\/escolapauvila\/wp-content\/uploads\/usu1565\/2021\/02\/Archivo_000-2-768x573.jpeg 768w, https:\/\/agora.xtec.cat\/escolapauvila\/wp-content\/uploads\/usu1565\/2021\/02\/Archivo_000-2-200x150.jpeg 200w, https:\/\/agora.xtec.cat\/escolapauvila\/wp-content\/uploads\/usu1565\/2021\/02\/Archivo_000-2.jpeg 2032w\" sizes=\"auto, (max-width: 669px) 100vw, 669px\" \/><\/a><span style=\"font-family: 'andale mono', monospace;\">AQUEST ANY, AMB MOTIU DELS <span style=\"font-family: impact, sans-serif; font-size: 36px; color: #993300;\">40<\/span> ANYS DE L&#8217;ESCOLA, LA TEM\u00c0TICA ERA LA M\u00daSICA, ELS FETS HIST\u00d2RICS I ELS INVENTS D&#8217;AQUESTES \u00daLTIMES QUATRE D\u00c8CADES!!!<\/span><\/p>\n<p>&nbsp;<\/p>\n<p><span style=\"font-family: 'andale mono', monospace;\">A PRIMER VAM PREPARAR LA <strong>M\u00daSICA<\/strong> DEL <strong>2000<\/strong> AL <strong>2010<\/strong> I ENS VAM DISFRESSAR DE L&#8217;ESTIL MUSICAL\u00a0<\/span><\/p>\n<p><span style=\"font-family: 'andale mono', monospace;\">\u00a0 \u00a0 \u00a0 \u00a0 \u00a0 \u00a0 \u00a0 <span style=\"font-family: 'arial black', sans-serif; font-size: 32px; color: #000080;\">\u00a0 POP\u00a0<\/span> \u00a0 \u00a0 <span style=\"color: #ff6600;\"><strong><span style=\"font-family: 'trebuchet ms', geneva, sans-serif; font-size: 36px;\"><span style=\"color: #9e1fb8;\">ELECTR\u00d2NICA<\/span>\u00a0<\/span><\/strong><\/span> \u00a0 \u00a0 <span style=\"color: #ffff00;\"><strong><span style=\"font-family: 'comic sans ms', sans-serif; font-size: 32px;\">HIP HOP<\/span><\/strong><\/span><\/span><\/p>\n<p><span style=\"font-family: 'andale mono', monospace;\">DURANT TOTA LA SETMANA VAM PINTAR, RETALLAR I DECORAR I MIREU QU\u00c8 B\u00c9 ENS VA QUEDAR!!!!!<\/span><\/p>\n<table style=\"height: 277px;\" width=\"890\">\n<tbody>\n<tr>\n<td style=\"width: 293px;\"><a href=\"https:\/\/agora.xtec.cat\/escolapauvila\/wp-content\/uploads\/usu1565\/2021\/02\/Archivo_007.jpeg\"><img loading=\"lazy\" decoding=\"async\" class=\"alignnone size-large wp-image-4109\" src=\"https:\/\/agora.xtec.cat\/escolapauvila\/wp-content\/uploads\/usu1565\/2021\/02\/Archivo_007-1024x768.jpeg\" alt=\"\" width=\"1024\" height=\"768\" srcset=\"https:\/\/agora.xtec.cat\/escolapauvila\/wp-content\/uploads\/usu1565\/2021\/02\/Archivo_007-1024x768.jpeg 1024w, https:\/\/agora.xtec.cat\/escolapauvila\/wp-content\/uploads\/usu1565\/2021\/02\/Archivo_007-300x225.jpeg 300w, https:\/\/agora.xtec.cat\/escolapauvila\/wp-content\/uploads\/usu1565\/2021\/02\/Archivo_007-768x576.jpeg 768w, https:\/\/agora.xtec.cat\/escolapauvila\/wp-content\/uploads\/usu1565\/2021\/02\/Archivo_007-200x150.jpeg 200w, https:\/\/agora.xtec.cat\/escolapauvila\/wp-content\/uploads\/usu1565\/2021\/02\/Archivo_007.jpeg 2032w\" sizes=\"auto, (max-width: 1024px) 100vw, 1024px\" \/><\/a><\/td>\n<td style=\"width: 293px;\"><a href=\"https:\/\/agora.xtec.cat\/escolapauvila\/wp-content\/uploads\/usu1565\/2021\/02\/Archivo_006.jpeg\"><img loading=\"lazy\" decoding=\"async\" class=\"alignnone size-large wp-image-4107\" src=\"https:\/\/agora.xtec.cat\/escolapauvila\/wp-content\/uploads\/usu1565\/2021\/02\/Archivo_006-1024x768.jpeg\" alt=\"\" width=\"1024\" height=\"768\" srcset=\"https:\/\/agora.xtec.cat\/escolapauvila\/wp-content\/uploads\/usu1565\/2021\/02\/Archivo_006-1024x768.jpeg 1024w, https:\/\/agora.xtec.cat\/escolapauvila\/wp-content\/uploads\/usu1565\/2021\/02\/Archivo_006-300x225.jpeg 300w, https:\/\/agora.xtec.cat\/escolapauvila\/wp-content\/uploads\/usu1565\/2021\/02\/Archivo_006-768x576.jpeg 768w, https:\/\/agora.xtec.cat\/escolapauvila\/wp-content\/uploads\/usu1565\/2021\/02\/Archivo_006-200x150.jpeg 200w, https:\/\/agora.xtec.cat\/escolapauvila\/wp-content\/uploads\/usu1565\/2021\/02\/Archivo_006.jpeg 2032w\" sizes=\"auto, (max-width: 1024px) 100vw, 1024px\" \/><\/a><\/td>\n<td style=\"width: 294px;\"><a href=\"https:\/\/agora.xtec.cat\/escolapauvila\/wp-content\/uploads\/usu1565\/2021\/02\/Archivo_005.jpeg\"><img loading=\"lazy\" decoding=\"async\" class=\"alignnone size-large wp-image-4105\" src=\"https:\/\/agora.xtec.cat\/escolapauvila\/wp-content\/uploads\/usu1565\/2021\/02\/Archivo_005-1024x768.jpeg\" alt=\"\" width=\"1024\" height=\"768\" srcset=\"https:\/\/agora.xtec.cat\/escolapauvila\/wp-content\/uploads\/usu1565\/2021\/02\/Archivo_005-1024x768.jpeg 1024w, https:\/\/agora.xtec.cat\/escolapauvila\/wp-content\/uploads\/usu1565\/2021\/02\/Archivo_005-300x225.jpeg 300w, https:\/\/agora.xtec.cat\/escolapauvila\/wp-content\/uploads\/usu1565\/2021\/02\/Archivo_005-768x576.jpeg 768w, https:\/\/agora.xtec.cat\/escolapauvila\/wp-content\/uploads\/usu1565\/2021\/02\/Archivo_005-200x150.jpeg 200w, https:\/\/agora.xtec.cat\/escolapauvila\/wp-content\/uploads\/usu1565\/2021\/02\/Archivo_005.jpeg 2032w\" sizes=\"auto, (max-width: 1024px) 100vw, 1024px\" \/><\/a><\/td>\n<\/tr>\n<tr>\n<td style=\"width: 293px;\"><a href=\"https:\/\/agora.xtec.cat\/escolapauvila\/wp-content\/uploads\/usu1565\/2021\/02\/Archivo_004.jpeg\"><img loading=\"lazy\" decoding=\"async\" class=\"alignnone size-large wp-image-4103\" src=\"https:\/\/agora.xtec.cat\/escolapauvila\/wp-content\/uploads\/usu1565\/2021\/02\/Archivo_004-1024x768.jpeg\" alt=\"\" width=\"1024\" height=\"768\" srcset=\"https:\/\/agora.xtec.cat\/escolapauvila\/wp-content\/uploads\/usu1565\/2021\/02\/Archivo_004-1024x768.jpeg 1024w, https:\/\/agora.xtec.cat\/escolapauvila\/wp-content\/uploads\/usu1565\/2021\/02\/Archivo_004-300x225.jpeg 300w, https:\/\/agora.xtec.cat\/escolapauvila\/wp-content\/uploads\/usu1565\/2021\/02\/Archivo_004-768x576.jpeg 768w, https:\/\/agora.xtec.cat\/escolapauvila\/wp-content\/uploads\/usu1565\/2021\/02\/Archivo_004-200x150.jpeg 200w, https:\/\/agora.xtec.cat\/escolapauvila\/wp-content\/uploads\/usu1565\/2021\/02\/Archivo_004.jpeg 2032w\" sizes=\"auto, (max-width: 1024px) 100vw, 1024px\" \/><\/a><\/td>\n<td style=\"width: 293px;\"><a href=\"https:\/\/agora.xtec.cat\/escolapauvila\/wp-content\/uploads\/usu1565\/2021\/02\/Archivo_003.jpeg\"><img loading=\"lazy\" decoding=\"async\" class=\"alignnone size-large wp-image-4101\" src=\"https:\/\/agora.xtec.cat\/escolapauvila\/wp-content\/uploads\/usu1565\/2021\/02\/Archivo_003-1024x768.jpeg\" alt=\"\" width=\"1024\" height=\"768\" srcset=\"https:\/\/agora.xtec.cat\/escolapauvila\/wp-content\/uploads\/usu1565\/2021\/02\/Archivo_003-1024x768.jpeg 1024w, https:\/\/agora.xtec.cat\/escolapauvila\/wp-content\/uploads\/usu1565\/2021\/02\/Archivo_003-300x225.jpeg 300w, https:\/\/agora.xtec.cat\/escolapauvila\/wp-content\/uploads\/usu1565\/2021\/02\/Archivo_003-768x576.jpeg 768w, https:\/\/agora.xtec.cat\/escolapauvila\/wp-content\/uploads\/usu1565\/2021\/02\/Archivo_003-200x150.jpeg 200w, https:\/\/agora.xtec.cat\/escolapauvila\/wp-content\/uploads\/usu1565\/2021\/02\/Archivo_003.jpeg 2032w\" sizes=\"auto, (max-width: 1024px) 100vw, 1024px\" \/><\/a><\/td>\n<td style=\"width: 294px;\"><a href=\"https:\/\/agora.xtec.cat\/escolapauvila\/wp-content\/uploads\/usu1565\/2021\/02\/Archivo_001.jpeg\"><img loading=\"lazy\" decoding=\"async\" class=\"alignnone size-large wp-image-4097\" src=\"https:\/\/agora.xtec.cat\/escolapauvila\/wp-content\/uploads\/usu1565\/2021\/02\/Archivo_001-1024x768.jpeg\" alt=\"\" width=\"1024\" height=\"768\" srcset=\"https:\/\/agora.xtec.cat\/escolapauvila\/wp-content\/uploads\/usu1565\/2021\/02\/Archivo_001-1024x768.jpeg 1024w, https:\/\/agora.xtec.cat\/escolapauvila\/wp-content\/uploads\/usu1565\/2021\/02\/Archivo_001-300x225.jpeg 300w, https:\/\/agora.xtec.cat\/escolapauvila\/wp-content\/uploads\/usu1565\/2021\/02\/Archivo_001-768x576.jpeg 768w, https:\/\/agora.xtec.cat\/escolapauvila\/wp-content\/uploads\/usu1565\/2021\/02\/Archivo_001-200x150.jpeg 200w, https:\/\/agora.xtec.cat\/escolapauvila\/wp-content\/uploads\/usu1565\/2021\/02\/Archivo_001.jpeg 2032w\" sizes=\"auto, (max-width: 1024px) 100vw, 1024px\" \/><\/a><\/td>\n<\/tr>\n<tr>\n<td style=\"width: 293px;\"><a href=\"https:\/\/agora.xtec.cat\/escolapauvila\/wp-content\/uploads\/usu1565\/2021\/02\/Archivo_002.jpeg\"><img loading=\"lazy\" decoding=\"async\" class=\"alignnone size-large wp-image-4099\" src=\"https:\/\/agora.xtec.cat\/escolapauvila\/wp-content\/uploads\/usu1565\/2021\/02\/Archivo_002-1024x768.jpeg\" alt=\"\" width=\"1024\" height=\"768\" srcset=\"https:\/\/agora.xtec.cat\/escolapauvila\/wp-content\/uploads\/usu1565\/2021\/02\/Archivo_002-1024x768.jpeg 1024w, https:\/\/agora.xtec.cat\/escolapauvila\/wp-content\/uploads\/usu1565\/2021\/02\/Archivo_002-300x225.jpeg 300w, https:\/\/agora.xtec.cat\/escolapauvila\/wp-content\/uploads\/usu1565\/2021\/02\/Archivo_002-768x576.jpeg 768w, https:\/\/agora.xtec.cat\/escolapauvila\/wp-content\/uploads\/usu1565\/2021\/02\/Archivo_002-200x150.jpeg 200w, https:\/\/agora.xtec.cat\/escolapauvila\/wp-content\/uploads\/usu1565\/2021\/02\/Archivo_002.jpeg 2032w\" sizes=\"auto, (max-width: 1024px) 100vw, 1024px\" \/><\/a><\/td>\n<td style=\"width: 293px;\"><a href=\"https:\/\/agora.xtec.cat\/escolapauvila\/wp-content\/uploads\/usu1565\/2021\/02\/Archivo_000.jpeg\"><img loading=\"lazy\" decoding=\"async\" class=\"alignnone size-large wp-image-4095\" src=\"https:\/\/agora.xtec.cat\/escolapauvila\/wp-content\/uploads\/usu1565\/2021\/02\/Archivo_000-1024x768.jpeg\" alt=\"\" width=\"1024\" height=\"768\" srcset=\"https:\/\/agora.xtec.cat\/escolapauvila\/wp-content\/uploads\/usu1565\/2021\/02\/Archivo_000-1024x768.jpeg 1024w, https:\/\/agora.xtec.cat\/escolapauvila\/wp-content\/uploads\/usu1565\/2021\/02\/Archivo_000-300x225.jpeg 300w, https:\/\/agora.xtec.cat\/escolapauvila\/wp-content\/uploads\/usu1565\/2021\/02\/Archivo_000-768x576.jpeg 768w, https:\/\/agora.xtec.cat\/escolapauvila\/wp-content\/uploads\/usu1565\/2021\/02\/Archivo_000-200x150.jpeg 200w, https:\/\/agora.xtec.cat\/escolapauvila\/wp-content\/uploads\/usu1565\/2021\/02\/Archivo_000.jpeg 2032w\" sizes=\"auto, (max-width: 1024px) 100vw, 1024px\" \/><\/a><\/td>\n<td style=\"width: 294px;\"><img loading=\"lazy\" decoding=\"async\" class=\"aligncenter\" src=\"https:\/\/www.info.valladolid.es\/image\/journal\/article?img_id=605966&amp;t=1612879042267\" alt=\"Resultado de imagen de CARNAVAL 2021\" width=\"196\" height=\"233\" \/><\/td>\n<\/tr>\n<\/tbody>\n<\/table>\n<p><span style=\"font-family: 'andale mono', monospace;\">ENS HO VAM PASSAR MOLT B\u00c9 A LA RUA I VAM GAUDIR MOLT. US DEIXEM UN <strong>V\u00cdDEO<\/strong> DE L&#8217;ASSAIG QUE VAM FER&#8230;ESTEM FETS UNS I UNES <strong>ARTISTES<\/strong>!!!!!!<\/span><\/p>\n<p>&nbsp;<\/p>\n<p style=\"text-align: center;\"><span style=\"font-size: 28px; color: #0000ff;\"><strong><a style=\"color: #0000ff;\" href=\"https:\/\/drive.google.com\/file\/d\/1oYHU8XzZu5JwiSnnFJwvUTfPhuvnX06Q\/view?usp=sharing\">V\u00cdDEO ASSAIG CARNESTOLTES<\/a><\/strong><\/span><\/p>\n<p>&nbsp;<\/p>\n","protected":false},"excerpt":{"rendered":"<p>DURANT TOTA UNA SETMANA, A LA CLASSE HEM ESTAT CELEBRANT EL CARNAVAL<br \/>\nI SEGUINT EL QUE ENS INDICA EL CARNESTOLTES.<br \/>\n&nbsp;<br \/>\nEL DIVENDRES 5, ELS DELEGATS I DELEGADES ENS VAN FER ARRIBAR EL PREG\u00d3 DEL CARNESTOLTES I LES CONSIGNES DE LA SETMANA<br \/>\n<a href=\"https:\/\/agora.xtec.cat\/escolapauvila\/wp-content\/uploads\/usu1565\/2021\/02\/Archivo_002-1.jpeg\">\u00a0  <\/a> \u00a0\u00a0 \u00a0\u00a0 \u00a0\u00a0&hellip;  <a href=\"https:\/\/agora.xtec.cat\/escolapauvila\/mitjans\/el-carnaval-de-les-roques-i-minerals\/\" title=\"Read EL CARNAVAL DE LES ROQUES I MINERALS\">Llegeix m\u00e9s\u00bb<\/a><\/p>\n","protected":false},"author":1,"featured_media":4106,"comment_status":"open","ping_status":"closed","sticky":false,"template":"","format":"standard","meta":{"_bbp_topic_count":0,"_bbp_reply_count":0,"_bbp_total_topic_count":0,"_bbp_total_reply_count":0,"_bbp_voice_count":0,"_bbp_anonymous_reply_count":0,"_bbp_topic_count_hidden":0,"_bbp_reply_count_hidden":0,"_bbp_forum_subforum_count":0,"footnotes":""},"categories":[10,5],"tags":[99,91],"class_list":["post-4093","post","type-post","status-publish","format-standard","has-post-thumbnail","hentry","category-1r","category-mitjans","tag-1b20-21","tag-nascuts2014"],"post_mailing_queue_ids":[],"_links":{"self":[{"href":"https:\/\/agora.xtec.cat\/escolapauvila\/wp-json\/wp\/v2\/posts\/4093","targetHints":{"allow":["GET"]}}],"collection":[{"href":"https:\/\/agora.xtec.cat\/escolapauvila\/wp-json\/wp\/v2\/posts"}],"about":[{"href":"https:\/\/agora.xtec.cat\/escolapauvila\/wp-json\/wp\/v2\/types\/post"}],"author":[{"embeddable":true,"href":"https:\/\/agora.xtec.cat\/escolapauvila\/wp-json\/wp\/v2\/users\/1"}],"replies":[{"embeddable":true,"href":"https:\/\/agora.xtec.cat\/escolapauvila\/wp-json\/wp\/v2\/comments?post=4093"}],"version-history":[{"count":1,"href":"https:\/\/agora.xtec.cat\/escolapauvila\/wp-json\/wp\/v2\/posts\/4093\/revisions"}],"predecessor-version":[{"id":4112,"href":"https:\/\/agora.xtec.cat\/escolapauvila\/wp-json\/wp\/v2\/posts\/4093\/revisions\/4112"}],"wp:featuredmedia":[{"embeddable":true,"href":"https:\/\/agora.xtec.cat\/escolapauvila\/wp-json\/wp\/v2\/media\/4106"}],"wp:attachment":[{"href":"https:\/\/agora.xtec.cat\/escolapauvila\/wp-json\/wp\/v2\/media?parent=4093"}],"wp:term":[{"taxonomy":"category","embeddable":true,"href":"https:\/\/agora.xtec.cat\/escolapauvila\/wp-json\/wp\/v2\/categories?post=4093"},{"taxonomy":"post_tag","embeddable":true,"href":"https:\/\/agora.xtec.cat\/escolapauvila\/wp-json\/wp\/v2\/tags?post=4093"}],"curies":[{"name":"wp","href":"https:\/\/api.w.org\/{rel}","templated":true}]}}