{"id":3952,"date":"2021-02-12T20:12:59","date_gmt":"2021-02-12T19:12:59","guid":{"rendered":"https:\/\/agora.xtec.cat\/escolapauvila\/?p=3952"},"modified":"2021-02-12T20:14:21","modified_gmt":"2021-02-12T19:14:21","slug":"carnaval-carnaval","status":"publish","type":"post","link":"https:\/\/agora.xtec.cat\/escolapauvila\/petits\/carnaval-carnaval\/","title":{"rendered":"Carnaval&#8230; Carnaval&#8230;"},"content":{"rendered":"<div style=\"font-family: Arial, Helvetica, sans-serif; font-size: small;\"><span style=\"font-size: 20px; font-family: helvetica, arial, sans-serif;\"><img loading=\"lazy\" decoding=\"async\" class=\"alignleft wp-image-3954 size-medium\" src=\"https:\/\/agora.xtec.cat\/escolapauvila\/wp-content\/uploads\/usu1565\/2021\/02\/DSC09040-200x300.jpg\" alt=\"\" width=\"200\" height=\"300\" srcset=\"https:\/\/agora.xtec.cat\/escolapauvila\/wp-content\/uploads\/usu1565\/2021\/02\/DSC09040-200x300.jpg 200w, https:\/\/agora.xtec.cat\/escolapauvila\/wp-content\/uploads\/usu1565\/2021\/02\/DSC09040.jpg 525w\" sizes=\"auto, (max-width: 200px) 100vw, 200px\" \/><\/span><\/div>\n<div><span style=\"font-size: 20px;\">Avui hem pogut celebrar un Carnaval ben diferent!!! Per Comunitats, amb dist\u00e0ncia i mascareta per\u00f2 amb disfresses, m\u00fasica, ball i molts somriures! Hem trobat a faltar els nostres estimats companys i companyes confinats i confinades, i per aix\u00f2 els hem dedicat unes paraules, un aplaudiment i molts petons voladors.<\/span><\/div>\n<div><\/div>\n<div><span style=\"font-size: 20px;\">Aquest curs les disfresses estaven relacionades amb els fets hist\u00f2rics, m\u00fasiques i invents dels darrers 40 anys. Cada Comunitat estava dedicada a una d\u00e8cada: els Petits i Petites a la d\u00e8cada del 2010 al 2020. La Comunitat dels Mitjans i Mitjanes s&#8217;han centrat en la d\u00e8cada del 2000 al 2010. La Comunitat dels Grans als anys 90, i l&#8217;Equip Educatiu als anys 80. Hem volgut recordar i aprendre de manera divertida fets relacionats amb les quatre d\u00e8cades de l&#8217;escola Pau Vila.<\/span><\/div>\n<div><\/div>\n<div><span style=\"font-size: 20px;\">Ens hagu\u00e9s agradat comptar amb l&#8217;acompanyament de les fam\u00edlies de l&#8217;escola, com acostumem a fer. Us hem troba a faltar!!<\/span><\/div>\n<div><\/div>\n<div><span style=\"font-size: 20px;\">Hem pogut acomiadar el Rei dels Poca-Soltes agraint la diversi\u00f3 i els somriures d&#8217;aquests dies. Compartim amb vosaltres fotos i v\u00eddeos que hem fet al llarg del mat\u00ed!! Esperem que us agradin.<\/span><\/div>\n<div><\/div>\n<div style=\"font-family: Arial, Helvetica, sans-serif; font-size: small;\"><\/div>\n<div style=\"font-family: Arial, Helvetica, sans-serif; font-size: small;\"><iframe loading=\"lazy\" src=\"\/\/www.youtube.com\/embed\/9N2vuwjAzog\" width=\"560\" height=\"315\" frameborder=\"0\"><\/iframe><\/div>\n<div><\/div>\n<div><\/div>\n<div><iframe loading=\"lazy\" src=\"\/\/www.youtube.com\/embed\/xhMucG1Y4PU\" width=\"560\" height=\"315\" frameborder=\"0\"><\/iframe><\/div>\n<div><\/div>\n<div><iframe loading=\"lazy\" src=\"\/\/www.youtube.com\/embed\/Pbym_aGTQHw\" width=\"560\" height=\"315\" frameborder=\"0\"><\/iframe><\/div>\n<div><\/div>\n<div><span style=\"font-size: 20px;\"><a href=\"https:\/\/photos.app.goo.gl\/Z8fyiYEttUpkeuDS8\">Fotos Comunitat de Petites<\/a><\/span><\/div>\n<div><span style=\"font-size: 20px;\"><a href=\"https:\/\/photos.app.goo.gl\/avbvWBhnQFJzN7si6\">Fotos Comunitat de Mitjanes<\/a><\/span><\/div>\n<div><span style=\"font-size: 20px;\"><a href=\"https:\/\/photos.app.goo.gl\/AbhQvZ6e5ZHSHzD56\">Fotos Comunitat de Grans<\/a><\/span><\/div>\n<div><\/div>\n<div><\/div>\n<div><a href=\"https:\/\/drive.google.com\/drive\/folders\/1Mvatip3X13rYad9AGb0C8fZl00LDHkAY?usp=sharing\"><span style=\"font-size: 20px;\">V\u00eddeos Comunitat de Petites<\/span><\/a><\/div>\n<div><a href=\"https:\/\/drive.google.com\/drive\/folders\/1sD5gszOumI5gdp-DlQZrTlNgY9nxv3S7?usp=sharing\"><span style=\"font-size: 20px;\">V\u00eddeos Comunitat de Mitjanes<\/span><\/a><\/div>\n<div><a href=\"https:\/\/drive.google.com\/drive\/folders\/1QAr25U3r5lqwJP1W4yAAFEOcYjIZ__sT?usp=sharing\"><span style=\"font-size: 20px;\">V\u00eddeos Comunitat de Grans<\/span><\/a><\/div>\n","protected":false},"excerpt":{"rendered":"<p>Avui hem pogut celebrar un Carnaval ben diferent!!! Per Comunitats, amb dist\u00e0ncia i mascareta per\u00f2 amb disfresses, m\u00fasica, ball i molts somriures! Hem trobat a faltar els nostres estimats companys i companyes confinats i confinades, i per aix\u00f2 els hem dedicat unes paraules, un aplaudiment&hellip;  <a href=\"https:\/\/agora.xtec.cat\/escolapauvila\/petits\/carnaval-carnaval\/\" title=\"Read Carnaval&#8230; Carnaval&#8230;\">Llegeix m\u00e9s\u00bb<\/a><\/p>\n","protected":false},"author":1,"featured_media":3954,"comment_status":"open","ping_status":"closed","sticky":false,"template":"","format":"standard","meta":{"_bbp_topic_count":0,"_bbp_reply_count":0,"_bbp_total_topic_count":0,"_bbp_total_reply_count":0,"_bbp_voice_count":0,"_bbp_anonymous_reply_count":0,"_bbp_topic_count_hidden":0,"_bbp_reply_count_hidden":0,"_bbp_forum_subforum_count":0,"footnotes":""},"categories":[61,5,2,4],"tags":[168],"class_list":["post-3952","post","type-post","status-publish","format-standard","has-post-thumbnail","hentry","category-grans","category-mitjans","category-petits","category-portada","tag-carnaval"],"post_mailing_queue_ids":[],"_links":{"self":[{"href":"https:\/\/agora.xtec.cat\/escolapauvila\/wp-json\/wp\/v2\/posts\/3952","targetHints":{"allow":["GET"]}}],"collection":[{"href":"https:\/\/agora.xtec.cat\/escolapauvila\/wp-json\/wp\/v2\/posts"}],"about":[{"href":"https:\/\/agora.xtec.cat\/escolapauvila\/wp-json\/wp\/v2\/types\/post"}],"author":[{"embeddable":true,"href":"https:\/\/agora.xtec.cat\/escolapauvila\/wp-json\/wp\/v2\/users\/1"}],"replies":[{"embeddable":true,"href":"https:\/\/agora.xtec.cat\/escolapauvila\/wp-json\/wp\/v2\/comments?post=3952"}],"version-history":[{"count":3,"href":"https:\/\/agora.xtec.cat\/escolapauvila\/wp-json\/wp\/v2\/posts\/3952\/revisions"}],"predecessor-version":[{"id":4032,"href":"https:\/\/agora.xtec.cat\/escolapauvila\/wp-json\/wp\/v2\/posts\/3952\/revisions\/4032"}],"wp:featuredmedia":[{"embeddable":true,"href":"https:\/\/agora.xtec.cat\/escolapauvila\/wp-json\/wp\/v2\/media\/3954"}],"wp:attachment":[{"href":"https:\/\/agora.xtec.cat\/escolapauvila\/wp-json\/wp\/v2\/media?parent=3952"}],"wp:term":[{"taxonomy":"category","embeddable":true,"href":"https:\/\/agora.xtec.cat\/escolapauvila\/wp-json\/wp\/v2\/categories?post=3952"},{"taxonomy":"post_tag","embeddable":true,"href":"https:\/\/agora.xtec.cat\/escolapauvila\/wp-json\/wp\/v2\/tags?post=3952"}],"curies":[{"name":"wp","href":"https:\/\/api.w.org\/{rel}","templated":true}]}}