{"id":3871,"date":"2021-02-09T19:21:52","date_gmt":"2021-02-09T18:21:52","guid":{"rendered":"https:\/\/agora.xtec.cat\/escolapauvila\/?p=3871"},"modified":"2021-03-18T17:01:30","modified_gmt":"2021-03-18T16:01:30","slug":"a-casa-tambe-arriba-el-carnestoltes","status":"publish","type":"post","link":"https:\/\/agora.xtec.cat\/escolapauvila\/mitjans\/3r\/a-casa-tambe-arriba-el-carnestoltes\/","title":{"rendered":"A casa tamb\u00e9 arriba el Carnestoltes!"},"content":{"rendered":"<p>Malgrat els de la classe de 3r B aquests dies estem confinades i confinats, tamb\u00e9 ens han arribat les consignes del rei Carnestoltes i aix\u00ed \u00e9s com les estem gaudint.<\/p>\n<p style=\"text-align: center;\"><em><strong>&#8221; Si a la videotrucada vols assistir, amb un pentinat divertit haur\u00e0s de venir!<\/strong><\/em><\/p>\n<p><a href=\"https:\/\/agora.xtec.cat\/escolapauvila\/wp-content\/uploads\/usu1565\/2021\/02\/Captura-de-Pantalla-2021-02-09-a-les-11.10.24.png\"><img loading=\"lazy\" decoding=\"async\" class=\"size-large wp-image-3872 aligncenter\" src=\"https:\/\/agora.xtec.cat\/escolapauvila\/wp-content\/uploads\/usu1565\/2021\/02\/Captura-de-Pantalla-2021-02-09-a-les-11.10.24-1024x483.png\" alt=\"\" width=\"1024\" height=\"483\" srcset=\"https:\/\/agora.xtec.cat\/escolapauvila\/wp-content\/uploads\/usu1565\/2021\/02\/Captura-de-Pantalla-2021-02-09-a-les-11.10.24-1024x483.png 1024w, https:\/\/agora.xtec.cat\/escolapauvila\/wp-content\/uploads\/usu1565\/2021\/02\/Captura-de-Pantalla-2021-02-09-a-les-11.10.24-300x141.png 300w, https:\/\/agora.xtec.cat\/escolapauvila\/wp-content\/uploads\/usu1565\/2021\/02\/Captura-de-Pantalla-2021-02-09-a-les-11.10.24-768x362.png 768w, https:\/\/agora.xtec.cat\/escolapauvila\/wp-content\/uploads\/usu1565\/2021\/02\/Captura-de-Pantalla-2021-02-09-a-les-11.10.24.png 1884w\" sizes=\"auto, (max-width: 1024px) 100vw, 1024px\" \/><\/a><\/p>\n","protected":false},"excerpt":{"rendered":"<p>Malgrat els de la classe de 3r B aquests dies estem confinades i confinats, tamb\u00e9 ens han arribat les consignes del rei Carnestoltes i aix\u00ed \u00e9s com les estem gaudint.<br \/>\n&#8221; Si a la videotrucada vols assistir, amb un pentinat divertit haur\u00e0s de venir!<br \/>\n<a href=\"https:\/\/agora.xtec.cat\/escolapauvila\/wp-content\/uploads\/usu1565\/2021\/02\/Captura-de-Pantalla-2021-02-09-a-les-11.10.24.png\"><\/a><\/p>\n","protected":false},"author":1,"featured_media":0,"comment_status":"open","ping_status":"closed","sticky":false,"template":"","format":"standard","meta":{"_bbp_topic_count":0,"_bbp_reply_count":0,"_bbp_total_topic_count":0,"_bbp_total_reply_count":0,"_bbp_voice_count":0,"_bbp_anonymous_reply_count":0,"_bbp_topic_count_hidden":0,"_bbp_reply_count_hidden":0,"_bbp_forum_subforum_count":0,"footnotes":""},"categories":[12],"tags":[125,124],"class_list":["post-3871","post","type-post","status-publish","format-standard","hentry","category-3r","tag-3b20-21","tag-nascuts2012"],"post_mailing_queue_ids":[],"_links":{"self":[{"href":"https:\/\/agora.xtec.cat\/escolapauvila\/wp-json\/wp\/v2\/posts\/3871","targetHints":{"allow":["GET"]}}],"collection":[{"href":"https:\/\/agora.xtec.cat\/escolapauvila\/wp-json\/wp\/v2\/posts"}],"about":[{"href":"https:\/\/agora.xtec.cat\/escolapauvila\/wp-json\/wp\/v2\/types\/post"}],"author":[{"embeddable":true,"href":"https:\/\/agora.xtec.cat\/escolapauvila\/wp-json\/wp\/v2\/users\/1"}],"replies":[{"embeddable":true,"href":"https:\/\/agora.xtec.cat\/escolapauvila\/wp-json\/wp\/v2\/comments?post=3871"}],"version-history":[{"count":2,"href":"https:\/\/agora.xtec.cat\/escolapauvila\/wp-json\/wp\/v2\/posts\/3871\/revisions"}],"predecessor-version":[{"id":3928,"href":"https:\/\/agora.xtec.cat\/escolapauvila\/wp-json\/wp\/v2\/posts\/3871\/revisions\/3928"}],"wp:attachment":[{"href":"https:\/\/agora.xtec.cat\/escolapauvila\/wp-json\/wp\/v2\/media?parent=3871"}],"wp:term":[{"taxonomy":"category","embeddable":true,"href":"https:\/\/agora.xtec.cat\/escolapauvila\/wp-json\/wp\/v2\/categories?post=3871"},{"taxonomy":"post_tag","embeddable":true,"href":"https:\/\/agora.xtec.cat\/escolapauvila\/wp-json\/wp\/v2\/tags?post=3871"}],"curies":[{"name":"wp","href":"https:\/\/api.w.org\/{rel}","templated":true}]}}