{"id":3862,"date":"2021-02-12T11:20:40","date_gmt":"2021-02-12T10:20:40","guid":{"rendered":"https:\/\/agora.xtec.cat\/escolapauvila\/?p=3862"},"modified":"2021-02-12T11:20:40","modified_gmt":"2021-02-12T10:20:40","slug":"setmana-de-carnestoltes","status":"publish","type":"post","link":"https:\/\/agora.xtec.cat\/escolapauvila\/petits\/setmana-de-carnestoltes\/","title":{"rendered":"SETMANA DE CARNESTOLTES!"},"content":{"rendered":"<p><span style=\"font-size: 24px;\"><strong><span style=\"color: #ff0000;\">H<\/span>OLA <span style=\"color: #ff0000;\">F<\/span>AM\u00cdLIES<\/strong><\/span>!<\/p>\n<p>COM JA SABEU, AQUESTA HA SIGUT LA <span style=\"font-size: 24px;\"><strong><span style=\"color: #ff0000;\">S<\/span>ETMANA<\/strong><\/span> M\u00c9S BOJA DE L&#8217;ANY!<\/p>\n<p>TOT VA COMEN\u00c7AR <strong><span style=\"font-size: 24px;\"><span style=\"color: #ff0000;\">D<\/span>ILLUNS<\/span><\/strong> QUAN SA MAJESTAT, EL REI <span style=\"font-size: 24px;\"><strong><span style=\"color: #ff0000;\">C<\/span>ARNESTOLTES<\/strong><\/span>, ENS VA MANAR VENIR EN <span style=\"font-size: 24px;\"><strong><span style=\"color: #ff0000;\">P<\/span>IJAMA<\/strong><\/span> A L&#8217;ESCOLA!<\/p>\n<p><a href=\"https:\/\/agora.xtec.cat\/escolapauvila\/wp-content\/uploads\/usu1565\/2021\/02\/IMG_7697.jpg\"><img loading=\"lazy\" decoding=\"async\" class=\"size-large wp-image-3963 aligncenter\" src=\"https:\/\/agora.xtec.cat\/escolapauvila\/wp-content\/uploads\/usu1565\/2021\/02\/IMG_7697-1024x768.jpg\" alt=\"\" width=\"1024\" height=\"768\" srcset=\"https:\/\/agora.xtec.cat\/escolapauvila\/wp-content\/uploads\/usu1565\/2021\/02\/IMG_7697.jpg 1024w, https:\/\/agora.xtec.cat\/escolapauvila\/wp-content\/uploads\/usu1565\/2021\/02\/IMG_7697-300x225.jpg 300w, https:\/\/agora.xtec.cat\/escolapauvila\/wp-content\/uploads\/usu1565\/2021\/02\/IMG_7697-768x576.jpg 768w, https:\/\/agora.xtec.cat\/escolapauvila\/wp-content\/uploads\/usu1565\/2021\/02\/IMG_7697-200x150.jpg 200w\" sizes=\"auto, (max-width: 1024px) 100vw, 1024px\" \/><\/a><\/p>\n<p>&nbsp;<\/p>\n<p>EL <span style=\"font-size: 24px;\"><strong><span style=\"color: #ff0000;\">D<\/span>IMARTS<\/strong><\/span>, EL NOSTRE ESTIMAT REI VA DEMANAR VEURE&#8217;NS AMB UN <span style=\"font-size: 24px;\"><strong><span style=\"color: #ff0000;\">P<\/span>ENTINAT<\/strong><\/span> BEN DIVERTIT!<\/p>\n<p><a href=\"https:\/\/agora.xtec.cat\/escolapauvila\/wp-content\/uploads\/usu1565\/2021\/02\/IMG_1798.jpg\"><img loading=\"lazy\" decoding=\"async\" class=\"size-large wp-image-3964 aligncenter\" src=\"https:\/\/agora.xtec.cat\/escolapauvila\/wp-content\/uploads\/usu1565\/2021\/02\/IMG_1798-1024x768.jpg\" alt=\"\" width=\"1024\" height=\"768\" srcset=\"https:\/\/agora.xtec.cat\/escolapauvila\/wp-content\/uploads\/usu1565\/2021\/02\/IMG_1798.jpg 1024w, https:\/\/agora.xtec.cat\/escolapauvila\/wp-content\/uploads\/usu1565\/2021\/02\/IMG_1798-300x225.jpg 300w, https:\/\/agora.xtec.cat\/escolapauvila\/wp-content\/uploads\/usu1565\/2021\/02\/IMG_1798-768x576.jpg 768w, https:\/\/agora.xtec.cat\/escolapauvila\/wp-content\/uploads\/usu1565\/2021\/02\/IMG_1798-200x150.jpg 200w\" sizes=\"auto, (max-width: 1024px) 100vw, 1024px\" \/><\/a><\/p>\n<p>&nbsp;<\/p>\n<p><strong><span style=\"font-size: 24px;\"><span style=\"color: #ff0000;\">D<\/span>IMECRES<\/span><\/strong> VA VOLER VEURE&#8217;NS DISFRESSATS D&#8217;ALGUN <span style=\"font-size: 24px;\"><strong><span style=\"color: #ff0000;\">O<\/span>FICI<\/strong><\/span>, COM FAN LES MARES I ELS PARES CADA DIA.<\/p>\n<p><a href=\"https:\/\/agora.xtec.cat\/escolapauvila\/wp-content\/uploads\/usu1565\/2021\/02\/IMG_1823.jpg\"><img loading=\"lazy\" decoding=\"async\" class=\"size-large wp-image-3965 aligncenter\" src=\"https:\/\/agora.xtec.cat\/escolapauvila\/wp-content\/uploads\/usu1565\/2021\/02\/IMG_1823-1024x768.jpg\" alt=\"\" width=\"1024\" height=\"768\" srcset=\"https:\/\/agora.xtec.cat\/escolapauvila\/wp-content\/uploads\/usu1565\/2021\/02\/IMG_1823.jpg 1024w, https:\/\/agora.xtec.cat\/escolapauvila\/wp-content\/uploads\/usu1565\/2021\/02\/IMG_1823-300x225.jpg 300w, https:\/\/agora.xtec.cat\/escolapauvila\/wp-content\/uploads\/usu1565\/2021\/02\/IMG_1823-768x576.jpg 768w, https:\/\/agora.xtec.cat\/escolapauvila\/wp-content\/uploads\/usu1565\/2021\/02\/IMG_1823-200x150.jpg 200w\" sizes=\"auto, (max-width: 1024px) 100vw, 1024px\" \/><\/a><\/p>\n<p>&nbsp;<\/p>\n<p>&nbsp;<\/p>\n<p>DURANT AQUESTS TRES DIES VAM REALITZAR ELS TALLERS PER CREAR EL NOSTRE DETALL PER LA<span style=\"font-size: 24px;\"><strong><span style=\"color: #ff0000;\"> R<\/span>UA<\/strong><\/span>. A EI5 ENS TOCAVA INSPIRAR-NOS EN UN FET MEMORABLE QUE HAGU\u00c9S SUCCE\u00cfT A L&#8217;\u00daLTIMA D\u00c8CADA I NO HI HA RES M\u00c9S IMPORTANT PER NOSALTRES QUE EL NOSTRE <span style=\"font-size: 24px;\"><strong><span style=\"color: #ff0000;\">N<\/span>AIXEMENT<\/strong><\/span>!<\/p>\n<p><a href=\"https:\/\/agora.xtec.cat\/escolapauvila\/wp-content\/uploads\/usu1565\/2021\/02\/IMG_1835.jpg\"><img loading=\"lazy\" decoding=\"async\" class=\" wp-image-3966 aligncenter\" src=\"https:\/\/agora.xtec.cat\/escolapauvila\/wp-content\/uploads\/usu1565\/2021\/02\/IMG_1835-1024x768.jpg\" alt=\"\" width=\"961\" height=\"720\" srcset=\"https:\/\/agora.xtec.cat\/escolapauvila\/wp-content\/uploads\/usu1565\/2021\/02\/IMG_1835.jpg 1024w, https:\/\/agora.xtec.cat\/escolapauvila\/wp-content\/uploads\/usu1565\/2021\/02\/IMG_1835-300x225.jpg 300w, https:\/\/agora.xtec.cat\/escolapauvila\/wp-content\/uploads\/usu1565\/2021\/02\/IMG_1835-768x576.jpg 768w, https:\/\/agora.xtec.cat\/escolapauvila\/wp-content\/uploads\/usu1565\/2021\/02\/IMG_1835-200x150.jpg 200w\" sizes=\"auto, (max-width: 961px) 100vw, 961px\" \/><\/a><\/p>\n<p>&nbsp;<\/p>\n<p>EL <strong><span style=\"font-size: 24px;\"><span style=\"color: #ff0000;\">D<\/span>IJOUS<\/span><\/strong> HA SIGUT EL DIA ESTRELLA, EL DIA DE LA <span style=\"font-size: 24px;\"><strong><span style=\"color: #ff0000;\">R<\/span>UA<\/strong><\/span>! TOT I QUE HA SIGUT UNA MICA DIFERENT I NOM\u00c9S HEM POGUT GAUDIR EN COMUNITAT ENS HO HEM PASSAT D&#8217;ALL\u00d2 M\u00c9S B\u00c9 BALLANT! TOT I AIX\u00cd, HEM TROBAT A FALTAR A LA RESTA DE COMPANYS I COMPANYES DE L&#8217;ESCOLA, I COM NO&#8230;. TAMB\u00c9 A VOSALTRES, FAM\u00cdLIES!<\/p>\n<p><a href=\"https:\/\/agora.xtec.cat\/escolapauvila\/wp-content\/uploads\/usu1565\/2021\/02\/IMG_1878.jpg\"><img loading=\"lazy\" decoding=\"async\" class=\"wp-image-3967 aligncenter\" src=\"https:\/\/agora.xtec.cat\/escolapauvila\/wp-content\/uploads\/usu1565\/2021\/02\/IMG_1878-768x1024.jpg\" alt=\"\" width=\"460\" height=\"614\" srcset=\"https:\/\/agora.xtec.cat\/escolapauvila\/wp-content\/uploads\/usu1565\/2021\/02\/IMG_1878-768x1024.jpg 768w, https:\/\/agora.xtec.cat\/escolapauvila\/wp-content\/uploads\/usu1565\/2021\/02\/IMG_1878-225x300.jpg 225w, https:\/\/agora.xtec.cat\/escolapauvila\/wp-content\/uploads\/usu1565\/2021\/02\/IMG_1878.jpg 1024w\" sizes=\"auto, (max-width: 460px) 100vw, 460px\" \/><\/a><a href=\"https:\/\/agora.xtec.cat\/escolapauvila\/wp-content\/uploads\/usu1565\/2021\/02\/IMG_1882-1.jpg\"><img loading=\"lazy\" decoding=\"async\" class=\"wp-image-3970 aligncenter\" src=\"https:\/\/agora.xtec.cat\/escolapauvila\/wp-content\/uploads\/usu1565\/2021\/02\/IMG_1882-1-1024x768.jpg\" alt=\"\" width=\"647\" height=\"486\" srcset=\"https:\/\/agora.xtec.cat\/escolapauvila\/wp-content\/uploads\/usu1565\/2021\/02\/IMG_1882-1.jpg 1024w, https:\/\/agora.xtec.cat\/escolapauvila\/wp-content\/uploads\/usu1565\/2021\/02\/IMG_1882-1-300x225.jpg 300w, https:\/\/agora.xtec.cat\/escolapauvila\/wp-content\/uploads\/usu1565\/2021\/02\/IMG_1882-1-768x576.jpg 768w, https:\/\/agora.xtec.cat\/escolapauvila\/wp-content\/uploads\/usu1565\/2021\/02\/IMG_1882-1-200x150.jpg 200w\" sizes=\"auto, (max-width: 647px) 100vw, 647px\" \/><\/a><a href=\"https:\/\/agora.xtec.cat\/escolapauvila\/wp-content\/uploads\/usu1565\/2021\/02\/IMG_7803.jpg\"><img loading=\"lazy\" decoding=\"async\" class=\" wp-image-3968 aligncenter\" src=\"https:\/\/agora.xtec.cat\/escolapauvila\/wp-content\/uploads\/usu1565\/2021\/02\/IMG_7803-1024x768.jpg\" alt=\"\" width=\"655\" height=\"492\" srcset=\"https:\/\/agora.xtec.cat\/escolapauvila\/wp-content\/uploads\/usu1565\/2021\/02\/IMG_7803.jpg 1024w, https:\/\/agora.xtec.cat\/escolapauvila\/wp-content\/uploads\/usu1565\/2021\/02\/IMG_7803-300x225.jpg 300w, https:\/\/agora.xtec.cat\/escolapauvila\/wp-content\/uploads\/usu1565\/2021\/02\/IMG_7803-768x576.jpg 768w, https:\/\/agora.xtec.cat\/escolapauvila\/wp-content\/uploads\/usu1565\/2021\/02\/IMG_7803-200x150.jpg 200w\" sizes=\"auto, (max-width: 655px) 100vw, 655px\" \/><\/a><\/p>\n<p>&nbsp;<\/p>\n<p>ESPERANT QUE L&#8217;ANY VINENT TOT TORNI A SER COM ERA I PODER TORNAR A CELEBRAR-HO AMB VOSALTRES, US COMPARTIM LES FOTOS DE TOTS AQUESTS DIES. SI VOLEU VEURE-LES O DESCARREGAR-LES FEU CLIC <strong><span style=\"font-size: 24px;\"><a href=\"https:\/\/photos.app.goo.gl\/J7igoCbLd7Wx6sqS8\">AQU\u00cd<\/a>.<\/span><\/strong><\/p>\n","protected":false},"excerpt":{"rendered":"<p>HOLA FAM\u00cdLIES!<br \/>\nCOM JA SABEU, AQUESTA HA SIGUT LA SETMANA M\u00c9S BOJA DE L&#8217;ANY!<br \/>\nTOT VA COMEN\u00c7AR DILLUNS QUAN SA MAJESTAT, EL REI CARNESTOLTES, ENS VA MANAR VENIR EN PIJAMA A L&#8217;ESCOLA!<br \/>\n<a href=\"https:\/\/agora.xtec.cat\/escolapauvila\/wp-content\/uploads\/usu1565\/2021\/02\/IMG_7697.jpg\"><\/a><br \/>\n&nbsp;<br \/>\nEL DIMARTS, EL NOSTRE ESTIMAT REI VA DEMANAR VEURE&#8217;NS AMB UN PENTINAT BEN DIVERTIT!<br \/>\n<a href=\"https:\/\/agora.xtec.cat\/escolapauvila\/wp-content\/uploads\/usu1565\/2021\/02\/IMG_1798.jpg\"><\/a><br \/>\n&nbsp;<br \/>\nDIMECRES&hellip;  <a href=\"https:\/\/agora.xtec.cat\/escolapauvila\/petits\/setmana-de-carnestoltes\/\" title=\"Read SETMANA DE CARNESTOLTES!\">Llegeix m\u00e9s\u00bb<\/a><\/p>\n","protected":false},"author":1,"featured_media":3964,"comment_status":"open","ping_status":"closed","sticky":false,"template":"","format":"standard","meta":{"_bbp_topic_count":0,"_bbp_reply_count":0,"_bbp_total_topic_count":0,"_bbp_total_reply_count":0,"_bbp_voice_count":0,"_bbp_anonymous_reply_count":0,"_bbp_topic_count_hidden":0,"_bbp_reply_count_hidden":0,"_bbp_forum_subforum_count":0,"footnotes":""},"categories":[2,9],"tags":[163,105,106,107,110,112,111,108],"class_list":["post-3862","post","type-post","status-publish","format-standard","has-post-thumbnail","hentry","category-petits","category-ei5","tag-carnestoltes","tag-ei5a20-21","tag-ei5b20-21","tag-ei5c20-21","tag-la-classe-del-mar","tag-la-classe-dels-cuiners-i-de-les-cuineres","tag-la-classe-dels-princeps-i-les-princeses","tag-nascuts2015"],"post_mailing_queue_ids":[],"_links":{"self":[{"href":"https:\/\/agora.xtec.cat\/escolapauvila\/wp-json\/wp\/v2\/posts\/3862","targetHints":{"allow":["GET"]}}],"collection":[{"href":"https:\/\/agora.xtec.cat\/escolapauvila\/wp-json\/wp\/v2\/posts"}],"about":[{"href":"https:\/\/agora.xtec.cat\/escolapauvila\/wp-json\/wp\/v2\/types\/post"}],"author":[{"embeddable":true,"href":"https:\/\/agora.xtec.cat\/escolapauvila\/wp-json\/wp\/v2\/users\/1"}],"replies":[{"embeddable":true,"href":"https:\/\/agora.xtec.cat\/escolapauvila\/wp-json\/wp\/v2\/comments?post=3862"}],"version-history":[{"count":3,"href":"https:\/\/agora.xtec.cat\/escolapauvila\/wp-json\/wp\/v2\/posts\/3862\/revisions"}],"predecessor-version":[{"id":3972,"href":"https:\/\/agora.xtec.cat\/escolapauvila\/wp-json\/wp\/v2\/posts\/3862\/revisions\/3972"}],"wp:featuredmedia":[{"embeddable":true,"href":"https:\/\/agora.xtec.cat\/escolapauvila\/wp-json\/wp\/v2\/media\/3964"}],"wp:attachment":[{"href":"https:\/\/agora.xtec.cat\/escolapauvila\/wp-json\/wp\/v2\/media?parent=3862"}],"wp:term":[{"taxonomy":"category","embeddable":true,"href":"https:\/\/agora.xtec.cat\/escolapauvila\/wp-json\/wp\/v2\/categories?post=3862"},{"taxonomy":"post_tag","embeddable":true,"href":"https:\/\/agora.xtec.cat\/escolapauvila\/wp-json\/wp\/v2\/tags?post=3862"}],"curies":[{"name":"wp","href":"https:\/\/api.w.org\/{rel}","templated":true}]}}