{"id":3856,"date":"2021-02-07T17:22:58","date_gmt":"2021-02-07T16:22:58","guid":{"rendered":"https:\/\/agora.xtec.cat\/escolapauvila\/?p=3856"},"modified":"2021-02-07T17:22:58","modified_gmt":"2021-02-07T16:22:58","slug":"aniversari","status":"publish","type":"post","link":"https:\/\/agora.xtec.cat\/escolapauvila\/general\/aniversari\/","title":{"rendered":"ANIVERSARI"},"content":{"rendered":"<p style=\"text-align: center;\">LA <span style=\"font-size: 28px;\"><span style=\"color: #ff0000;\">N<\/span>EU<\/span> \u00c9S LA M\u00c9S PETITA DE LA CLASSE VA FER ANYS EL 27 DE DESEMBRE, ARA JA T\u00c9 <span style=\"font-size: 28px; color: #ff0000;\">3 <\/span>ANYS!<\/p>\n<p style=\"text-align: center;\">MOLTES FELICITATS <span style=\"font-size: 28px;\"><strong><span style=\"color: #ff0000;\">N<\/span>EU<\/strong><\/span>!!!<\/p>\n<p><a href=\"https:\/\/agora.xtec.cat\/escolapauvila\/wp-content\/uploads\/usu1565\/2021\/02\/IMG_20210113_115425.jpg\"><img loading=\"lazy\" decoding=\"async\" class=\"alignnone size-large wp-image-3857\" src=\"https:\/\/agora.xtec.cat\/escolapauvila\/wp-content\/uploads\/usu1565\/2021\/02\/IMG_20210113_115425-768x1024.jpg\" alt=\"\" width=\"768\" height=\"1024\" srcset=\"https:\/\/agora.xtec.cat\/escolapauvila\/wp-content\/uploads\/usu1565\/2021\/02\/IMG_20210113_115425-768x1024.jpg 768w, https:\/\/agora.xtec.cat\/escolapauvila\/wp-content\/uploads\/usu1565\/2021\/02\/IMG_20210113_115425-225x300.jpg 225w, https:\/\/agora.xtec.cat\/escolapauvila\/wp-content\/uploads\/usu1565\/2021\/02\/IMG_20210113_115425.jpg 1200w\" sizes=\"auto, (max-width: 768px) 100vw, 768px\" \/><\/a><\/p>\n<p>&nbsp;<\/p>\n","protected":false},"excerpt":{"rendered":"<p>LA NEU \u00c9S LA M\u00c9S PETITA DE LA CLASSE VA FER ANYS EL 27 DE DESEMBRE, ARA JA T\u00c9 3 ANYS!<br \/>\nMOLTES FELICITATS NEU!!!<br \/>\n<a href=\"https:\/\/agora.xtec.cat\/escolapauvila\/wp-content\/uploads\/usu1565\/2021\/02\/IMG_20210113_115425.jpg\"><\/a><br \/>\n&nbsp;<\/p>\n","protected":false},"author":1,"featured_media":3857,"comment_status":"open","ping_status":"closed","sticky":false,"template":"","format":"standard","meta":{"_bbp_topic_count":0,"_bbp_reply_count":0,"_bbp_total_topic_count":0,"_bbp_total_reply_count":0,"_bbp_voice_count":0,"_bbp_anonymous_reply_count":0,"_bbp_topic_count_hidden":0,"_bbp_reply_count_hidden":0,"_bbp_forum_subforum_count":0,"footnotes":""},"categories":[1],"tags":[155,94,93],"class_list":["post-3856","post","type-post","status-publish","format-standard","has-post-thumbnail","hentry","category-general","tag-aniversaris-desembre","tag-ei3a20-21","tag-nascuts2009"],"post_mailing_queue_ids":[],"_links":{"self":[{"href":"https:\/\/agora.xtec.cat\/escolapauvila\/wp-json\/wp\/v2\/posts\/3856","targetHints":{"allow":["GET"]}}],"collection":[{"href":"https:\/\/agora.xtec.cat\/escolapauvila\/wp-json\/wp\/v2\/posts"}],"about":[{"href":"https:\/\/agora.xtec.cat\/escolapauvila\/wp-json\/wp\/v2\/types\/post"}],"author":[{"embeddable":true,"href":"https:\/\/agora.xtec.cat\/escolapauvila\/wp-json\/wp\/v2\/users\/1"}],"replies":[{"embeddable":true,"href":"https:\/\/agora.xtec.cat\/escolapauvila\/wp-json\/wp\/v2\/comments?post=3856"}],"version-history":[{"count":1,"href":"https:\/\/agora.xtec.cat\/escolapauvila\/wp-json\/wp\/v2\/posts\/3856\/revisions"}],"predecessor-version":[{"id":3858,"href":"https:\/\/agora.xtec.cat\/escolapauvila\/wp-json\/wp\/v2\/posts\/3856\/revisions\/3858"}],"wp:featuredmedia":[{"embeddable":true,"href":"https:\/\/agora.xtec.cat\/escolapauvila\/wp-json\/wp\/v2\/media\/3857"}],"wp:attachment":[{"href":"https:\/\/agora.xtec.cat\/escolapauvila\/wp-json\/wp\/v2\/media?parent=3856"}],"wp:term":[{"taxonomy":"category","embeddable":true,"href":"https:\/\/agora.xtec.cat\/escolapauvila\/wp-json\/wp\/v2\/categories?post=3856"},{"taxonomy":"post_tag","embeddable":true,"href":"https:\/\/agora.xtec.cat\/escolapauvila\/wp-json\/wp\/v2\/tags?post=3856"}],"curies":[{"name":"wp","href":"https:\/\/api.w.org\/{rel}","templated":true}]}}