{"id":3772,"date":"2021-02-05T18:10:01","date_gmt":"2021-02-05T17:10:01","guid":{"rendered":"https:\/\/agora.xtec.cat\/escolapauvila\/?p=3772"},"modified":"2021-02-05T18:27:19","modified_gmt":"2021-02-05T17:27:19","slug":"ja-ha-arribat-el-carnestoltes","status":"publish","type":"post","link":"https:\/\/agora.xtec.cat\/escolapauvila\/petits\/ja-ha-arribat-el-carnestoltes\/","title":{"rendered":"JA HA ARRIBAT EL CARNESTOLTES!"},"content":{"rendered":"<p>PER FI HA ARRIBAT EL DIA QUE TANT ESPER\u00c0VEM ELS OCELLS! HA ARRIBAT A L&#8217;ESCOLA EL REI <span style=\"font-size: 24px;\"><span style=\"color: #ff0000;\">C<\/span>ARNESTOLTES!<\/span><\/p>\n<p>A LES CLASSES DELS <span style=\"font-size: 20px;\"><span style=\"color: #ff0000;\">R<\/span>OSSINYOLS<\/span>, LES <span style=\"font-size: 20px;\"><span style=\"color: #ff0000;\">O<\/span>RENETES<\/span> I ELS <span style=\"font-size: 20px;\"><span style=\"color: #ff0000;\">P<\/span>ARDALS<\/span> ENS HEM ESTAT PREPARANT PER LA SEVA ARRIBADA DESCOBRINT COSES D&#8217;ELL.<\/p>\n<p>HEM LLEGIT EL CONTE DEL CARNESTOLTES, L&#8217;HEM PINTAT I FINS I TOT ENS HEM APR\u00c8S LA SEVA CAN\u00c7\u00d3!!!<\/p>\n<p>AIX\u00cd DONCS, BEN EMOCIONATS I PREPARATS ENS HEM DISPOSAT A VEURE EL PREG\u00d3 QUE ELS HA DEIXAT ALS DELEGATS I DELEGADES I DESCOBRIR QUINES CONSIGNES ESBOJARRADES ENS DEIXAVA EL REI PER LA SETMANA QUE VE!<\/p>\n<p>SI VOLEU VEURE&#8217;N ELS VIDEOS CLIQUEU EL SEG\u00dcENT ENLLA\u00c7:<\/p>\n<p><a href=\"https:\/\/agora.xtec.cat\/escolapauvila\/petits\/carnestoltes-2021\/\">https:\/\/agora.xtec.cat\/escolapauvila\/petits\/carnestoltes-2021\/<\/a><\/p>\n<p>HEM DESCOBERT QUE&#8230;<\/p>\n<p><span style=\"color: #ff0000; font-size: 28px;\">D<span style=\"color: #000000;\">ILLUNS HAUREM D&#8217;ANAR EN PIJAMA!<\/span><\/span><\/p>\n<p><span style=\"color: #ff0000; font-size: 28px;\">D<span style=\"color: #000000;\">IMARTS HAUREM DE PORTAR UN PENTINAT DIVERTIT!<\/span><\/span><\/p>\n<p><span style=\"color: #ff0000; font-size: 28px;\">D<span style=\"color: #000000;\">IMECRES ENS DISFRESSAREM D&#8217;ALGUN OFICI!\u00a0<\/span><\/span><\/p>\n<p><span style=\"font-size: 28px;\">I&#8230;<\/span><\/p>\n<p><span style=\"color: #ff0000;\"><span style=\"font-size: 28px;\">D<\/span><span style=\"color: #000000;\"><span style=\"font-size: 28px;\">IJOUS FAREM FESTA GROSSA!<\/span> ENS VESTIREM AMB LA DISFRESSA QUE ANIREM PREPARANT A LA CLASSE ALS TALLERS DE CARNESTOLES QUE FAREM DILLUNS, DIMARTS I DIMECRES!!!<\/span><\/span><\/p>\n<p>QUINA EMOCI\u00d3 ENS HAN FET LES CONSIGNES, TOTHOM VOLIA DIR-HI LA SEVA I EXPLICAR QUIN ERA EL SEU PIJAMA PREFERIT, DE QUIN OFICI ENS DISFRESSARIEM&#8230;<\/p>\n<p><span style=\"font-size: 24px; color: #800080;\">ESPEREM QUE AGAFEU MOLTES FORCES PER LA SETMANA DEL REI CARNESTOLTES, <\/span><\/p>\n<p><span style=\"font-size: 24px; color: #800080;\">JA SAVEU QUE PER CARNAVAL&#8230; TOT S&#8217;HI VAL!!!<\/span><\/p>\n","protected":false},"excerpt":{"rendered":"<p>PER FI HA ARRIBAT EL DIA QUE TANT ESPER\u00c0VEM ELS OCELLS! HA ARRIBAT A L&#8217;ESCOLA EL REI CARNESTOLTES!<br \/>\nA LES CLASSES DELS ROSSINYOLS, LES ORENETES I ELS PARDALS ENS HEM ESTAT PREPARANT PER LA SEVA ARRIBADA DESCOBRINT COSES D&#8217;ELL.<br \/>\nHEM LLEGIT EL CONTE DEL CARNESTOLTES, L&#8217;HEM PINTAT&hellip;  <a href=\"https:\/\/agora.xtec.cat\/escolapauvila\/petits\/ja-ha-arribat-el-carnestoltes\/\" title=\"Read JA HA ARRIBAT EL CARNESTOLTES!\">Llegeix m\u00e9s\u00bb<\/a><\/p>\n","protected":false},"author":1,"featured_media":0,"comment_status":"open","ping_status":"closed","sticky":false,"template":"","format":"standard","meta":{"_bbp_topic_count":0,"_bbp_reply_count":0,"_bbp_total_topic_count":0,"_bbp_total_reply_count":0,"_bbp_voice_count":0,"_bbp_anonymous_reply_count":0,"_bbp_topic_count_hidden":0,"_bbp_reply_count_hidden":0,"_bbp_forum_subforum_count":0,"footnotes":""},"categories":[2,3],"tags":[94,95,96,97],"class_list":["post-3772","post","type-post","status-publish","format-standard","hentry","category-petits","category-ei3","tag-ei3a20-21","tag-ei3b20-21","tag-ei3c20-21","tag-nascuts2017"],"post_mailing_queue_ids":[],"_links":{"self":[{"href":"https:\/\/agora.xtec.cat\/escolapauvila\/wp-json\/wp\/v2\/posts\/3772","targetHints":{"allow":["GET"]}}],"collection":[{"href":"https:\/\/agora.xtec.cat\/escolapauvila\/wp-json\/wp\/v2\/posts"}],"about":[{"href":"https:\/\/agora.xtec.cat\/escolapauvila\/wp-json\/wp\/v2\/types\/post"}],"author":[{"embeddable":true,"href":"https:\/\/agora.xtec.cat\/escolapauvila\/wp-json\/wp\/v2\/users\/1"}],"replies":[{"embeddable":true,"href":"https:\/\/agora.xtec.cat\/escolapauvila\/wp-json\/wp\/v2\/comments?post=3772"}],"version-history":[{"count":3,"href":"https:\/\/agora.xtec.cat\/escolapauvila\/wp-json\/wp\/v2\/posts\/3772\/revisions"}],"predecessor-version":[{"id":3778,"href":"https:\/\/agora.xtec.cat\/escolapauvila\/wp-json\/wp\/v2\/posts\/3772\/revisions\/3778"}],"wp:attachment":[{"href":"https:\/\/agora.xtec.cat\/escolapauvila\/wp-json\/wp\/v2\/media?parent=3772"}],"wp:term":[{"taxonomy":"category","embeddable":true,"href":"https:\/\/agora.xtec.cat\/escolapauvila\/wp-json\/wp\/v2\/categories?post=3772"},{"taxonomy":"post_tag","embeddable":true,"href":"https:\/\/agora.xtec.cat\/escolapauvila\/wp-json\/wp\/v2\/tags?post=3772"}],"curies":[{"name":"wp","href":"https:\/\/api.w.org\/{rel}","templated":true}]}}