{"id":3769,"date":"2021-02-05T15:01:47","date_gmt":"2021-02-05T14:01:47","guid":{"rendered":"https:\/\/agora.xtec.cat\/escolapauvila\/?p=3769"},"modified":"2021-02-05T22:22:07","modified_gmt":"2021-02-05T21:22:07","slug":"carnestoltes-2021","status":"publish","type":"post","link":"https:\/\/agora.xtec.cat\/escolapauvila\/petits\/carnestoltes-2021\/","title":{"rendered":"CARNESTOLTES 2021!"},"content":{"rendered":"<p><span style=\"font-weight: 400;\">Benvolguts i benvolgudes!!!<\/span><\/p>\n<p>&nbsp;<\/p>\n<p><span style=\"font-weight: 400;\">Ens adrecem a vosaltres per informar-vos que durant la setmana del 8 al\u00a0 12 de febrer, celebrarem el Carnaval a l\u2019escola. Com ja sabeu, els i les alumnes del Pau Vila rebran unes consignes per part del rei Carnestoltes, que vindr\u00e0 el dia 5 de febrer. Aquestes consignes les podreu saber si mireu amb atenci\u00f3 aquest v\u00eddeo que hem preparat! I per aix\u00f2, haureu de clicar sobre aquest enlla\u00e7. D\u2019aquesta manera els i les alumnes tindran temps per pensar quin o quins complements podran portar durant els dies 8, 9 i 10 segons les consignes estipulades..\u00a0<\/span><\/p>\n<p><iframe loading=\"lazy\" src=\"\/\/www.youtube.com\/embed\/ejLVtoiW2ok\" width=\"560\" height=\"315\" frameborder=\"0\"><\/iframe><\/p>\n<p><span style=\"font-weight: 400;\">Ja sabem que enguany\u00a0 est\u00e0 sent diferent, per\u00f2 no hem volgut renunciar a celebrar aquesta festivitat tenint en compte les mesures de prevenci\u00f3 per tal de gaudir amb responsabilitat aquests dies i seguir contagiant-nos de la il\u00b7lusi\u00f3 i felicitat dels infants.\u00a0<\/span><\/p>\n<p>&nbsp;<\/p>\n<p><span style=\"font-weight: 400;\">A m\u00e9s a m\u00e9s, durant els dies 8, 9 i 10 els infants prepararan la seva disfressa a l\u2019escola i el dijous al mat\u00ed farem una rua per tal de lluir-les davant de tota l\u2019escola i sempre mantenint la dist\u00e0ncia de seguretat i respectant els grups bombolles.\u00a0<\/span><\/p>\n<p>&nbsp;<\/p>\n<p><span style=\"font-weight: 400;\">Si voleu saber el discurs que l\u2019alumnat delegat de 6\u00e8 ha preparat, no us podeu perdre aquest v\u00eddeo clicant a sobre d&#8217;aquest enlla\u00e7!\u00a0<\/span><\/p>\n<p><iframe loading=\"lazy\" src=\"\/\/www.youtube.com\/embed\/qN-Ps4wZqko\" width=\"560\" height=\"315\" frameborder=\"0\"><\/iframe><\/p>\n","protected":false},"excerpt":{"rendered":"<p>Benvolguts i benvolgudes!!!<br \/>\n&nbsp;<br \/>\nEns adrecem a vosaltres per informar-vos que durant la setmana del 8 al\u00a0 12 de febrer, celebrarem el Carnaval a l\u2019escola. Com ja sabeu, els i les alumnes del Pau Vila rebran unes consignes per part del rei Carnestoltes, que vindr\u00e0 el dia&hellip;  <a href=\"https:\/\/agora.xtec.cat\/escolapauvila\/petits\/carnestoltes-2021\/\" title=\"Read CARNESTOLTES 2021!\">Llegeix m\u00e9s\u00bb<\/a><\/p>\n","protected":false},"author":1,"featured_media":3770,"comment_status":"open","ping_status":"closed","sticky":false,"template":"","format":"standard","meta":{"_bbp_topic_count":0,"_bbp_reply_count":0,"_bbp_total_topic_count":0,"_bbp_total_reply_count":0,"_bbp_voice_count":0,"_bbp_anonymous_reply_count":0,"_bbp_topic_count_hidden":0,"_bbp_reply_count_hidden":0,"_bbp_forum_subforum_count":0,"footnotes":""},"categories":[61,5,2,4],"tags":[],"class_list":["post-3769","post","type-post","status-publish","format-standard","has-post-thumbnail","hentry","category-grans","category-mitjans","category-petits","category-portada"],"post_mailing_queue_ids":[],"_links":{"self":[{"href":"https:\/\/agora.xtec.cat\/escolapauvila\/wp-json\/wp\/v2\/posts\/3769","targetHints":{"allow":["GET"]}}],"collection":[{"href":"https:\/\/agora.xtec.cat\/escolapauvila\/wp-json\/wp\/v2\/posts"}],"about":[{"href":"https:\/\/agora.xtec.cat\/escolapauvila\/wp-json\/wp\/v2\/types\/post"}],"author":[{"embeddable":true,"href":"https:\/\/agora.xtec.cat\/escolapauvila\/wp-json\/wp\/v2\/users\/1"}],"replies":[{"embeddable":true,"href":"https:\/\/agora.xtec.cat\/escolapauvila\/wp-json\/wp\/v2\/comments?post=3769"}],"version-history":[{"count":3,"href":"https:\/\/agora.xtec.cat\/escolapauvila\/wp-json\/wp\/v2\/posts\/3769\/revisions"}],"predecessor-version":[{"id":4260,"href":"https:\/\/agora.xtec.cat\/escolapauvila\/wp-json\/wp\/v2\/posts\/3769\/revisions\/4260"}],"wp:featuredmedia":[{"embeddable":true,"href":"https:\/\/agora.xtec.cat\/escolapauvila\/wp-json\/wp\/v2\/media\/3770"}],"wp:attachment":[{"href":"https:\/\/agora.xtec.cat\/escolapauvila\/wp-json\/wp\/v2\/media?parent=3769"}],"wp:term":[{"taxonomy":"category","embeddable":true,"href":"https:\/\/agora.xtec.cat\/escolapauvila\/wp-json\/wp\/v2\/categories?post=3769"},{"taxonomy":"post_tag","embeddable":true,"href":"https:\/\/agora.xtec.cat\/escolapauvila\/wp-json\/wp\/v2\/tags?post=3769"}],"curies":[{"name":"wp","href":"https:\/\/api.w.org\/{rel}","templated":true}]}}