{"id":3739,"date":"2021-02-04T16:28:57","date_gmt":"2021-02-04T15:28:57","guid":{"rendered":"https:\/\/agora.xtec.cat\/escolapauvila\/?p=3739"},"modified":"2021-02-06T20:20:35","modified_gmt":"2021-02-06T19:20:35","slug":"diari-del-21-de-gener-al-4-de-febrer","status":"publish","type":"post","link":"https:\/\/agora.xtec.cat\/escolapauvila\/grans\/5e\/diari-del-21-de-gener-al-4-de-febrer\/","title":{"rendered":"Diari del 25 de gener al 4 de febrer"},"content":{"rendered":"<p>&nbsp;<\/p>\n<p><i><span style=\"font-weight: 400;\">Avui al menjador hem fet unes boles de farina i arr\u00f2s, l\u2019Izan i jo (Alba) les hem fet de color groc.<\/span><\/i><\/p>\n<p><i><span style=\"font-weight: 400;\">Vam fer una xerrada amb una noia que es deia Mireia,que ens va explica sobre les tecnologies d&#8217;avui en dia com les videoconsoles, m\u00f2bils, tablets&#8230; I vam opinar per qu\u00e8 serveixen les tecnologies d\u2019ara.<\/span><\/i><\/p>\n<p><img loading=\"lazy\" decoding=\"async\" class=\"alignnone size-medium wp-image-3743\" src=\"https:\/\/agora.xtec.cat\/escolapauvila\/wp-content\/uploads\/usu1565\/2021\/02\/xarrada-300x225.jpg\" alt=\"\" width=\"300\" height=\"225\" srcset=\"https:\/\/agora.xtec.cat\/escolapauvila\/wp-content\/uploads\/usu1565\/2021\/02\/xarrada-300x225.jpg 300w, https:\/\/agora.xtec.cat\/escolapauvila\/wp-content\/uploads\/usu1565\/2021\/02\/xarrada-768x576.jpg 768w, https:\/\/agora.xtec.cat\/escolapauvila\/wp-content\/uploads\/usu1565\/2021\/02\/xarrada-200x150.jpg 200w, https:\/\/agora.xtec.cat\/escolapauvila\/wp-content\/uploads\/usu1565\/2021\/02\/xarrada.jpg 800w\" sizes=\"auto, (max-width: 300px) 100vw, 300px\" \/><\/p>\n<p><i><span style=\"font-weight: 400;\">Aquesta setmana a educaci\u00f3 f\u00edsica hem estat aprenent hoquei i la veritat \u00e9s que pensava que ens anava a sortir pitjor, per\u00f2 l\u2019estic on ens agafem era una mica dif\u00edcil d&#8217;agafar-lo b\u00e9 amb la m\u00e0 bona abaix i la m\u00e0 dolenta a dalt.<\/span><\/i><\/p>\n<p><i><span style=\"font-weight: 400;\">Aquesta setmana ens tocava canviar de racons, i l\u2019Izan i jo hem triat el de reporters perqu\u00e8 si no,no estariem aqu\u00ed.<\/span><\/i><\/p>\n<p><i><span style=\"font-weight: 400;\">Ara amb la covid-19 est\u00e0 una mica pitjor i per arreglar-ho hem decidit fer una fila definitiva per no barrejar-nos tant amb les altres classes.\u00a0<\/span><\/i><\/p>\n<p><img loading=\"lazy\" decoding=\"async\" class=\"alignnone size-medium wp-image-3744\" src=\"https:\/\/agora.xtec.cat\/escolapauvila\/wp-content\/uploads\/usu1565\/2021\/02\/llista-300x225.jpg\" alt=\"\" width=\"300\" height=\"225\" srcset=\"https:\/\/agora.xtec.cat\/escolapauvila\/wp-content\/uploads\/usu1565\/2021\/02\/llista-300x225.jpg 300w, https:\/\/agora.xtec.cat\/escolapauvila\/wp-content\/uploads\/usu1565\/2021\/02\/llista-768x576.jpg 768w, https:\/\/agora.xtec.cat\/escolapauvila\/wp-content\/uploads\/usu1565\/2021\/02\/llista-200x150.jpg 200w, https:\/\/agora.xtec.cat\/escolapauvila\/wp-content\/uploads\/usu1565\/2021\/02\/llista.jpg 800w\" sizes=\"auto, (max-width: 300px) 100vw, 300px\" \/><\/p>\n<p><i><span style=\"font-weight: 400;\">Tamb\u00e9 hem apr\u00e8s els agents externs i interns que formen el relleu.<\/span><\/i><\/p>\n<p><img loading=\"lazy\" decoding=\"async\" class=\"alignnone size-medium wp-image-3741\" src=\"https:\/\/agora.xtec.cat\/escolapauvila\/wp-content\/uploads\/usu1565\/2021\/02\/agents-300x225.jpg\" alt=\"\" width=\"300\" height=\"225\" srcset=\"https:\/\/agora.xtec.cat\/escolapauvila\/wp-content\/uploads\/usu1565\/2021\/02\/agents-300x225.jpg 300w, https:\/\/agora.xtec.cat\/escolapauvila\/wp-content\/uploads\/usu1565\/2021\/02\/agents-768x576.jpg 768w, https:\/\/agora.xtec.cat\/escolapauvila\/wp-content\/uploads\/usu1565\/2021\/02\/agents-200x150.jpg 200w, https:\/\/agora.xtec.cat\/escolapauvila\/wp-content\/uploads\/usu1565\/2021\/02\/agents.jpg 876w\" sizes=\"auto, (max-width: 300px) 100vw, 300px\" \/><\/p>\n<p><i><span style=\"font-weight: 400;\">L&#8217;altre dia vam cambiar de llocs, no vam triar nosaltres sin\u00f3 l&#8217;ipad. A mi em va tocar amb la meva millor amiga i a l&#8217;Izan M tamb\u00e9.<\/span><\/i><\/p>\n<p><i><span style=\"font-weight: 400;\">El dia 31 de Gener va ser l\u2019aniversari de l\u2019Izan Gomez i tamb\u00e9 el del nostre mestre (Ernest).<\/span><\/i><\/p>\n<p><i><span style=\"font-weight: 400;\">Avui \u00e9s el nostre \u00faltim dia d&#8217;aquest rac\u00f3<\/span><\/i><i><span style=\"font-weight: 400;\"> (REPORTERS) a l\u2019Izan M li ha agradat molt i a l\u2019Alba tamb\u00e9 li ha agradat.<\/span><\/i><\/p>\n<p><img loading=\"lazy\" decoding=\"async\" class=\"alignnone size-medium wp-image-3745\" src=\"https:\/\/agora.xtec.cat\/escolapauvila\/wp-content\/uploads\/usu1565\/2021\/02\/repor-300x225.jpg\" alt=\"\" width=\"300\" height=\"225\" srcset=\"https:\/\/agora.xtec.cat\/escolapauvila\/wp-content\/uploads\/usu1565\/2021\/02\/repor-300x225.jpg 300w, https:\/\/agora.xtec.cat\/escolapauvila\/wp-content\/uploads\/usu1565\/2021\/02\/repor-768x576.jpg 768w, https:\/\/agora.xtec.cat\/escolapauvila\/wp-content\/uploads\/usu1565\/2021\/02\/repor-200x150.jpg 200w, https:\/\/agora.xtec.cat\/escolapauvila\/wp-content\/uploads\/usu1565\/2021\/02\/repor.jpg 800w\" sizes=\"auto, (max-width: 300px) 100vw, 300px\" \/><\/p>\n<p><i><span style=\"font-weight: 400;\">Dimarts vam fer els animals invertebrats i hem apr\u00e8s un munt de coses<\/span><\/i><i><span style=\"font-weight: 400;\"> sobre medi natural sobre aix\u00f2.<\/span><\/i><\/p>\n<p><i><span style=\"font-weight: 400;\">El dia 3 de febrer vam \u201cacabar\u201d la can\u00e7\u00f3 de \u201csi tots ho fem\u201d.<\/span><\/i><\/p>\n<p><i><span style=\"font-weight: 400;\">Nosaltres aquesta setmana hem acabat un dibuix de la perspectiva que \u00e9s que es veu com de prop per\u00f2 despr\u00e9s es veu com si s&#8217;estigu\u00e9s tirant cap enrrere.<\/span><\/i><\/p>\n<p><img loading=\"lazy\" decoding=\"async\" class=\"alignnone size-medium wp-image-3742\" src=\"https:\/\/agora.xtec.cat\/escolapauvila\/wp-content\/uploads\/usu1565\/2021\/02\/pespectiva-300x225.jpg\" alt=\"\" width=\"300\" height=\"225\" srcset=\"https:\/\/agora.xtec.cat\/escolapauvila\/wp-content\/uploads\/usu1565\/2021\/02\/pespectiva-300x225.jpg 300w, https:\/\/agora.xtec.cat\/escolapauvila\/wp-content\/uploads\/usu1565\/2021\/02\/pespectiva-768x576.jpg 768w, https:\/\/agora.xtec.cat\/escolapauvila\/wp-content\/uploads\/usu1565\/2021\/02\/pespectiva-200x150.jpg 200w, https:\/\/agora.xtec.cat\/escolapauvila\/wp-content\/uploads\/usu1565\/2021\/02\/pespectiva.jpg 876w\" sizes=\"auto, (max-width: 300px) 100vw, 300px\" \/><\/p>\n<p><i><span style=\"font-weight: 400;\">\u00a0 <a href=\"https:\/\/photos.app.goo.gl\/Ri786qGSwu1gFrsG9\">Vull veure totes les fotos.<\/a>\u00a0<\/span><\/i><\/p>\n<h2 style=\"text-align: right;\"><strong>Izan Mora i Alba Serra<\/strong><\/h2>\n","protected":false},"excerpt":{"rendered":"<p>&nbsp;<br \/>\nAvui al menjador hem fet unes boles de farina i arr\u00f2s, l\u2019Izan i jo (Alba) les hem fet de color groc.<br \/>\nVam fer una xerrada amb una noia que es deia Mireia,que ens va explica sobre les tecnologies d&#8217;avui en dia com les videoconsoles, m\u00f2bils, tablets&#8230;&hellip;  <a href=\"https:\/\/agora.xtec.cat\/escolapauvila\/grans\/5e\/diari-del-21-de-gener-al-4-de-febrer\/\" title=\"Read Diari del 25 de gener al 4 de febrer\">Llegeix m\u00e9s\u00bb<\/a><\/p>\n","protected":false},"author":1,"featured_media":3742,"comment_status":"open","ping_status":"closed","sticky":false,"template":"","format":"standard","meta":{"_bbp_topic_count":0,"_bbp_reply_count":0,"_bbp_total_topic_count":0,"_bbp_total_reply_count":0,"_bbp_voice_count":0,"_bbp_anonymous_reply_count":0,"_bbp_topic_count_hidden":0,"_bbp_reply_count_hidden":0,"_bbp_forum_subforum_count":0,"footnotes":""},"categories":[14,61],"tags":[83,77],"class_list":["post-3739","post","type-post","status-publish","format-standard","has-post-thumbnail","hentry","category-5e","category-grans","tag-5c20-21","tag-nascuts2010"],"post_mailing_queue_ids":[],"_links":{"self":[{"href":"https:\/\/agora.xtec.cat\/escolapauvila\/wp-json\/wp\/v2\/posts\/3739","targetHints":{"allow":["GET"]}}],"collection":[{"href":"https:\/\/agora.xtec.cat\/escolapauvila\/wp-json\/wp\/v2\/posts"}],"about":[{"href":"https:\/\/agora.xtec.cat\/escolapauvila\/wp-json\/wp\/v2\/types\/post"}],"author":[{"embeddable":true,"href":"https:\/\/agora.xtec.cat\/escolapauvila\/wp-json\/wp\/v2\/users\/1"}],"replies":[{"embeddable":true,"href":"https:\/\/agora.xtec.cat\/escolapauvila\/wp-json\/wp\/v2\/comments?post=3739"}],"version-history":[{"count":3,"href":"https:\/\/agora.xtec.cat\/escolapauvila\/wp-json\/wp\/v2\/posts\/3739\/revisions"}],"predecessor-version":[{"id":3854,"href":"https:\/\/agora.xtec.cat\/escolapauvila\/wp-json\/wp\/v2\/posts\/3739\/revisions\/3854"}],"wp:featuredmedia":[{"embeddable":true,"href":"https:\/\/agora.xtec.cat\/escolapauvila\/wp-json\/wp\/v2\/media\/3742"}],"wp:attachment":[{"href":"https:\/\/agora.xtec.cat\/escolapauvila\/wp-json\/wp\/v2\/media?parent=3739"}],"wp:term":[{"taxonomy":"category","embeddable":true,"href":"https:\/\/agora.xtec.cat\/escolapauvila\/wp-json\/wp\/v2\/categories?post=3739"},{"taxonomy":"post_tag","embeddable":true,"href":"https:\/\/agora.xtec.cat\/escolapauvila\/wp-json\/wp\/v2\/tags?post=3739"}],"curies":[{"name":"wp","href":"https:\/\/api.w.org\/{rel}","templated":true}]}}