{"id":3738,"date":"2021-02-05T10:57:09","date_gmt":"2021-02-05T09:57:09","guid":{"rendered":"https:\/\/agora.xtec.cat\/escolapauvila\/?p=3738"},"modified":"2021-03-02T21:40:07","modified_gmt":"2021-03-02T20:40:07","slug":"projecte-viatge-per-espanya","status":"publish","type":"post","link":"https:\/\/agora.xtec.cat\/escolapauvila\/general\/projecte-viatge-per-espanya\/","title":{"rendered":"PROJECTE VIATGE PER ESPANYA"},"content":{"rendered":"<p>Aquest any estem fent un projecte anomenat &#8220;Viatge per Espanya.&#8221;<\/p>\n<p>Ens vam organitzar de la seg\u00fcent manera: vam fer les parelles, ens van explicar les tasques que hav\u00edem de fer: ten\u00edem que fer un lapbook amb la informaci\u00f3 de la nostre comunitat. A m\u00e9s a m\u00e9s, tenim un presupost pel viatge i vam fer un horari de les hores que ten\u00edem per fer el projecte. Vam comen\u00e7ar pe l&#8217;apartat de medi social i m\u00fasica.<\/p>\n<p>Tot seguit vam decidir les comunitats que s\u00f3n les seg\u00fcents: Galicia,Andalusia,Madrid,Arag\u00f3,Extremadura,Murcia, Illes canaries i Illes balears. Per acabar el projecte haurem de fer la fira de turisme.<\/p>\n<p><span style=\"font-family: inherit; font-size: 1em;\">Aix\u00ed hem comen\u00e7at el projecte de el viatge per Espanya, encara que ens queda molt per descubrir.<\/span><\/p>\n<p>&nbsp;<\/p>\n<p><a href=\"https:\/\/agora.xtec.cat\/escolapauvila\/wp-content\/uploads\/usu1565\/2021\/02\/Dise\u00f1o-sin-t\u00edtulo.jpg\"><img loading=\"lazy\" decoding=\"async\" class=\"alignnone size-medium wp-image-3765\" src=\"https:\/\/agora.xtec.cat\/escolapauvila\/wp-content\/uploads\/usu1565\/2021\/02\/Dise\u00f1o-sin-t\u00edtulo-300x240.jpg\" alt=\"\" width=\"300\" height=\"240\" srcset=\"https:\/\/agora.xtec.cat\/escolapauvila\/wp-content\/uploads\/usu1565\/2021\/02\/Dise\u00f1o-sin-t\u00edtulo-300x240.jpg 300w, https:\/\/agora.xtec.cat\/escolapauvila\/wp-content\/uploads\/usu1565\/2021\/02\/Dise\u00f1o-sin-t\u00edtulo-768x614.jpg 768w, https:\/\/agora.xtec.cat\/escolapauvila\/wp-content\/uploads\/usu1565\/2021\/02\/Dise\u00f1o-sin-t\u00edtulo-1024x819.jpg 1024w, https:\/\/agora.xtec.cat\/escolapauvila\/wp-content\/uploads\/usu1565\/2021\/02\/Dise\u00f1o-sin-t\u00edtulo.jpg 2000w\" sizes=\"auto, (max-width: 300px) 100vw, 300px\" \/><\/a><\/p>\n","protected":false},"excerpt":{"rendered":"<p>Aquest any estem fent un projecte anomenat &#8220;Viatge per Espanya.&#8221;<br \/>\nEns vam organitzar de la seg\u00fcent manera: vam fer les parelles, ens van explicar les tasques que hav\u00edem de fer: ten\u00edem que fer un lapbook amb la informaci\u00f3 de la nostre comunitat. A m\u00e9s a m\u00e9s,&hellip;  <a href=\"https:\/\/agora.xtec.cat\/escolapauvila\/general\/projecte-viatge-per-espanya\/\" title=\"Read PROJECTE VIATGE PER ESPANYA\">Llegeix m\u00e9s\u00bb<\/a><\/p>\n","protected":false},"author":1,"featured_media":3765,"comment_status":"open","ping_status":"closed","sticky":false,"template":"","format":"standard","meta":{"_bbp_topic_count":0,"_bbp_reply_count":0,"_bbp_total_topic_count":0,"_bbp_total_reply_count":0,"_bbp_voice_count":0,"_bbp_anonymous_reply_count":0,"_bbp_topic_count_hidden":0,"_bbp_reply_count_hidden":0,"_bbp_forum_subforum_count":0,"footnotes":""},"categories":[15,61,1],"tags":[154,93],"class_list":["post-3738","post","type-post","status-publish","format-standard","has-post-thumbnail","hentry","category-6e","category-grans","category-general","tag-6ec","tag-nascuts2009"],"post_mailing_queue_ids":[],"_links":{"self":[{"href":"https:\/\/agora.xtec.cat\/escolapauvila\/wp-json\/wp\/v2\/posts\/3738","targetHints":{"allow":["GET"]}}],"collection":[{"href":"https:\/\/agora.xtec.cat\/escolapauvila\/wp-json\/wp\/v2\/posts"}],"about":[{"href":"https:\/\/agora.xtec.cat\/escolapauvila\/wp-json\/wp\/v2\/types\/post"}],"author":[{"embeddable":true,"href":"https:\/\/agora.xtec.cat\/escolapauvila\/wp-json\/wp\/v2\/users\/1"}],"replies":[{"embeddable":true,"href":"https:\/\/agora.xtec.cat\/escolapauvila\/wp-json\/wp\/v2\/comments?post=3738"}],"version-history":[{"count":1,"href":"https:\/\/agora.xtec.cat\/escolapauvila\/wp-json\/wp\/v2\/posts\/3738\/revisions"}],"predecessor-version":[{"id":3766,"href":"https:\/\/agora.xtec.cat\/escolapauvila\/wp-json\/wp\/v2\/posts\/3738\/revisions\/3766"}],"wp:featuredmedia":[{"embeddable":true,"href":"https:\/\/agora.xtec.cat\/escolapauvila\/wp-json\/wp\/v2\/media\/3765"}],"wp:attachment":[{"href":"https:\/\/agora.xtec.cat\/escolapauvila\/wp-json\/wp\/v2\/media?parent=3738"}],"wp:term":[{"taxonomy":"category","embeddable":true,"href":"https:\/\/agora.xtec.cat\/escolapauvila\/wp-json\/wp\/v2\/categories?post=3738"},{"taxonomy":"post_tag","embeddable":true,"href":"https:\/\/agora.xtec.cat\/escolapauvila\/wp-json\/wp\/v2\/tags?post=3738"}],"curies":[{"name":"wp","href":"https:\/\/api.w.org\/{rel}","templated":true}]}}