{"id":3713,"date":"2021-02-05T19:37:40","date_gmt":"2021-02-05T18:37:40","guid":{"rendered":"https:\/\/agora.xtec.cat\/escolapauvila\/?p=3713"},"modified":"2021-02-09T20:55:11","modified_gmt":"2021-02-09T19:55:11","slug":"arriba-el-carnestoltes","status":"publish","type":"post","link":"https:\/\/agora.xtec.cat\/escolapauvila\/petits\/arriba-el-carnestoltes\/","title":{"rendered":"ARRIBA EL CARNESTOLTES!"},"content":{"rendered":"<p>BENVOLGUDES <span style=\"font-size: 20px;\"><strong><span style=\"color: #ff0000;\">F<\/span>AM\u00cdLIES<\/strong><\/span>,<\/p>\n<p>AQUESTA TARDA HEM TINGUT L&#8217;HONOR DE REBRE AL<strong><span style=\"font-size: 20px;\"><span style=\"color: #ff0000;\"> R<\/span>EI <span style=\"color: #ff0000;\">C<\/span>ARNESTOLTES<\/span><\/strong><span style=\"font-size: 20px;\">,\u00a0<span style=\"font-size: 16px;\">TOT I QUE AQUEST ANY PER TAL D&#8217;ADAPTAR-NOS A LA NOVA SITUACI\u00d3 QUE ESTEM VIVINT, HO HEM FET DESDE LA CLASSE I HEM ESCOLTAT EL PREG\u00d3 I LES CONSIGNES A TRAV\u00c9S DE LA PANTALLA.<\/span><\/span><\/p>\n<p>US HEM DE DIR QUE ENS HO HEM PASSAT GENIAL I HEM APROFITAT PER FER UNA MICA DE <strong><span style=\"font-size: 20px;\"><span style=\"color: #ff0000;\">F<\/span>ESTA<\/span><\/strong>,\u00a0 BALLAR I PASSAR-HO D&#8217;ALL\u00d2 M\u00c9S B\u00c9.<\/p>\n<p>PODEU VEURE AMB LES VOSTRES FILLES I FILLS LES CONSIGNES PER LA SETMANA VINENT I EL PREG\u00d3 A LA <a href=\"https:\/\/agora.xtec.cat\/escolapauvila\/petits\/carnestoltes-2021\/\" target=\"_blank\" rel=\"noopener noreferrer\">WEB DE L&#8217;ESCOLA\u00a0\u00a0<\/a><\/p>\n<p>SI VOLEU MIRAR LES <strong><span style=\"font-size: 20px;\"><span style=\"color: #ff0000;\">F<\/span>OTOS<\/span><\/strong> QUE HEM FET PODEU CLICAR <a href=\"https:\/\/photos.app.goo.gl\/cyqWf4yJR9c7LgC88\" target=\"_blank\" rel=\"noopener noreferrer\">AQU\u00cd<\/a><\/p>\n<p>BON CAP DE <strong><span style=\"font-size: 20px;\"><span style=\"color: #ff0000;\">S<\/span>ETMANA<\/span><\/strong>!<\/p>\n","protected":false},"excerpt":{"rendered":"<p>AVUI HEM REBUT AL CARNESTOLTES, QUINES GANES QUE EN TEN\u00cdEM! &hellip;  <a href=\"https:\/\/agora.xtec.cat\/escolapauvila\/petits\/arriba-el-carnestoltes\/\" title=\"Read ARRIBA EL CARNESTOLTES!\">Llegeix m\u00e9s\u00bb<\/a><\/p>\n","protected":false},"author":1,"featured_media":3789,"comment_status":"open","ping_status":"closed","sticky":false,"template":"","format":"standard","meta":{"_bbp_topic_count":0,"_bbp_reply_count":0,"_bbp_total_topic_count":0,"_bbp_total_reply_count":0,"_bbp_voice_count":0,"_bbp_anonymous_reply_count":0,"_bbp_topic_count_hidden":0,"_bbp_reply_count_hidden":0,"_bbp_forum_subforum_count":0,"footnotes":""},"categories":[2,9],"tags":[163,162,110,112,111,108],"class_list":["post-3713","post","type-post","status-publish","format-standard","has-post-thumbnail","hentry","category-petits","category-ei5","tag-carnestoltes","tag-ei5","tag-la-classe-del-mar","tag-la-classe-dels-cuiners-i-de-les-cuineres","tag-la-classe-dels-princeps-i-les-princeses","tag-nascuts2015"],"post_mailing_queue_ids":[],"_links":{"self":[{"href":"https:\/\/agora.xtec.cat\/escolapauvila\/wp-json\/wp\/v2\/posts\/3713","targetHints":{"allow":["GET"]}}],"collection":[{"href":"https:\/\/agora.xtec.cat\/escolapauvila\/wp-json\/wp\/v2\/posts"}],"about":[{"href":"https:\/\/agora.xtec.cat\/escolapauvila\/wp-json\/wp\/v2\/types\/post"}],"author":[{"embeddable":true,"href":"https:\/\/agora.xtec.cat\/escolapauvila\/wp-json\/wp\/v2\/users\/1"}],"replies":[{"embeddable":true,"href":"https:\/\/agora.xtec.cat\/escolapauvila\/wp-json\/wp\/v2\/comments?post=3713"}],"version-history":[{"count":3,"href":"https:\/\/agora.xtec.cat\/escolapauvila\/wp-json\/wp\/v2\/posts\/3713\/revisions"}],"predecessor-version":[{"id":3795,"href":"https:\/\/agora.xtec.cat\/escolapauvila\/wp-json\/wp\/v2\/posts\/3713\/revisions\/3795"}],"wp:featuredmedia":[{"embeddable":true,"href":"https:\/\/agora.xtec.cat\/escolapauvila\/wp-json\/wp\/v2\/media\/3789"}],"wp:attachment":[{"href":"https:\/\/agora.xtec.cat\/escolapauvila\/wp-json\/wp\/v2\/media?parent=3713"}],"wp:term":[{"taxonomy":"category","embeddable":true,"href":"https:\/\/agora.xtec.cat\/escolapauvila\/wp-json\/wp\/v2\/categories?post=3713"},{"taxonomy":"post_tag","embeddable":true,"href":"https:\/\/agora.xtec.cat\/escolapauvila\/wp-json\/wp\/v2\/tags?post=3713"}],"curies":[{"name":"wp","href":"https:\/\/api.w.org\/{rel}","templated":true}]}}