{"id":3605,"date":"2021-01-28T16:33:05","date_gmt":"2021-01-28T15:33:05","guid":{"rendered":"https:\/\/agora.xtec.cat\/escolapauvila\/?p=3605"},"modified":"2021-03-02T21:40:42","modified_gmt":"2021-03-02T20:40:42","slug":"xerrada-sobre-las-adiccions-a-les-pantalles","status":"publish","type":"post","link":"https:\/\/agora.xtec.cat\/escolapauvila\/general\/xerrada-sobre-las-adiccions-a-les-pantalles\/","title":{"rendered":"XERRADA SOBRE LAS ADICCIONS A LES PANTALLES"},"content":{"rendered":"<p>El dilluns, despr\u00e9s del pati, vam tenir una primera xerrada sobre les adiccions a les pantalles.<\/p>\n<p>Vam parlar de les reds socials com ara: tik tok, instagram, facebook, Whatsapp&#8230; A m\u00e9s a m\u00e9s, hem tractat altres temes com ara la privacitat i el que pugem a les reds socials. Ens van preguntar coses de la tecnologia que tenim a casa: si tenim m\u00f2vil, tablet, tele a la nostra habitaci\u00f3, si ens ho hav\u00edem comprat nosaltres&#8230; Tamb\u00e9 ens vam posar deures pel dijous sobre els jocs que utilitz\u00e0vem a casa i el que perd\u00edem, com per exemple, passar m\u00e9s estona amb la fam\u00edlia, les nostres amistats, fer el que m\u00e9s ens agrada&#8230;<\/p>\n<p>El dijous pel mat\u00ed vam fer la segona part. Vam parlar sobre els deures que vam fer, com ens sent\u00edem quan jug\u00e0vem als jocs. Despr\u00e9s vam parlar com ens sent\u00edem fent el que m\u00e9s ens agradaba sense els videojocs i els m\u00f2vils. I fins aqu\u00ed, el resum de la xarrada sobre les adiccions a les pantalles.<\/p>\n<p>&nbsp;<\/p>\n<p><a href=\"https:\/\/agora.xtec.cat\/escolapauvila\/wp-content\/uploads\/usu1565\/2021\/01\/Dise\u00f1o-sin-t\u00edtulo.jpg\"><img loading=\"lazy\" decoding=\"async\" class=\"alignnone size-medium wp-image-3606\" src=\"https:\/\/agora.xtec.cat\/escolapauvila\/wp-content\/uploads\/usu1565\/2021\/01\/Dise\u00f1o-sin-t\u00edtulo-300x240.jpg\" alt=\"\" width=\"300\" height=\"240\" srcset=\"https:\/\/agora.xtec.cat\/escolapauvila\/wp-content\/uploads\/usu1565\/2021\/01\/Dise\u00f1o-sin-t\u00edtulo-300x240.jpg 300w, https:\/\/agora.xtec.cat\/escolapauvila\/wp-content\/uploads\/usu1565\/2021\/01\/Dise\u00f1o-sin-t\u00edtulo-768x614.jpg 768w, https:\/\/agora.xtec.cat\/escolapauvila\/wp-content\/uploads\/usu1565\/2021\/01\/Dise\u00f1o-sin-t\u00edtulo-1024x819.jpg 1024w, https:\/\/agora.xtec.cat\/escolapauvila\/wp-content\/uploads\/usu1565\/2021\/01\/Dise\u00f1o-sin-t\u00edtulo.jpg 2000w\" sizes=\"auto, (max-width: 300px) 100vw, 300px\" \/><\/a><\/p>\n","protected":false},"excerpt":{"rendered":"<p>El dilluns, despr\u00e9s del pati, vam tenir una primera xerrada sobre les adiccions a les pantalles.<br \/>\nVam parlar de les reds socials com ara: tik tok, instagram, facebook, Whatsapp&#8230; A m\u00e9s a m\u00e9s, hem tractat altres temes com ara la privacitat i el que pugem a&hellip;  <a href=\"https:\/\/agora.xtec.cat\/escolapauvila\/general\/xerrada-sobre-las-adiccions-a-les-pantalles\/\" title=\"Read XERRADA SOBRE LAS ADICCIONS A LES PANTALLES\">Llegeix m\u00e9s\u00bb<\/a><\/p>\n","protected":false},"author":1,"featured_media":3606,"comment_status":"open","ping_status":"closed","sticky":false,"template":"","format":"standard","meta":{"_bbp_topic_count":0,"_bbp_reply_count":0,"_bbp_total_topic_count":0,"_bbp_total_reply_count":0,"_bbp_voice_count":0,"_bbp_anonymous_reply_count":0,"_bbp_topic_count_hidden":0,"_bbp_reply_count_hidden":0,"_bbp_forum_subforum_count":0,"footnotes":""},"categories":[15,61,1],"tags":[154,93],"class_list":["post-3605","post","type-post","status-publish","format-standard","has-post-thumbnail","hentry","category-6e","category-grans","category-general","tag-6ec","tag-nascuts2009"],"post_mailing_queue_ids":[],"_links":{"self":[{"href":"https:\/\/agora.xtec.cat\/escolapauvila\/wp-json\/wp\/v2\/posts\/3605","targetHints":{"allow":["GET"]}}],"collection":[{"href":"https:\/\/agora.xtec.cat\/escolapauvila\/wp-json\/wp\/v2\/posts"}],"about":[{"href":"https:\/\/agora.xtec.cat\/escolapauvila\/wp-json\/wp\/v2\/types\/post"}],"author":[{"embeddable":true,"href":"https:\/\/agora.xtec.cat\/escolapauvila\/wp-json\/wp\/v2\/users\/1"}],"replies":[{"embeddable":true,"href":"https:\/\/agora.xtec.cat\/escolapauvila\/wp-json\/wp\/v2\/comments?post=3605"}],"version-history":[{"count":2,"href":"https:\/\/agora.xtec.cat\/escolapauvila\/wp-json\/wp\/v2\/posts\/3605\/revisions"}],"predecessor-version":[{"id":3608,"href":"https:\/\/agora.xtec.cat\/escolapauvila\/wp-json\/wp\/v2\/posts\/3605\/revisions\/3608"}],"wp:featuredmedia":[{"embeddable":true,"href":"https:\/\/agora.xtec.cat\/escolapauvila\/wp-json\/wp\/v2\/media\/3606"}],"wp:attachment":[{"href":"https:\/\/agora.xtec.cat\/escolapauvila\/wp-json\/wp\/v2\/media?parent=3605"}],"wp:term":[{"taxonomy":"category","embeddable":true,"href":"https:\/\/agora.xtec.cat\/escolapauvila\/wp-json\/wp\/v2\/categories?post=3605"},{"taxonomy":"post_tag","embeddable":true,"href":"https:\/\/agora.xtec.cat\/escolapauvila\/wp-json\/wp\/v2\/tags?post=3605"}],"curies":[{"name":"wp","href":"https:\/\/api.w.org\/{rel}","templated":true}]}}