{"id":3593,"date":"2021-01-28T12:10:29","date_gmt":"2021-01-28T11:10:29","guid":{"rendered":"https:\/\/agora.xtec.cat\/escolapauvila\/?p=3593"},"modified":"2021-01-28T12:16:47","modified_gmt":"2021-01-28T11:16:47","slug":"les-vaques-experimentem-amb-lhivern","status":"publish","type":"post","link":"https:\/\/agora.xtec.cat\/escolapauvila\/petits\/les-vaques-experimentem-amb-lhivern\/","title":{"rendered":"LES VAQUES EXPERIMENTEM AMB L&#8217;HIVERN"},"content":{"rendered":"<p>LA CLASSE DE LES VAQUES ESTEM EXPERIMENTANT AMB EL FRED, LA NEU, EL GEL I ELEMENTS VIUS A L&#8217;HIVERN.<\/p>\n<p>ARREL DE L&#8217;EXPLICACI\u00d3 DEL CONTE: <strong>EH, DESGLA\u00c7A<\/strong>! I DE LA POSTERIOR CONVERSA, ENS VAN SORGIR UN SEGUIT DE DUBTES QUE HAV\u00cdEM DE RESOLDRE&#8230;<\/p>\n<p><a href=\"https:\/\/www.slideshare.net\/alba_sal\/conte-eh-desglaa\"><img loading=\"lazy\" decoding=\"async\" class=\"size-large wp-image-3569 aligncenter\" src=\"https:\/\/agora.xtec.cat\/escolapauvila\/wp-content\/uploads\/usu1565\/2021\/01\/Captura-de-Pantalla-2021-01-27-a-les-13.57.49.png\" alt=\"\" width=\"428\" height=\"441\" srcset=\"https:\/\/agora.xtec.cat\/escolapauvila\/wp-content\/uploads\/usu1565\/2021\/01\/Captura-de-Pantalla-2021-01-27-a-les-13.57.49.png 428w, https:\/\/agora.xtec.cat\/escolapauvila\/wp-content\/uploads\/usu1565\/2021\/01\/Captura-de-Pantalla-2021-01-27-a-les-13.57.49-291x300.png 291w\" sizes=\"auto, (max-width: 428px) 100vw, 428px\" \/><\/a><\/p>\n<p>&nbsp;<\/p>\n<p>CONVERSA COL-LECTIVA:<\/p>\n<ul>\n<li><strong>QU\u00c8 ES LA NEU? D&#8217;ON SURT?\u00a0<\/strong><\/li>\n<\/ul>\n<p>&#8211; &#8220;\u00c9S AIGUA&#8221;<\/p>\n<p>-&#8220;\u00c9S AIGUA CONGELADA&#8221;<\/p>\n<p>-&#8220;\u00c9S AIGUA BLANCA&#8221;<\/p>\n<p>-&#8220;SURT DEL CEL&#8221;<\/p>\n<p>-&#8220;ES FA LA HUMITAT. RECULL L&#8217;AIGUA DELS RIUS I LA CONGELA EN NEU&#8221;<\/p>\n<p>-&#8220;SURT EN EL CEL I PODEM FER UN NINOT DE NEU&#8221;<\/p>\n<p>-&#8220;DE L&#8217;AIGUA CONGELADA&#8221;<\/p>\n<p>-&#8220;D&#8217;UNA BOLA&#8221;<\/p>\n<ul>\n<li><strong>COM ES FA EL GEL?<\/strong><\/li>\n<\/ul>\n<p>-&#8220;AMB AIGUA FREDA&#8221;<\/p>\n<p>-&#8220;POSEM AIGUA AL CONGELADOR&#8221;<\/p>\n<p>-&#8220;LA POSEM A LA NEVERA&#8221;<\/p>\n<ul>\n<li><strong>EN PODEM FER NEU?<\/strong><\/li>\n<\/ul>\n<p>-&#8220;NO PODEM&#8221;<\/p>\n<p>&#8211; &#8220;LA NEU ESTA FORA&#8221;<\/p>\n<p>-&#8220;AL CONGELADOR POSEM AIGUA&#8221;<\/p>\n<p>APROFITEM TOTA AQUESTA RIQUESA D&#8217;HIP\u00d2TESIS PER A REALITZAR EL NOSTRE PRIMER <strong>EXPERIMENT<\/strong>:<\/p>\n<p><strong>FAREM NEU!!! NEU DE MENTIDA PER\u00d2 FREDA.\u00a0<\/strong><\/p>\n<p>NOM\u00c9S NECESSITEM:<\/p>\n<ol>\n<li>\u00a0UN <strong>BOLQUER<\/strong><\/li>\n<li>UN <strong>GOT D&#8217;AIGUA<\/strong>.<\/li>\n<li>BUIDEM EL GOT D&#8217;AIGUA AL BOLQUER I VEIEM QUE NO TRASPASSA. TOT SEGUIT L&#8217;ESTRIPEM FINS ARRIBAR A L&#8217;\u00daLTIMA CAPA D&#8217;ON SURT LA NEU!!!<\/li>\n<\/ol>\n<p><a href=\"https:\/\/agora.xtec.cat\/escolapauvila\/wp-content\/uploads\/usu1565\/2021\/01\/IMG-20210120-WA0014.jpg\"><img loading=\"lazy\" decoding=\"async\" class=\"alignnone wp-image-3598\" src=\"https:\/\/agora.xtec.cat\/escolapauvila\/wp-content\/uploads\/usu1565\/2021\/01\/IMG-20210120-WA0014-1024x768.jpg\" alt=\"\" width=\"450\" height=\"338\" srcset=\"https:\/\/agora.xtec.cat\/escolapauvila\/wp-content\/uploads\/usu1565\/2021\/01\/IMG-20210120-WA0014-1024x768.jpg 1024w, https:\/\/agora.xtec.cat\/escolapauvila\/wp-content\/uploads\/usu1565\/2021\/01\/IMG-20210120-WA0014-300x225.jpg 300w, https:\/\/agora.xtec.cat\/escolapauvila\/wp-content\/uploads\/usu1565\/2021\/01\/IMG-20210120-WA0014-768x576.jpg 768w, https:\/\/agora.xtec.cat\/escolapauvila\/wp-content\/uploads\/usu1565\/2021\/01\/IMG-20210120-WA0014-200x150.jpg 200w, https:\/\/agora.xtec.cat\/escolapauvila\/wp-content\/uploads\/usu1565\/2021\/01\/IMG-20210120-WA0014.jpg 1600w\" sizes=\"auto, (max-width: 450px) 100vw, 450px\" \/><\/a> <a href=\"https:\/\/agora.xtec.cat\/escolapauvila\/wp-content\/uploads\/usu1565\/2021\/01\/IMG-20210120-WA0011.jpg\"><img loading=\"lazy\" decoding=\"async\" class=\"wp-image-3599 alignright\" src=\"https:\/\/agora.xtec.cat\/escolapauvila\/wp-content\/uploads\/usu1565\/2021\/01\/IMG-20210120-WA0011-1024x768.jpg\" alt=\"\" width=\"447\" height=\"334\" srcset=\"https:\/\/agora.xtec.cat\/escolapauvila\/wp-content\/uploads\/usu1565\/2021\/01\/IMG-20210120-WA0011-1024x768.jpg 1024w, https:\/\/agora.xtec.cat\/escolapauvila\/wp-content\/uploads\/usu1565\/2021\/01\/IMG-20210120-WA0011-300x225.jpg 300w, https:\/\/agora.xtec.cat\/escolapauvila\/wp-content\/uploads\/usu1565\/2021\/01\/IMG-20210120-WA0011-768x576.jpg 768w, https:\/\/agora.xtec.cat\/escolapauvila\/wp-content\/uploads\/usu1565\/2021\/01\/IMG-20210120-WA0011-200x150.jpg 200w, https:\/\/agora.xtec.cat\/escolapauvila\/wp-content\/uploads\/usu1565\/2021\/01\/IMG-20210120-WA0011.jpg 1600w\" sizes=\"auto, (max-width: 447px) 100vw, 447px\" \/><\/a><\/p>\n<p>PEL SEGON <strong>EXPERIMENT <\/strong>PARTIM D&#8217;AQUESTES PREGUNTES:<\/p>\n<ul>\n<li><strong>QU\u00c8 ES EL GEL? DE QU\u00c8 EST\u00c0 FET? PODEM PINTAR AMB ELL?<\/strong><\/li>\n<\/ul>\n<p>&#8211; &#8220;UN HIELO&#8221;<\/p>\n<p>-&#8220;AIGUA MOLT FREDA&#8221;<\/p>\n<p>-&#8220;EST\u00c0 FET D&#8217;AIGUA GRIS&#8221;<\/p>\n<p>-&#8220;NO PODEM PINTAR&#8221;<\/p>\n<ul>\n<li><strong>L&#8217;AIGUA PINTA? DE QUIN COLOR \u00c9S L&#8217;AIGUA?<\/strong><\/li>\n<\/ul>\n<p>-&#8220;NO PINTA&#8221;<\/p>\n<p>-&#8220;\u00c9S DE COLOR GRIS&#8221;<\/p>\n<p>-&#8220;NO TE COLOR&#8221;<\/p>\n<p>PASSEM A DONAR RESPOSTA A LES PREGUNTES!<\/p>\n<p>OMPLIM UNA <strong>GLA\u00c7ONERA AMB AIGUA<\/strong>. LI POSEM UNES GOTETES DE <strong>COLORANT ALIMENTARI<\/strong> I HO PORTEM AL CONGELADOR.<\/p>\n<p>AL DIA SEG\u00dcENT LES ANEM A BUSCAR AL CONGELADOR I&#8230; L&#8217;AIGUA HA CANVIAT D&#8217;ESTAT! ENS HEM TROBAT <strong>GEL<\/strong>!!! EL TOQUEM, JUGUEM AMB ELL, VEIEM COM DE FRED \u00c9S, COM RELLISCA I COM ES VA DESFENT AMB LA CALOR I TORNA A QUEDAR AIGUA!<\/p>\n<p>HEM POGUT COMPROVAR QUE ELS GLA\u00c7ONS AMB COLORANT PINTEN I QUE L&#8217;AIGUA EN ESTAT L\u00cdQUID TAMB\u00c9!<\/p>\n<p><a href=\"https:\/\/agora.xtec.cat\/escolapauvila\/wp-content\/uploads\/usu1565\/2021\/01\/IMG_20210125_112111.jpg\"><img loading=\"lazy\" decoding=\"async\" class=\"wp-image-3600 alignleft\" src=\"https:\/\/agora.xtec.cat\/escolapauvila\/wp-content\/uploads\/usu1565\/2021\/01\/IMG_20210125_112111-1024x768.jpg\" alt=\"\" width=\"433\" height=\"325\" srcset=\"https:\/\/agora.xtec.cat\/escolapauvila\/wp-content\/uploads\/usu1565\/2021\/01\/IMG_20210125_112111-1024x768.jpg 1024w, https:\/\/agora.xtec.cat\/escolapauvila\/wp-content\/uploads\/usu1565\/2021\/01\/IMG_20210125_112111-300x225.jpg 300w, https:\/\/agora.xtec.cat\/escolapauvila\/wp-content\/uploads\/usu1565\/2021\/01\/IMG_20210125_112111-768x576.jpg 768w, https:\/\/agora.xtec.cat\/escolapauvila\/wp-content\/uploads\/usu1565\/2021\/01\/IMG_20210125_112111-200x150.jpg 200w\" sizes=\"auto, (max-width: 433px) 100vw, 433px\" \/><\/a><\/p>\n<p><a href=\"https:\/\/agora.xtec.cat\/escolapauvila\/wp-content\/uploads\/usu1565\/2021\/01\/IMG_20210125_110844.jpg\"><img loading=\"lazy\" decoding=\"async\" class=\"wp-image-3601 alignright\" src=\"https:\/\/agora.xtec.cat\/escolapauvila\/wp-content\/uploads\/usu1565\/2021\/01\/IMG_20210125_110844-1024x768.jpg\" alt=\"\" width=\"432\" height=\"324\" srcset=\"https:\/\/agora.xtec.cat\/escolapauvila\/wp-content\/uploads\/usu1565\/2021\/01\/IMG_20210125_110844-1024x768.jpg 1024w, https:\/\/agora.xtec.cat\/escolapauvila\/wp-content\/uploads\/usu1565\/2021\/01\/IMG_20210125_110844-300x225.jpg 300w, https:\/\/agora.xtec.cat\/escolapauvila\/wp-content\/uploads\/usu1565\/2021\/01\/IMG_20210125_110844-768x576.jpg 768w, https:\/\/agora.xtec.cat\/escolapauvila\/wp-content\/uploads\/usu1565\/2021\/01\/IMG_20210125_110844-200x150.jpg 200w\" sizes=\"auto, (max-width: 432px) 100vw, 432px\" \/><\/a><\/p>\n<p>&nbsp;<\/p>\n<p>&nbsp;<\/p>\n<p>&nbsp;<\/p>\n<p>&nbsp;<\/p>\n<p>&nbsp;<\/p>\n<p>&nbsp;<\/p>\n<p>&nbsp;<\/p>\n<p>&nbsp;<\/p>\n<p style=\"text-align: center;\"><strong>UNS EXPERIMENTS QUE ENS HAN DEIXAT GLA\u00c7ATS!!!<\/strong><\/p>\n<p>SI VOLEU VEURE TOTES LES FOTOS , MIREU AQUEST ENLLA\u00c7:\u00a0<a href=\"https:\/\/photos.app.goo.gl\/q7ECzTtVRRYqJp2L8\">https:\/\/photos.app.goo.gl\/q7ECzTtVRRYqJp2L8<\/a><\/p>\n","protected":false},"excerpt":{"rendered":"<p>LA CLASSE DE LES VAQUES ESTEM EXPERIMENTANT AMB EL FRED, LA NEU, EL GEL I ELEMENTS VIUS A L&#8217;HIVERN.<br \/>\nARREL DE L&#8217;EXPLICACI\u00d3 DEL CONTE: EH, DESGLA\u00c7A! I DE LA POSTERIOR CONVERSA, ENS VAN SORGIR UN SEGUIT DE DUBTES QUE HAV\u00cdEM DE RESOLDRE&#8230;<br \/>\n<a href=\"https:\/\/www.slideshare.net\/alba_sal\/conte-eh-desglaa\"><\/a><br \/>\n&nbsp;<br \/>\nCONVERSA COL-LECTIVA:<\/p>\n<ul>\n<li>QU\u00c8 ES LA&hellip;  <a href=\"https:\/\/agora.xtec.cat\/escolapauvila\/petits\/les-vaques-experimentem-amb-lhivern\/\" title=\"Read LES VAQUES EXPERIMENTEM AMB L&#8217;HIVERN\">Llegeix m\u00e9s\u00bb<\/a><br \/>\n","protected":false},"author":1,"featured_media":3604,"comment_status":"open","ping_status":"closed","sticky":false,"template":"","format":"standard","meta":{"_bbp_topic_count":0,"_bbp_reply_count":0,"_bbp_total_topic_count":0,"_bbp_total_reply_count":0,"_bbp_voice_count":0,"_bbp_anonymous_reply_count":0,"_bbp_topic_count_hidden":0,"_bbp_reply_count_hidden":0,"_bbp_forum_subforum_count":0,"footnotes":""},"categories":[2,8],"tags":[103,104],"class_list":["post-3593","post","type-post","status-publish","format-standard","has-post-thumbnail","hentry","category-petits","category-ei4","tag-ei4a20-21","tag-nascuts2016"],"post_mailing_queue_ids":[],"_links":{"self":[{"href":"https:\/\/agora.xtec.cat\/escolapauvila\/wp-json\/wp\/v2\/posts\/3593","targetHints":{"allow":["GET"]}}],"collection":[{"href":"https:\/\/agora.xtec.cat\/escolapauvila\/wp-json\/wp\/v2\/posts"}],"about":[{"href":"https:\/\/agora.xtec.cat\/escolapauvila\/wp-json\/wp\/v2\/types\/post"}],"author":[{"embeddable":true,"href":"https:\/\/agora.xtec.cat\/escolapauvila\/wp-json\/wp\/v2\/users\/1"}],"replies":[{"embeddable":true,"href":"https:\/\/agora.xtec.cat\/escolapauvila\/wp-json\/wp\/v2\/comments?post=3593"}],"version-history":[{"count":2,"href":"https:\/\/agora.xtec.cat\/escolapauvila\/wp-json\/wp\/v2\/posts\/3593\/revisions"}],"predecessor-version":[{"id":3603,"href":"https:\/\/agora.xtec.cat\/escolapauvila\/wp-json\/wp\/v2\/posts\/3593\/revisions\/3603"}],"wp:featuredmedia":[{"embeddable":true,"href":"https:\/\/agora.xtec.cat\/escolapauvila\/wp-json\/wp\/v2\/media\/3604"}],"wp:attachment":[{"href":"https:\/\/agora.xtec.cat\/escolapauvila\/wp-json\/wp\/v2\/media?parent=3593"}],"wp:term":[{"taxonomy":"category","embeddable":true,"href":"https:\/\/agora.xtec.cat\/escolapauvila\/wp-json\/wp\/v2\/categories?post=3593"},{"taxonomy":"post_tag","embeddable":true,"href":"https:\/\/agora.xtec.cat\/escolapauvila\/wp-json\/wp\/v2\/tags?post=3593"}],"curies":[{"name":"wp","href":"https:\/\/api.w.org\/{rel}","templated":true}]}}