{"id":3563,"date":"2021-01-29T14:11:06","date_gmt":"2021-01-29T13:11:06","guid":{"rendered":"https:\/\/agora.xtec.cat\/escolapauvila\/?p=3563"},"modified":"2021-01-29T14:11:06","modified_gmt":"2021-01-29T13:11:06","slug":"comenzamos-el-viaje-por-el-mundo","status":"publish","type":"post","link":"https:\/\/agora.xtec.cat\/escolapauvila\/mitjans\/comenzamos-el-viaje-por-el-mundo\/","title":{"rendered":"Comenzamos el viaje por el mundo"},"content":{"rendered":"<p>Durante esta semana han empezado las exposiciones de Castellano del proyecto &#8220;Un viaje por el mundo&#8221;. En este proyecto los alumnos y las alumnas explicaran un pa\u00eds a los compa\u00f1eros\/as de la clase, que han preparado con sus familias en casa.<\/p>\n<p>Para introducir este proyecto, durante el primer trimestre le\u00edmos algunos cuentos de ni\u00f1os de diferentes puntos del planeta, en estos libros nos fijamos que las costumbres de los ni\u00f1os y ni\u00f1as eran diferentes a las nuestras, vest\u00edan diferentes y sus h\u00e1bitos eran otros. Adem\u00e1s, aprendimos un poco sobre los continentes y la situaci\u00f3n de estos en el planeta.<\/p>\n\n\t\t<style type=\"text\/css\">\n\t\t\t#gallery-1 {\n\t\t\t\tmargin: auto;\n\t\t\t}\n\t\t\t#gallery-1 .gallery-item {\n\t\t\t\tfloat: left;\n\t\t\t\tmargin-top: 10px;\n\t\t\t\ttext-align: center;\n\t\t\t\twidth: 33%;\n\t\t\t}\n\t\t\t#gallery-1 img {\n\t\t\t\tborder: 2px solid #cfcfcf;\n\t\t\t}\n\t\t\t#gallery-1 .gallery-caption {\n\t\t\t\tmargin-left: 0;\n\t\t\t}\n\t\t\t\/* see gallery_shortcode() in wp-includes\/media.php *\/\n\t\t<\/style>\n\t\t<div id='gallery-1' class='gallery galleryid-3563 gallery-columns-3 gallery-size-large'><dl class='gallery-item'>\n\t\t\t<dt class='gallery-icon portrait'>\n\t\t\t\t<a href='https:\/\/agora.xtec.cat\/escolapauvila\/mitjans\/comenzamos-el-viaje-por-el-mundo\/attachment\/66d36f18-408f-4ca8-bf77-f709ec0b5f9d\/'><img loading=\"lazy\" decoding=\"async\" width=\"768\" height=\"1024\" src=\"https:\/\/agora.xtec.cat\/escolapauvila\/wp-content\/uploads\/usu1565\/2021\/01\/66d36f18-408f-4ca8-bf77-f709ec0b5f9d-768x1024.jpg\" class=\"attachment-large size-large\" alt=\"\" aria-describedby=\"gallery-1-3614\" srcset=\"https:\/\/agora.xtec.cat\/escolapauvila\/wp-content\/uploads\/usu1565\/2021\/01\/66d36f18-408f-4ca8-bf77-f709ec0b5f9d-768x1024.jpg 768w, https:\/\/agora.xtec.cat\/escolapauvila\/wp-content\/uploads\/usu1565\/2021\/01\/66d36f18-408f-4ca8-bf77-f709ec0b5f9d-225x300.jpg 225w, https:\/\/agora.xtec.cat\/escolapauvila\/wp-content\/uploads\/usu1565\/2021\/01\/66d36f18-408f-4ca8-bf77-f709ec0b5f9d.jpg 1536w\" sizes=\"auto, (max-width: 768px) 100vw, 768px\" \/><\/a>\n\t\t\t<\/dt>\n\t\t\t\t<dd class='wp-caption-text gallery-caption' id='gallery-1-3614'>\n\t\t\t\tIvet &#8211; Espa\u00f1a\n\t\t\t\t<\/dd><\/dl><dl class='gallery-item'>\n\t\t\t<dt class='gallery-icon portrait'>\n\t\t\t\t<a href='https:\/\/agora.xtec.cat\/escolapauvila\/mitjans\/comenzamos-el-viaje-por-el-mundo\/attachment\/img_1818\/'><img loading=\"lazy\" decoding=\"async\" width=\"768\" height=\"1024\" src=\"https:\/\/agora.xtec.cat\/escolapauvila\/wp-content\/uploads\/usu1565\/2021\/01\/IMG_1818-768x1024.jpg\" class=\"attachment-large size-large\" alt=\"\" aria-describedby=\"gallery-1-3566\" srcset=\"https:\/\/agora.xtec.cat\/escolapauvila\/wp-content\/uploads\/usu1565\/2021\/01\/IMG_1818-768x1024.jpg 768w, https:\/\/agora.xtec.cat\/escolapauvila\/wp-content\/uploads\/usu1565\/2021\/01\/IMG_1818-225x300.jpg 225w\" sizes=\"auto, (max-width: 768px) 100vw, 768px\" \/><\/a>\n\t\t\t<\/dt>\n\t\t\t\t<dd class='wp-caption-text gallery-caption' id='gallery-1-3566'>\n\t\t\t\tAsier &#8211; Espa\u00f1a\n\t\t\t\t<\/dd><\/dl><dl class='gallery-item'>\n\t\t\t<dt class='gallery-icon portrait'>\n\t\t\t\t<a href='https:\/\/agora.xtec.cat\/escolapauvila\/mitjans\/comenzamos-el-viaje-por-el-mundo\/attachment\/ba516b5b-d083-4286-8f2e-1496f9028d7e\/'><img loading=\"lazy\" decoding=\"async\" width=\"768\" height=\"1024\" src=\"https:\/\/agora.xtec.cat\/escolapauvila\/wp-content\/uploads\/usu1565\/2021\/01\/ba516b5b-d083-4286-8f2e-1496f9028d7e-768x1024.jpg\" class=\"attachment-large size-large\" alt=\"\" aria-describedby=\"gallery-1-3609\" srcset=\"https:\/\/agora.xtec.cat\/escolapauvila\/wp-content\/uploads\/usu1565\/2021\/01\/ba516b5b-d083-4286-8f2e-1496f9028d7e-768x1024.jpg 768w, https:\/\/agora.xtec.cat\/escolapauvila\/wp-content\/uploads\/usu1565\/2021\/01\/ba516b5b-d083-4286-8f2e-1496f9028d7e-225x300.jpg 225w, https:\/\/agora.xtec.cat\/escolapauvila\/wp-content\/uploads\/usu1565\/2021\/01\/ba516b5b-d083-4286-8f2e-1496f9028d7e.jpg 1536w\" sizes=\"auto, (max-width: 768px) 100vw, 768px\" \/><\/a>\n\t\t\t<\/dt>\n\t\t\t\t<dd class='wp-caption-text gallery-caption' id='gallery-1-3609'>\n\t\t\t\tNora &#8211; Portugal\n\t\t\t\t<\/dd><\/dl><br style=\"clear: both\" \/>\n\t\t<\/div>\n\n\n\t\t<style type=\"text\/css\">\n\t\t\t#gallery-2 {\n\t\t\t\tmargin: auto;\n\t\t\t}\n\t\t\t#gallery-2 .gallery-item {\n\t\t\t\tfloat: left;\n\t\t\t\tmargin-top: 10px;\n\t\t\t\ttext-align: center;\n\t\t\t\twidth: 25%;\n\t\t\t}\n\t\t\t#gallery-2 img {\n\t\t\t\tborder: 2px solid #cfcfcf;\n\t\t\t}\n\t\t\t#gallery-2 .gallery-caption {\n\t\t\t\tmargin-left: 0;\n\t\t\t}\n\t\t\t\/* see gallery_shortcode() in wp-includes\/media.php *\/\n\t\t<\/style>\n\t\t<div id='gallery-2' class='gallery galleryid-3563 gallery-columns-4 gallery-size-large'><dl class='gallery-item'>\n\t\t\t<dt class='gallery-icon landscape'>\n\t\t\t\t<a href='https:\/\/agora.xtec.cat\/escolapauvila\/mitjans\/comenzamos-el-viaje-por-el-mundo\/attachment\/img_1819\/'><img loading=\"lazy\" decoding=\"async\" width=\"1024\" height=\"768\" src=\"https:\/\/agora.xtec.cat\/escolapauvila\/wp-content\/uploads\/usu1565\/2021\/01\/IMG_1819-1024x768.jpg\" class=\"attachment-large size-large\" alt=\"\" aria-describedby=\"gallery-2-3610\" srcset=\"https:\/\/agora.xtec.cat\/escolapauvila\/wp-content\/uploads\/usu1565\/2021\/01\/IMG_1819-1024x768.jpg 1024w, https:\/\/agora.xtec.cat\/escolapauvila\/wp-content\/uploads\/usu1565\/2021\/01\/IMG_1819-300x225.jpg 300w, https:\/\/agora.xtec.cat\/escolapauvila\/wp-content\/uploads\/usu1565\/2021\/01\/IMG_1819-768x576.jpg 768w, https:\/\/agora.xtec.cat\/escolapauvila\/wp-content\/uploads\/usu1565\/2021\/01\/IMG_1819-200x150.jpg 200w\" sizes=\"auto, (max-width: 1024px) 100vw, 1024px\" \/><\/a>\n\t\t\t<\/dt>\n\t\t\t\t<dd class='wp-caption-text gallery-caption' id='gallery-2-3610'>\n\t\t\t\tYunai &#8211; Gran Breta\u00f1a\n\t\t\t\t<\/dd><\/dl><dl class='gallery-item'>\n\t\t\t<dt class='gallery-icon landscape'>\n\t\t\t\t<a href='https:\/\/agora.xtec.cat\/escolapauvila\/mitjans\/comenzamos-el-viaje-por-el-mundo\/attachment\/img_1814-2\/'><img loading=\"lazy\" decoding=\"async\" width=\"1024\" height=\"768\" src=\"https:\/\/agora.xtec.cat\/escolapauvila\/wp-content\/uploads\/usu1565\/2021\/01\/IMG_1814-2-1024x768.jpg\" class=\"attachment-large size-large\" alt=\"\" aria-describedby=\"gallery-2-3616\" srcset=\"https:\/\/agora.xtec.cat\/escolapauvila\/wp-content\/uploads\/usu1565\/2021\/01\/IMG_1814-2-1024x768.jpg 1024w, https:\/\/agora.xtec.cat\/escolapauvila\/wp-content\/uploads\/usu1565\/2021\/01\/IMG_1814-2-300x225.jpg 300w, https:\/\/agora.xtec.cat\/escolapauvila\/wp-content\/uploads\/usu1565\/2021\/01\/IMG_1814-2-768x576.jpg 768w, https:\/\/agora.xtec.cat\/escolapauvila\/wp-content\/uploads\/usu1565\/2021\/01\/IMG_1814-2-200x150.jpg 200w\" sizes=\"auto, (max-width: 1024px) 100vw, 1024px\" \/><\/a>\n\t\t\t<\/dt>\n\t\t\t\t<dd class='wp-caption-text gallery-caption' id='gallery-2-3616'>\n\t\t\t\t\u00c0lex M &#8211; Italia\n\t\t\t\t<\/dd><\/dl><dl class='gallery-item'>\n\t\t\t<dt class='gallery-icon landscape'>\n\t\t\t\t<a href='https:\/\/agora.xtec.cat\/escolapauvila\/mitjans\/comenzamos-el-viaje-por-el-mundo\/attachment\/img_1813\/'><img loading=\"lazy\" decoding=\"async\" width=\"1024\" height=\"768\" src=\"https:\/\/agora.xtec.cat\/escolapauvila\/wp-content\/uploads\/usu1565\/2021\/01\/IMG_1813-1024x768.jpg\" class=\"attachment-large size-large\" alt=\"\" aria-describedby=\"gallery-2-3611\" srcset=\"https:\/\/agora.xtec.cat\/escolapauvila\/wp-content\/uploads\/usu1565\/2021\/01\/IMG_1813-1024x768.jpg 1024w, https:\/\/agora.xtec.cat\/escolapauvila\/wp-content\/uploads\/usu1565\/2021\/01\/IMG_1813-300x225.jpg 300w, https:\/\/agora.xtec.cat\/escolapauvila\/wp-content\/uploads\/usu1565\/2021\/01\/IMG_1813-768x576.jpg 768w, https:\/\/agora.xtec.cat\/escolapauvila\/wp-content\/uploads\/usu1565\/2021\/01\/IMG_1813-200x150.jpg 200w\" sizes=\"auto, (max-width: 1024px) 100vw, 1024px\" \/><\/a>\n\t\t\t<\/dt>\n\t\t\t\t<dd class='wp-caption-text gallery-caption' id='gallery-2-3611'>\n\t\t\t\t\u00c0lex M. &#8211; Italia\n\t\t\t\t<\/dd><\/dl><dl class='gallery-item'>\n\t\t\t<dt class='gallery-icon landscape'>\n\t\t\t\t<a href='https:\/\/agora.xtec.cat\/escolapauvila\/mitjans\/comenzamos-el-viaje-por-el-mundo\/attachment\/95b7730a-16ce-4415-a73f-7afdead6927d\/'><img loading=\"lazy\" decoding=\"async\" width=\"1024\" height=\"768\" src=\"https:\/\/agora.xtec.cat\/escolapauvila\/wp-content\/uploads\/usu1565\/2021\/01\/95b7730a-16ce-4415-a73f-7afdead6927d-1024x768.jpg\" class=\"attachment-large size-large\" alt=\"\" aria-describedby=\"gallery-2-3613\" srcset=\"https:\/\/agora.xtec.cat\/escolapauvila\/wp-content\/uploads\/usu1565\/2021\/01\/95b7730a-16ce-4415-a73f-7afdead6927d-1024x768.jpg 1024w, https:\/\/agora.xtec.cat\/escolapauvila\/wp-content\/uploads\/usu1565\/2021\/01\/95b7730a-16ce-4415-a73f-7afdead6927d-300x225.jpg 300w, https:\/\/agora.xtec.cat\/escolapauvila\/wp-content\/uploads\/usu1565\/2021\/01\/95b7730a-16ce-4415-a73f-7afdead6927d-768x576.jpg 768w, https:\/\/agora.xtec.cat\/escolapauvila\/wp-content\/uploads\/usu1565\/2021\/01\/95b7730a-16ce-4415-a73f-7afdead6927d-200x150.jpg 200w, https:\/\/agora.xtec.cat\/escolapauvila\/wp-content\/uploads\/usu1565\/2021\/01\/95b7730a-16ce-4415-a73f-7afdead6927d.jpg 2048w\" sizes=\"auto, (max-width: 1024px) 100vw, 1024px\" \/><\/a>\n\t\t\t<\/dt>\n\t\t\t\t<dd class='wp-caption-text gallery-caption' id='gallery-2-3613'>\n\t\t\t\tP\u00fablico\n\t\t\t\t<\/dd><\/dl><br style=\"clear: both\" \/>\n\t\t<\/div>\n\n<p>Durante el segundo trimestre, realizaremos las exposiciones de los diferentes pa\u00edses que han escogido. Aprenderemos sobre:<\/p>\n<ul>\n<li aria-level=\"1\"><span style=\"font-weight: 400;\">Caracter\u00edsticas b\u00e1sicas del pa\u00eds: s<\/span>uperf\u00edcie, capital, Ciudades importantes, i<span style=\"font-weight: 400;\">dioma, m<\/span>onedas y billetes, bandera, n\u00famero de habitantes, temperatura \/ clima, paisaje (desierto, playa, selva, urbano&#8230;)<\/li>\n<li aria-level=\"1\"><span style=\"font-weight: 400;\">Elementos naturales de inter\u00e9s: volcanes, cascadas, r\u00edos, lagos, monta\u00f1as importantes\u2026<\/span><\/li>\n<li aria-level=\"1\"><span style=\"font-weight: 400;\">Animales y plantas.<\/span><\/li>\n<li aria-level=\"1\"><span style=\"font-weight: 400;\">Comida t\u00edpica.\u00a0<\/span><\/li>\n<li aria-level=\"1\"><span style=\"font-weight: 400;\">Caracter\u00edsticas de las personas: color de pelo y de piel, forma de los ojos, estatura, peinados t\u00edpicos, c\u00f3mo visten, qu\u00e9 calzado llevan\u2026<\/span><\/li>\n<li aria-level=\"1\"><span style=\"font-weight: 400;\">Personas importantes: cantantes, escritores, actores, deportistas, pintores\u2026\u00a0<\/span><\/li>\n<li aria-level=\"1\"><span style=\"font-weight: 400;\">Las escuelas.<\/span><\/li>\n<li aria-level=\"1\"><span style=\"font-weight: 400;\">D\u00edas festivos y especiales.<\/span><\/li>\n<li aria-level=\"1\"><span style=\"font-weight: 400;\">Arquitectura: c\u00f3mo son las casas, como son los edificios, altura de los pisos\u2026<\/span><\/li>\n<li aria-level=\"1\"><span style=\"font-weight: 400;\">Monumentos y edificios importantes.<\/span><\/li>\n<li aria-level=\"1\"><span style=\"font-weight: 400;\">Instrumentos musicales y m\u00fasica.<\/span><\/li>\n<li aria-level=\"1\"><span style=\"font-weight: 400;\">Juegos y juguetes.<\/span><\/li>\n<li aria-level=\"1\"><span style=\"font-weight: 400;\">Deportes que se practican.<\/span><\/li>\n<li aria-level=\"1\"><span style=\"font-weight: 400;\">Series y pel\u00edculas.<\/span><\/li>\n<li aria-level=\"1\"><span style=\"font-weight: 400;\">Libros y cuentos.<\/span><\/li>\n<li aria-level=\"1\"><span style=\"font-weight: 400;\">Abecedario y numeraci\u00f3n.<\/span><\/li>\n<li aria-level=\"1\"><span style=\"font-weight: 400;\">Tipos de trabajo y oficios.<\/span><\/li>\n<\/ul>\n<p>Adem\u00e1s, de cada exposici\u00f3n realizamos una autoavaluaci\u00f3n y coavaluaci\u00f3n para poder mejorar en pr\u00f3ximas exposiciones orales. Y una propuesta para consolidar los aprendizajes de la exposici\u00f3n y otros contenidos a trabajar de forma integrada.<\/p>\n<p>Es un proyecto que nos enriquece mucho como personas y como grupo, aprendemos cosas que nos explicamos entre nosotros y nosotras, y fomentamos el coaprendizaje. Ademas, el hecho de introducir las propuestas integradas hace que nuestro conocimiento se potencie.<\/p>\n<p>Poco a poco os iremos explicando m\u00e1s cosas que estamos aprendiendo sobre los diferentes pa\u00edses.<\/p>\n<p>&nbsp;<\/p>\n<p>Agradecemos a las familias su implicaci\u00f3n y colaboraci\u00f3n para poder llevar a cabo este proyecto.<\/p>\n","protected":false},"excerpt":{"rendered":"<p>Durante esta semana han empezado las exposiciones de Castellano del proyecto &#8220;Un viaje por el mundo&#8221;. En este proyecto los alumnos y las alumnas explicaran un pa\u00eds a los compa\u00f1eros\/as de la clase, que han preparado con sus familias en casa.<br \/>\nPara introducir este proyecto, durante&hellip;  <a href=\"https:\/\/agora.xtec.cat\/escolapauvila\/mitjans\/comenzamos-el-viaje-por-el-mundo\/\" title=\"Read Comenzamos el viaje por el mundo\">Llegeix m\u00e9s\u00bb<\/a><\/p>\n","protected":false},"author":1,"featured_media":3612,"comment_status":"open","ping_status":"closed","sticky":false,"template":"","format":"standard","meta":{"_bbp_topic_count":0,"_bbp_reply_count":0,"_bbp_total_topic_count":0,"_bbp_total_reply_count":0,"_bbp_voice_count":0,"_bbp_anonymous_reply_count":0,"_bbp_topic_count_hidden":0,"_bbp_reply_count_hidden":0,"_bbp_forum_subforum_count":0,"footnotes":""},"categories":[11,5],"tags":[86,80,82,81],"class_list":["post-3563","post","type-post","status-publish","format-standard","has-post-thumbnail","hentry","category-2n","category-mitjans","tag-2a20-21","tag-2b20-21","tag-2c20-21","tag-nascuts2013"],"post_mailing_queue_ids":[],"_links":{"self":[{"href":"https:\/\/agora.xtec.cat\/escolapauvila\/wp-json\/wp\/v2\/posts\/3563","targetHints":{"allow":["GET"]}}],"collection":[{"href":"https:\/\/agora.xtec.cat\/escolapauvila\/wp-json\/wp\/v2\/posts"}],"about":[{"href":"https:\/\/agora.xtec.cat\/escolapauvila\/wp-json\/wp\/v2\/types\/post"}],"author":[{"embeddable":true,"href":"https:\/\/agora.xtec.cat\/escolapauvila\/wp-json\/wp\/v2\/users\/1"}],"replies":[{"embeddable":true,"href":"https:\/\/agora.xtec.cat\/escolapauvila\/wp-json\/wp\/v2\/comments?post=3563"}],"version-history":[{"count":3,"href":"https:\/\/agora.xtec.cat\/escolapauvila\/wp-json\/wp\/v2\/posts\/3563\/revisions"}],"predecessor-version":[{"id":3618,"href":"https:\/\/agora.xtec.cat\/escolapauvila\/wp-json\/wp\/v2\/posts\/3563\/revisions\/3618"}],"wp:featuredmedia":[{"embeddable":true,"href":"https:\/\/agora.xtec.cat\/escolapauvila\/wp-json\/wp\/v2\/media\/3612"}],"wp:attachment":[{"href":"https:\/\/agora.xtec.cat\/escolapauvila\/wp-json\/wp\/v2\/media?parent=3563"}],"wp:term":[{"taxonomy":"category","embeddable":true,"href":"https:\/\/agora.xtec.cat\/escolapauvila\/wp-json\/wp\/v2\/categories?post=3563"},{"taxonomy":"post_tag","embeddable":true,"href":"https:\/\/agora.xtec.cat\/escolapauvila\/wp-json\/wp\/v2\/tags?post=3563"}],"curies":[{"name":"wp","href":"https:\/\/api.w.org\/{rel}","templated":true}]}}