{"id":3451,"date":"2021-01-23T16:53:19","date_gmt":"2021-01-23T15:53:19","guid":{"rendered":"https:\/\/agora.xtec.cat\/escolapauvila\/?p=3451"},"modified":"2021-01-25T10:38:41","modified_gmt":"2021-01-25T09:38:41","slug":"llegir-ens-fa-mes-lliures","status":"publish","type":"post","link":"https:\/\/agora.xtec.cat\/escolapauvila\/mitjans\/llegir-ens-fa-mes-lliures\/","title":{"rendered":"LLEGIR ENS FA M\u00c9S LLIURES!"},"content":{"rendered":"<p><img loading=\"lazy\" decoding=\"async\" class=\"aligncenter\" src=\"https:\/\/i.pinimg.com\/originals\/d4\/34\/b0\/d434b0cc92269b13774a93b279836f7b.jpg\" alt=\"Cartell per a la biblioteca: Llegir ens fa + lliures | Frases de lectura, Carteles de lectura, Rincones de lectura infantil\" width=\"344\" height=\"250\" \/><\/p>\n<p>Imagino que la majoria de vosaltres estareu d&#8217;acord amb qu\u00e8 &#8220;<strong>LLEGIR ENS FA M\u00c9S LLIURES<\/strong>&#8220;.<\/p>\n<p>Ja fa temps, que a la classe parlem de qu\u00e8 vol dir aquesta frase, i de com n&#8217;\u00e9s d&#8217;important llegir!<\/p>\n<p>Per aquest motiu m&#8217;agradaria dedicar aquesta entrada a fer un recull de <strong>diferents moments de lectura<\/strong> tan importants en el nostre dia a dia!<\/p>\n\n\t\t<style type=\"text\/css\">\n\t\t\t#gallery-1 {\n\t\t\t\tmargin: auto;\n\t\t\t}\n\t\t\t#gallery-1 .gallery-item {\n\t\t\t\tfloat: left;\n\t\t\t\tmargin-top: 10px;\n\t\t\t\ttext-align: center;\n\t\t\t\twidth: 50%;\n\t\t\t}\n\t\t\t#gallery-1 img {\n\t\t\t\tborder: 2px solid #cfcfcf;\n\t\t\t}\n\t\t\t#gallery-1 .gallery-caption {\n\t\t\t\tmargin-left: 0;\n\t\t\t}\n\t\t\t\/* see gallery_shortcode() in wp-includes\/media.php *\/\n\t\t<\/style>\n\t\t<div id='gallery-1' class='gallery galleryid-3451 gallery-columns-2 gallery-size-medium'><dl class='gallery-item'>\n\t\t\t<dt class='gallery-icon portrait'>\n\t\t\t\t<a href='https:\/\/agora.xtec.cat\/escolapauvila\/mitjans\/llegir-ens-fa-mes-lliures\/attachment\/bdr-4\/'><img loading=\"lazy\" decoding=\"async\" width=\"225\" height=\"300\" src=\"https:\/\/agora.xtec.cat\/escolapauvila\/wp-content\/uploads\/usu1565\/2021\/01\/IMG_20201020_154722-225x300.jpg\" class=\"attachment-medium size-medium\" alt=\"\" aria-describedby=\"gallery-1-3452\" srcset=\"https:\/\/agora.xtec.cat\/escolapauvila\/wp-content\/uploads\/usu1565\/2021\/01\/IMG_20201020_154722-225x300.jpg 225w, https:\/\/agora.xtec.cat\/escolapauvila\/wp-content\/uploads\/usu1565\/2021\/01\/IMG_20201020_154722-768x1024.jpg 768w\" sizes=\"auto, (max-width: 225px) 100vw, 225px\" \/><\/a>\n\t\t\t<\/dt>\n\t\t\t\t<dd class='wp-caption-text gallery-caption' id='gallery-1-3452'>\n\t\t\t\tINTERESSOS\n\t\t\t\t<\/dd><\/dl><dl class='gallery-item'>\n\t\t\t<dt class='gallery-icon portrait'>\n\t\t\t\t<a href='https:\/\/agora.xtec.cat\/escolapauvila\/mitjans\/llegir-ens-fa-mes-lliures\/attachment\/bty-59\/'><img loading=\"lazy\" decoding=\"async\" width=\"225\" height=\"300\" src=\"https:\/\/agora.xtec.cat\/escolapauvila\/wp-content\/uploads\/usu1565\/2021\/01\/IMG_20201015_113533-225x300.jpg\" class=\"attachment-medium size-medium\" alt=\"\" aria-describedby=\"gallery-1-3453\" srcset=\"https:\/\/agora.xtec.cat\/escolapauvila\/wp-content\/uploads\/usu1565\/2021\/01\/IMG_20201015_113533-225x300.jpg 225w, https:\/\/agora.xtec.cat\/escolapauvila\/wp-content\/uploads\/usu1565\/2021\/01\/IMG_20201015_113533-768x1024.jpg 768w\" sizes=\"auto, (max-width: 225px) 100vw, 225px\" \/><\/a>\n\t\t\t<\/dt>\n\t\t\t\t<dd class='wp-caption-text gallery-caption' id='gallery-1-3453'>\n\t\t\t\tNOM DE LA CLASSE\n\t\t\t\t<\/dd><\/dl><br style=\"clear: both\" \/><dl class='gallery-item'>\n\t\t\t<dt class='gallery-icon portrait'>\n\t\t\t\t<a href='https:\/\/agora.xtec.cat\/escolapauvila\/mitjans\/llegir-ens-fa-mes-lliures\/attachment\/bty-60\/'><img loading=\"lazy\" decoding=\"async\" width=\"225\" height=\"300\" src=\"https:\/\/agora.xtec.cat\/escolapauvila\/wp-content\/uploads\/usu1565\/2021\/01\/IMG_20201007_113044-225x300.jpg\" class=\"attachment-medium size-medium\" alt=\"\" aria-describedby=\"gallery-1-3454\" srcset=\"https:\/\/agora.xtec.cat\/escolapauvila\/wp-content\/uploads\/usu1565\/2021\/01\/IMG_20201007_113044-225x300.jpg 225w, https:\/\/agora.xtec.cat\/escolapauvila\/wp-content\/uploads\/usu1565\/2021\/01\/IMG_20201007_113044-768x1024.jpg 768w\" sizes=\"auto, (max-width: 225px) 100vw, 225px\" \/><\/a>\n\t\t\t<\/dt>\n\t\t\t\t<dd class='wp-caption-text gallery-caption' id='gallery-1-3454'>\n\t\t\t\tESCRIPTORA\n\t\t\t\t<\/dd><\/dl><dl class='gallery-item'>\n\t\t\t<dt class='gallery-icon portrait'>\n\t\t\t\t<a href='https:\/\/agora.xtec.cat\/escolapauvila\/mitjans\/llegir-ens-fa-mes-lliures\/attachment\/bty-61\/'><img loading=\"lazy\" decoding=\"async\" width=\"225\" height=\"300\" src=\"https:\/\/agora.xtec.cat\/escolapauvila\/wp-content\/uploads\/usu1565\/2021\/01\/IMG_20201020_092343-225x300.jpg\" class=\"attachment-medium size-medium\" alt=\"\" aria-describedby=\"gallery-1-3455\" srcset=\"https:\/\/agora.xtec.cat\/escolapauvila\/wp-content\/uploads\/usu1565\/2021\/01\/IMG_20201020_092343-225x300.jpg 225w, https:\/\/agora.xtec.cat\/escolapauvila\/wp-content\/uploads\/usu1565\/2021\/01\/IMG_20201020_092343-768x1024.jpg 768w\" sizes=\"auto, (max-width: 225px) 100vw, 225px\" \/><\/a>\n\t\t\t<\/dt>\n\t\t\t\t<dd class='wp-caption-text gallery-caption' id='gallery-1-3455'>\n\t\t\t\tPER COMUNICAR-NOS\n\t\t\t\t<\/dd><\/dl><br style=\"clear: both\" \/><dl class='gallery-item'>\n\t\t\t<dt class='gallery-icon landscape'>\n\t\t\t\t<a href='https:\/\/agora.xtec.cat\/escolapauvila\/mitjans\/llegir-ens-fa-mes-lliures\/attachment\/bty-62\/'><img loading=\"lazy\" decoding=\"async\" width=\"300\" height=\"225\" src=\"https:\/\/agora.xtec.cat\/escolapauvila\/wp-content\/uploads\/usu1565\/2021\/01\/IMG_20210121_105942-300x225.jpg\" class=\"attachment-medium size-medium\" alt=\"\" aria-describedby=\"gallery-1-3456\" srcset=\"https:\/\/agora.xtec.cat\/escolapauvila\/wp-content\/uploads\/usu1565\/2021\/01\/IMG_20210121_105942-300x225.jpg 300w, https:\/\/agora.xtec.cat\/escolapauvila\/wp-content\/uploads\/usu1565\/2021\/01\/IMG_20210121_105942-768x576.jpg 768w, https:\/\/agora.xtec.cat\/escolapauvila\/wp-content\/uploads\/usu1565\/2021\/01\/IMG_20210121_105942-1024x768.jpg 1024w, https:\/\/agora.xtec.cat\/escolapauvila\/wp-content\/uploads\/usu1565\/2021\/01\/IMG_20210121_105942-200x150.jpg 200w\" sizes=\"auto, (max-width: 300px) 100vw, 300px\" \/><\/a>\n\t\t\t<\/dt>\n\t\t\t\t<dd class='wp-caption-text gallery-caption' id='gallery-1-3456'>\n\t\t\t\tTENIR CURA DELS LLIBRES\n\t\t\t\t<\/dd><\/dl><dl class='gallery-item'>\n\t\t\t<dt class='gallery-icon portrait'>\n\t\t\t\t<a href='https:\/\/agora.xtec.cat\/escolapauvila\/mitjans\/llegir-ens-fa-mes-lliures\/attachment\/bty-64\/'><img loading=\"lazy\" decoding=\"async\" width=\"225\" height=\"300\" src=\"https:\/\/agora.xtec.cat\/escolapauvila\/wp-content\/uploads\/usu1565\/2021\/01\/IMG_20201218_110236-225x300.jpg\" class=\"attachment-medium size-medium\" alt=\"\" aria-describedby=\"gallery-1-3458\" srcset=\"https:\/\/agora.xtec.cat\/escolapauvila\/wp-content\/uploads\/usu1565\/2021\/01\/IMG_20201218_110236-225x300.jpg 225w, https:\/\/agora.xtec.cat\/escolapauvila\/wp-content\/uploads\/usu1565\/2021\/01\/IMG_20201218_110236-768x1024.jpg 768w\" sizes=\"auto, (max-width: 225px) 100vw, 225px\" \/><\/a>\n\t\t\t<\/dt>\n\t\t\t\t<dd class='wp-caption-text gallery-caption' id='gallery-1-3458'>\n\t\t\t\tAPRENDRE\n\t\t\t\t<\/dd><\/dl><br style=\"clear: both\" \/>\n\t\t<\/div>\n\n<p>Aqu\u00ed teniu <a href=\"https:\/\/photos.app.goo.gl\/aVuaBVnXqAeVKXzx8\">un recull d&#8217;algunes fotografies<\/a>.<\/p>\n<ul>\n<li><strong>Interessos:<\/strong> per tal de potenciar la lectura, \u00e9s b\u00e0sic partir dels interessos i motivacions dels propis nens i nenes. Des de l&#8217;escola respectem i acollim aquests interessos per tal de dotar de llibres la nostra biblioteca d&#8217;aula i donem peu a que els i les alumnes portin llibres de casa per ensenyar a la resta del grup.<\/li>\n<li><strong>Nom de la classe:<\/strong> per poder tirar endavant el nostre projecte d&#8217;aula relacionat amb el nom de la classe, entre tots i totes anem portant llibres de casa o de la biblioteca per aprendre i poder contestar totes aquelles preguntes que vam fer-nos un cop vam decidir que \u00e9rem la classe DE LA HIST\u00d2RIA.<\/li>\n<li><strong>Escriptora<\/strong>: tenim una companya amb una gran afici\u00f3 per escriure i editar llibres. Ens encanta llegir els seus contes! I aix\u00f2 ha motivat a que altres alumnes tamb\u00e9 escriguin les seves pr\u00f2pies hist\u00f2ries!<\/li>\n<li><strong>Comunicaci\u00f3:<\/strong> escriure ens ajuda a comunicar-nos i de retruc, llegim notes de l&#8217;agenda escrites pels propis alumnes que ens ajuden a seguir aprenent.<\/li>\n<li><strong>Cura dels llibres:<\/strong> \u00e9s imprescindible tenir cura dels llibres i, sempre que veiem alguna p\u00e0gina malmesa, intentem reparar-la.<\/li>\n<\/ul>\n<p>D&#8217;altra banda, aprofito per adjuntar-vos les fotografies del dia que vam anar a fer la visita a la <strong>Biblioteca l&#8217;Ateneu d&#8217;Esparreguera<\/strong>. Si cliqueu sobre la imatge, podreu anar a l&#8217;\u00e0lbum.<\/p>\n<p><a href=\"https:\/\/photos.app.goo.gl\/kGETyngVnJfBjyfs6\" target=\"_blank\" rel=\"noopener noreferrer\"><img loading=\"lazy\" decoding=\"async\" class=\"alignnone size-large wp-image-3479\" src=\"https:\/\/agora.xtec.cat\/escolapauvila\/wp-content\/uploads\/usu1565\/2021\/01\/IMG_20201211_105239_2-1024x768.jpg\" alt=\"\" width=\"1024\" height=\"768\" srcset=\"https:\/\/agora.xtec.cat\/escolapauvila\/wp-content\/uploads\/usu1565\/2021\/01\/IMG_20201211_105239_2-1024x768.jpg 1024w, https:\/\/agora.xtec.cat\/escolapauvila\/wp-content\/uploads\/usu1565\/2021\/01\/IMG_20201211_105239_2-300x225.jpg 300w, https:\/\/agora.xtec.cat\/escolapauvila\/wp-content\/uploads\/usu1565\/2021\/01\/IMG_20201211_105239_2-768x576.jpg 768w, https:\/\/agora.xtec.cat\/escolapauvila\/wp-content\/uploads\/usu1565\/2021\/01\/IMG_20201211_105239_2-200x150.jpg 200w\" sizes=\"auto, (max-width: 1024px) 100vw, 1024px\" \/><\/a><\/p>\n<p>I, per \u00faltim, voldria recomanar a TOTES LES FAM\u00cdLIES una lectura molt r\u00e0pida i molt interessant de la\u00a0<strong>Nati Berga<\/strong><strong>d\u00e0<\/strong>, on fa un recull dels beneficis dels moments de LECTURA COMPARTIDA AMB ELS FILLS\/ES en la seg\u00fcent <strong>infografia<\/strong>:\u00a0<a href=\"https:\/\/agora.xtec.cat\/escolapauvila\/wp-content\/uploads\/usu1565\/2020\/11\/25-beneficis-dexplicar-contes-als-infants.pdf\">25 beneficis d\u2019explicar contes als infants.<\/a><\/p>\n<p><img loading=\"lazy\" decoding=\"async\" class=\"aligncenter\" src=\"https:\/\/natibergada.cat\/wp-content\/uploads\/2016\/04\/frase-borges.jpg\" alt=\"34 Frases c\u00e8lebres i il\u00b7lustracions sobre la lectura I natibergada.cat\" width=\"446\" height=\"349\" \/><\/p>\n","protected":false},"excerpt":{"rendered":"<p>Imagino que la majoria de vosaltres estareu d&#8217;acord amb qu\u00e8 &#8220;LLEGIR ENS FA M\u00c9S LLIURES&#8220;.<br \/>\nJa fa temps, que a la classe parlem de qu\u00e8 vol dir aquesta frase, i de com n&#8217;\u00e9s d&#8217;important llegir!<br \/>\nPer aquest motiu m&#8217;agradaria dedicar aquesta entrada a fer un recull de&hellip;  <a href=\"https:\/\/agora.xtec.cat\/escolapauvila\/mitjans\/llegir-ens-fa-mes-lliures\/\" title=\"Read LLEGIR ENS FA M\u00c9S LLIURES!\">Llegeix m\u00e9s\u00bb<\/a><\/p>\n","protected":false},"author":1,"featured_media":3453,"comment_status":"open","ping_status":"closed","sticky":false,"template":"","format":"standard","meta":{"_bbp_topic_count":0,"_bbp_reply_count":0,"_bbp_total_topic_count":0,"_bbp_total_reply_count":0,"_bbp_voice_count":0,"_bbp_anonymous_reply_count":0,"_bbp_topic_count_hidden":0,"_bbp_reply_count_hidden":0,"_bbp_forum_subforum_count":0,"footnotes":""},"categories":[11,5],"tags":[86,81],"class_list":["post-3451","post","type-post","status-publish","format-standard","has-post-thumbnail","hentry","category-2n","category-mitjans","tag-2a20-21","tag-nascuts2013"],"post_mailing_queue_ids":[],"_links":{"self":[{"href":"https:\/\/agora.xtec.cat\/escolapauvila\/wp-json\/wp\/v2\/posts\/3451","targetHints":{"allow":["GET"]}}],"collection":[{"href":"https:\/\/agora.xtec.cat\/escolapauvila\/wp-json\/wp\/v2\/posts"}],"about":[{"href":"https:\/\/agora.xtec.cat\/escolapauvila\/wp-json\/wp\/v2\/types\/post"}],"author":[{"embeddable":true,"href":"https:\/\/agora.xtec.cat\/escolapauvila\/wp-json\/wp\/v2\/users\/1"}],"replies":[{"embeddable":true,"href":"https:\/\/agora.xtec.cat\/escolapauvila\/wp-json\/wp\/v2\/comments?post=3451"}],"version-history":[{"count":3,"href":"https:\/\/agora.xtec.cat\/escolapauvila\/wp-json\/wp\/v2\/posts\/3451\/revisions"}],"predecessor-version":[{"id":3481,"href":"https:\/\/agora.xtec.cat\/escolapauvila\/wp-json\/wp\/v2\/posts\/3451\/revisions\/3481"}],"wp:featuredmedia":[{"embeddable":true,"href":"https:\/\/agora.xtec.cat\/escolapauvila\/wp-json\/wp\/v2\/media\/3453"}],"wp:attachment":[{"href":"https:\/\/agora.xtec.cat\/escolapauvila\/wp-json\/wp\/v2\/media?parent=3451"}],"wp:term":[{"taxonomy":"category","embeddable":true,"href":"https:\/\/agora.xtec.cat\/escolapauvila\/wp-json\/wp\/v2\/categories?post=3451"},{"taxonomy":"post_tag","embeddable":true,"href":"https:\/\/agora.xtec.cat\/escolapauvila\/wp-json\/wp\/v2\/tags?post=3451"}],"curies":[{"name":"wp","href":"https:\/\/api.w.org\/{rel}","templated":true}]}}