{"id":3404,"date":"2021-01-22T08:42:05","date_gmt":"2021-01-22T07:42:05","guid":{"rendered":"https:\/\/agora.xtec.cat\/escolapauvila\/?p=3404"},"modified":"2021-02-03T19:11:20","modified_gmt":"2021-02-03T18:11:20","slug":"lhivern-de-vivaldi","status":"publish","type":"post","link":"https:\/\/agora.xtec.cat\/escolapauvila\/general\/lhivern-de-vivaldi\/","title":{"rendered":"L&#8217;HIVERN DE VIVALDI"},"content":{"rendered":"<p>AQUESTES PRIMERES SESSIONS DE <strong>M\u00daSICA<\/strong>\u00a0DEL SEGON TRIMESTRE LES HEM DEDICAT A ESCOLTAR L&#8217;AUDICI\u00d3 D&#8217;UN M\u00daSIC CONEGUT PER A NOSALTRES EN EL PRIMER TRIMESTRE: EN <strong>VIVALDI.<\/strong><\/p>\n<p>ENS ENRECORD\u00c0VEM QUE HAV\u00cdEM ESCOLTAT UNA AUDICI\u00d3 SEVA DE LA TARDOR I QUE L&#8217;HAV\u00cdEM PINTAT.<\/p>\n<p>ARA HEM ESCOLTAT UNA ALTRA. AQUEST COP L&#8217;AUDICI\u00d3 T\u00c9 A VEURE AMB L&#8217;ESTACI\u00d3 QUE ESTEM CONEIXENT. L&#8217;HIVERN.<strong> SI CLIQUEU A SOBRE DE LA IMATGE PODREU ESCOLTAR L&#8217;AUDICI\u00d3.<\/strong><\/p>\n<p><a href=\"https:\/\/youtu.be\/FdsufcJLMTo\"><img loading=\"lazy\" decoding=\"async\" class=\"wp-image-3406 aligncenter\" src=\"https:\/\/agora.xtec.cat\/escolapauvila\/wp-content\/uploads\/usu1565\/2021\/01\/Captura-de-Pantalla-2021-01-21-a-les-17.58.43.png\" alt=\"\" width=\"420\" height=\"280\" srcset=\"https:\/\/agora.xtec.cat\/escolapauvila\/wp-content\/uploads\/usu1565\/2021\/01\/Captura-de-Pantalla-2021-01-21-a-les-17.58.43.png 637w, https:\/\/agora.xtec.cat\/escolapauvila\/wp-content\/uploads\/usu1565\/2021\/01\/Captura-de-Pantalla-2021-01-21-a-les-17.58.43-300x200.png 300w\" sizes=\"auto, (max-width: 420px) 100vw, 420px\" \/><\/a><\/p>\n<p>A LA PRIMERA DE LES SESSIONS ENS HEM CONCENTRAT MOLT PER <strong>ESCOLTAR-LA<\/strong>. HEM TANCAT ELS ULLS I ENS HEM DEIXAT EMPORTAR PELS SEUS INSTRUMENTS.<\/p>\n<p>DESPR\u00c9S, AMB EL <strong>NOSTRE COS<\/strong> I ELS <strong>INSTRUMENTS<\/strong> DE L&#8217;ESCOLA, HEM SEGUIT LA <strong>PULSACI\u00d3<\/strong> I HEM POGUT FER LES NOSTRES COMPOSICIONS.<\/p>\n<p>LA SEGONA SESSI\u00d3 HA ESTAT M\u00c9S MOGUDA. L&#8217;HEM DEDICAT A VIVENCIAR I GAUDIR DE L&#8217;<strong>EXPRESSI\u00d3 DEL PROPI COS<\/strong> I DE LA <strong>LLIBERTAT DE MOVIMENT.<\/strong> AMB LA <strong>M\u00daSICA DE VIVALDI<\/strong> DE FONS I UNS <strong>ROTLLOS DE PAPER DE W\u00c0TER<\/strong> ENS HEM ESTIRAT PEL TERRA, HEM SALTAT, ENS HEM AMAGAT SOTA EL PAPER, HEM EMBOLICAT, DESEMBOLICAT&#8230; HEM DEIXAT ANAR LA NOSTRA IMAGINACI\u00d3 SIMULANT QU\u00c8 NEVAVA, FENT NINOTS DE NEU, CREANT M\u00d2MIES,&#8230;<\/p>\n<p>EL GIMN\u00c0S HA QUEDAT BEN BLANC!<\/p>\n<p><a href=\"https:\/\/agora.xtec.cat\/escolapauvila\/wp-content\/uploads\/usu1565\/2021\/01\/IMG_20210121_153833.jpg\"><img loading=\"lazy\" decoding=\"async\" class=\"alignnone size-large wp-image-3437\" src=\"https:\/\/agora.xtec.cat\/escolapauvila\/wp-content\/uploads\/usu1565\/2021\/01\/IMG_20210121_153833-1024x768.jpg\" alt=\"\" width=\"1024\" height=\"768\" srcset=\"https:\/\/agora.xtec.cat\/escolapauvila\/wp-content\/uploads\/usu1565\/2021\/01\/IMG_20210121_153833-1024x768.jpg 1024w, https:\/\/agora.xtec.cat\/escolapauvila\/wp-content\/uploads\/usu1565\/2021\/01\/IMG_20210121_153833-300x225.jpg 300w, https:\/\/agora.xtec.cat\/escolapauvila\/wp-content\/uploads\/usu1565\/2021\/01\/IMG_20210121_153833-768x576.jpg 768w, https:\/\/agora.xtec.cat\/escolapauvila\/wp-content\/uploads\/usu1565\/2021\/01\/IMG_20210121_153833-200x150.jpg 200w\" sizes=\"auto, (max-width: 1024px) 100vw, 1024px\" \/><\/a><\/p>\n<p><a href=\"https:\/\/agora.xtec.cat\/escolapauvila\/wp-content\/uploads\/usu1565\/2021\/01\/IMG_0404.jpg\"><img loading=\"lazy\" decoding=\"async\" class=\"alignnone wp-image-3408\" src=\"https:\/\/agora.xtec.cat\/escolapauvila\/wp-content\/uploads\/usu1565\/2021\/01\/IMG_0404-1024x768.jpg\" alt=\"\" width=\"923\" height=\"692\" srcset=\"https:\/\/agora.xtec.cat\/escolapauvila\/wp-content\/uploads\/usu1565\/2021\/01\/IMG_0404-1024x768.jpg 1024w, https:\/\/agora.xtec.cat\/escolapauvila\/wp-content\/uploads\/usu1565\/2021\/01\/IMG_0404-300x225.jpg 300w, https:\/\/agora.xtec.cat\/escolapauvila\/wp-content\/uploads\/usu1565\/2021\/01\/IMG_0404-768x576.jpg 768w, https:\/\/agora.xtec.cat\/escolapauvila\/wp-content\/uploads\/usu1565\/2021\/01\/IMG_0404-200x150.jpg 200w\" sizes=\"auto, (max-width: 923px) 100vw, 923px\" \/><\/a><\/p>\n<p>ABANS DE MARXAR HEM DEIXAT TOT BEN N\u00c9T I ENS HEM <strong>RELAXAT<\/strong> ESCOLTANT L&#8217;AUDICI\u00d3.<\/p>\n<p>SI VOLEU VEURE TOTES LES <strong>FOTOGRAFIES<\/strong> I ELS <strong>V\u00cdDEOS<\/strong> D&#8217;AQUESTES SESSIONS CLIQUEU ELS SEG\u00dcENTS ENLLA\u00c7OS:<\/p>\n<p><strong>CLASSE DE LES VAQUES<\/strong>:<a href=\"https:\/\/photos.app.goo.gl\/L1sH1FTDzbXjEJJG7\">https:\/\/photos.app.goo.gl\/L1sH1FTDzbXjEJJG7<\/a><\/p>\n<p><strong>CLASSE DELS CONILLS<\/strong>:\u00a0<a href=\"https:\/\/photos.app.goo.gl\/cVAN66D3EEgyreFj6\">https:\/\/photos.app.goo.gl\/cVAN66D3EEgyreFj6<\/a><\/p>\n<p>&nbsp;<\/p>\n<p>&nbsp;<\/p>\n","protected":false},"excerpt":{"rendered":"<p>AQUESTES PRIMERES SESSIONS DE M\u00daSICA\u00a0DEL SEGON TRIMESTRE LES HEM DEDICAT A ESCOLTAR L&#8217;AUDICI\u00d3 D&#8217;UN M\u00daSIC CONEGUT PER A NOSALTRES EN EL PRIMER TRIMESTRE: EN VIVALDI.<br \/>\nENS ENRECORD\u00c0VEM QUE HAV\u00cdEM ESCOLTAT UNA AUDICI\u00d3 SEVA DE LA TARDOR I QUE L&#8217;HAV\u00cdEM PINTAT.<br \/>\nARA HEM ESCOLTAT UNA ALTRA. AQUEST COP&hellip;  <a href=\"https:\/\/agora.xtec.cat\/escolapauvila\/general\/lhivern-de-vivaldi\/\" title=\"Read L&#8217;HIVERN DE VIVALDI\">Llegeix m\u00e9s\u00bb<\/a><\/p>\n","protected":false},"author":1,"featured_media":3405,"comment_status":"open","ping_status":"closed","sticky":false,"template":"","format":"standard","meta":{"_bbp_topic_count":0,"_bbp_reply_count":0,"_bbp_total_topic_count":0,"_bbp_total_reply_count":0,"_bbp_voice_count":0,"_bbp_anonymous_reply_count":0,"_bbp_topic_count_hidden":0,"_bbp_reply_count_hidden":0,"_bbp_forum_subforum_count":0,"footnotes":""},"categories":[2,8,1],"tags":[103,114,104],"class_list":["post-3404","post","type-post","status-publish","format-standard","has-post-thumbnail","hentry","category-petits","category-ei4","category-general","tag-ei4a20-21","tag-ei4b20-21","tag-nascuts2016"],"post_mailing_queue_ids":[],"_links":{"self":[{"href":"https:\/\/agora.xtec.cat\/escolapauvila\/wp-json\/wp\/v2\/posts\/3404","targetHints":{"allow":["GET"]}}],"collection":[{"href":"https:\/\/agora.xtec.cat\/escolapauvila\/wp-json\/wp\/v2\/posts"}],"about":[{"href":"https:\/\/agora.xtec.cat\/escolapauvila\/wp-json\/wp\/v2\/types\/post"}],"author":[{"embeddable":true,"href":"https:\/\/agora.xtec.cat\/escolapauvila\/wp-json\/wp\/v2\/users\/1"}],"replies":[{"embeddable":true,"href":"https:\/\/agora.xtec.cat\/escolapauvila\/wp-json\/wp\/v2\/comments?post=3404"}],"version-history":[{"count":3,"href":"https:\/\/agora.xtec.cat\/escolapauvila\/wp-json\/wp\/v2\/posts\/3404\/revisions"}],"predecessor-version":[{"id":3735,"href":"https:\/\/agora.xtec.cat\/escolapauvila\/wp-json\/wp\/v2\/posts\/3404\/revisions\/3735"}],"wp:featuredmedia":[{"embeddable":true,"href":"https:\/\/agora.xtec.cat\/escolapauvila\/wp-json\/wp\/v2\/media\/3405"}],"wp:attachment":[{"href":"https:\/\/agora.xtec.cat\/escolapauvila\/wp-json\/wp\/v2\/media?parent=3404"}],"wp:term":[{"taxonomy":"category","embeddable":true,"href":"https:\/\/agora.xtec.cat\/escolapauvila\/wp-json\/wp\/v2\/categories?post=3404"},{"taxonomy":"post_tag","embeddable":true,"href":"https:\/\/agora.xtec.cat\/escolapauvila\/wp-json\/wp\/v2\/tags?post=3404"}],"curies":[{"name":"wp","href":"https:\/\/api.w.org\/{rel}","templated":true}]}}