{"id":3385,"date":"2021-01-21T16:03:14","date_gmt":"2021-01-21T15:03:14","guid":{"rendered":"https:\/\/agora.xtec.cat\/escolapauvila\/?p=3385"},"modified":"2021-01-21T19:34:29","modified_gmt":"2021-01-21T18:34:29","slug":"diari-de-l11-al-22-de-gener","status":"publish","type":"post","link":"https:\/\/agora.xtec.cat\/escolapauvila\/grans\/5e\/diari-de-l11-al-22-de-gener\/","title":{"rendered":"Diari de l&#8217;11 al 22 de gener"},"content":{"rendered":"<p>L&#8217;11 de gener als nens i nenes de 5e C van tornar de las vacances de l\u00b4hivern despr\u00e9s d\u00b4un \u00faltim trimestre molt complicat per el tema de la covid-19.<\/p>\n<p>L&#8217;animal fant\u00e0stic \u00e9s un projecte que portem fent des del mes de Desembre i tracta de fer un animal que no existeix per\u00f2 ha de ser juntant els animals que siguin.<\/p>\n<p>Avui, 14 de gener per la tarda, hem comen\u00e7at els racons. E<span style=\"font-family: inherit; font-size: 1em;\">ls racons s\u00f3n els seg\u00fcents:<\/span><\/p>\n<ul>\n<li><span style=\"font-family: inherit; font-size: 1em;\"> Poliedres: Tracta de fer figures geom\u00e8triques amb plastelina. <\/span><\/li>\n<li><span style=\"font-family: inherit; font-size: 1em;\">La web: tracta de buscar informaci\u00f3 a la web de l&#8217;escola. <\/span><\/li>\n<li><span style=\"font-family: inherit; font-size: 1em;\">Els reporters: Els reporters tracten de fer resum de les activitats o moments mes importants de la setmana. <\/span><\/li>\n<li><span style=\"font-family: inherit; font-size: 1em;\">Arquitectes: Els arquitectes tracten de mesurar la classe amb metres.<\/span><\/li>\n<li>Not\u00edcies inventades: Amb l&#8217;ajuda dels Story Cubes ens hem d&#8217;inventar hist\u00f2ries i gravar-les en v\u00eddeo.<\/li>\n<\/ul>\n<p>En la primera setmana hem comen\u00e7at a parlar de les fraccions, que \u00e9s fer una divisi\u00f3 o quarts, i tamb\u00e9 es posa aix\u00ed\u00a0 \u00be.<\/p>\n<p>El Divendres vam anar a la biblioteca per fer un joc que eren unes pistes que les havies d&#8217;esbrinar per resoldre quin personatge de llibres (fantasia) ens havia tocat.<\/p>\n<p><img loading=\"lazy\" decoding=\"async\" class=\"aligncenter wp-image-3390 size-medium\" src=\"https:\/\/agora.xtec.cat\/escolapauvila\/wp-content\/uploads\/usu1565\/2021\/01\/Biblioteca-300x225.jpg\" alt=\"\" width=\"300\" height=\"225\" srcset=\"https:\/\/agora.xtec.cat\/escolapauvila\/wp-content\/uploads\/usu1565\/2021\/01\/Biblioteca-300x225.jpg 300w, https:\/\/agora.xtec.cat\/escolapauvila\/wp-content\/uploads\/usu1565\/2021\/01\/Biblioteca-768x576.jpg 768w, https:\/\/agora.xtec.cat\/escolapauvila\/wp-content\/uploads\/usu1565\/2021\/01\/Biblioteca-200x150.jpg 200w, https:\/\/agora.xtec.cat\/escolapauvila\/wp-content\/uploads\/usu1565\/2021\/01\/Biblioteca.jpg 800w\" sizes=\"auto, (max-width: 300px) 100vw, 300px\" \/><\/p>\n<p>El Dimarts vam fer l<span style=\"font-family: inherit; font-size: 1em;\">es actuacions del videoclip de &#8220;si tots ho fem&#8221;.<\/span><\/p>\n<p>El Dimecres va vindre una noia a parlar-nos de les noves tecnologies, i una de les coses que ens va parlar era en quines coses ens afectaven els aparells electr\u00f2nics, tamb\u00e8 ens va dir qu\u00e8 conseguim amb els aparells.<\/p>\n<p><img loading=\"lazy\" decoding=\"async\" class=\"alignnone wp-image-3389\" src=\"https:\/\/agora.xtec.cat\/escolapauvila\/wp-content\/uploads\/usu1565\/2021\/01\/noia-mireia-300x225.jpg\" alt=\"\" width=\"299\" height=\"225\" srcset=\"https:\/\/agora.xtec.cat\/escolapauvila\/wp-content\/uploads\/usu1565\/2021\/01\/noia-mireia-300x225.jpg 300w, https:\/\/agora.xtec.cat\/escolapauvila\/wp-content\/uploads\/usu1565\/2021\/01\/noia-mireia-768x576.jpg 768w, https:\/\/agora.xtec.cat\/escolapauvila\/wp-content\/uploads\/usu1565\/2021\/01\/noia-mireia-200x150.jpg 200w, https:\/\/agora.xtec.cat\/escolapauvila\/wp-content\/uploads\/usu1565\/2021\/01\/noia-mireia.jpg 800w\" sizes=\"auto, (max-width: 299px) 100vw, 299px\" \/><\/p>\n<p>Hem fet algun joc de fraccions com el domino, fer fraccions amb cubs o cilindres que eq<span style=\"font-family: inherit; font-size: 1em;\">uivalien a algun numero aleatori i un joc en el que hi havia com uns trossos de pizza i els juntav<\/span><span style=\"font-family: inherit; font-size: 1em;\">em per fer una sencera.<\/span><\/p>\n<p><img loading=\"lazy\" decoding=\"async\" class=\"alignnone wp-image-3387 \" style=\"font-family: inherit; font-size: 1em;\" src=\"https:\/\/agora.xtec.cat\/escolapauvila\/wp-content\/uploads\/usu1565\/2021\/01\/fraccions-300x225.jpg\" alt=\"\" width=\"272\" height=\"204\" srcset=\"https:\/\/agora.xtec.cat\/escolapauvila\/wp-content\/uploads\/usu1565\/2021\/01\/fraccions-300x225.jpg 300w, https:\/\/agora.xtec.cat\/escolapauvila\/wp-content\/uploads\/usu1565\/2021\/01\/fraccions-768x576.jpg 768w, https:\/\/agora.xtec.cat\/escolapauvila\/wp-content\/uploads\/usu1565\/2021\/01\/fraccions-200x150.jpg 200w, https:\/\/agora.xtec.cat\/escolapauvila\/wp-content\/uploads\/usu1565\/2021\/01\/fraccions.jpg 876w\" sizes=\"auto, (max-width: 272px) 100vw, 272px\" \/><img loading=\"lazy\" decoding=\"async\" class=\"alignnone wp-image-3388\" style=\"font-family: inherit; font-size: 1em;\" src=\"https:\/\/agora.xtec.cat\/escolapauvila\/wp-content\/uploads\/usu1565\/2021\/01\/racons-300x225.jpg\" alt=\"\" width=\"273\" height=\"205\" srcset=\"https:\/\/agora.xtec.cat\/escolapauvila\/wp-content\/uploads\/usu1565\/2021\/01\/racons-300x225.jpg 300w, https:\/\/agora.xtec.cat\/escolapauvila\/wp-content\/uploads\/usu1565\/2021\/01\/racons-768x576.jpg 768w, https:\/\/agora.xtec.cat\/escolapauvila\/wp-content\/uploads\/usu1565\/2021\/01\/racons-200x150.jpg 200w, https:\/\/agora.xtec.cat\/escolapauvila\/wp-content\/uploads\/usu1565\/2021\/01\/racons.jpg 800w\" sizes=\"auto, (max-width: 273px) 100vw, 273px\" \/><\/p>\n<p>&nbsp;<\/p>\n<p><a href=\"https:\/\/photos.app.goo.gl\/RtrvT7R4EaY2PM5y9\">FOTOS<\/a><\/p>\n<p>Julen,Xavi i Cristian<\/p>\n","protected":false},"excerpt":{"rendered":"<p>L&#8217;11 de gener als nens i nenes de 5e C van tornar de las vacances de l\u00b4hivern despr\u00e9s d\u00b4un \u00faltim trimestre molt complicat per el tema de la covid-19.<br \/>\nL&#8217;animal fant\u00e0stic \u00e9s un projecte que portem fent des del mes de Desembre i tracta de fer&hellip;  <a href=\"https:\/\/agora.xtec.cat\/escolapauvila\/grans\/5e\/diari-de-l11-al-22-de-gener\/\" title=\"Read Diari de l&#8217;11 al 22 de gener\">Llegeix m\u00e9s\u00bb<\/a><\/p>\n","protected":false},"author":1,"featured_media":3387,"comment_status":"open","ping_status":"closed","sticky":false,"template":"","format":"standard","meta":{"_bbp_topic_count":0,"_bbp_reply_count":0,"_bbp_total_topic_count":0,"_bbp_total_reply_count":0,"_bbp_voice_count":0,"_bbp_anonymous_reply_count":0,"_bbp_topic_count_hidden":0,"_bbp_reply_count_hidden":0,"_bbp_forum_subforum_count":0,"footnotes":""},"categories":[14],"tags":[83,77],"class_list":["post-3385","post","type-post","status-publish","format-standard","has-post-thumbnail","hentry","category-5e","tag-5c20-21","tag-nascuts2010"],"post_mailing_queue_ids":[],"_links":{"self":[{"href":"https:\/\/agora.xtec.cat\/escolapauvila\/wp-json\/wp\/v2\/posts\/3385","targetHints":{"allow":["GET"]}}],"collection":[{"href":"https:\/\/agora.xtec.cat\/escolapauvila\/wp-json\/wp\/v2\/posts"}],"about":[{"href":"https:\/\/agora.xtec.cat\/escolapauvila\/wp-json\/wp\/v2\/types\/post"}],"author":[{"embeddable":true,"href":"https:\/\/agora.xtec.cat\/escolapauvila\/wp-json\/wp\/v2\/users\/1"}],"replies":[{"embeddable":true,"href":"https:\/\/agora.xtec.cat\/escolapauvila\/wp-json\/wp\/v2\/comments?post=3385"}],"version-history":[{"count":4,"href":"https:\/\/agora.xtec.cat\/escolapauvila\/wp-json\/wp\/v2\/posts\/3385\/revisions"}],"predecessor-version":[{"id":3412,"href":"https:\/\/agora.xtec.cat\/escolapauvila\/wp-json\/wp\/v2\/posts\/3385\/revisions\/3412"}],"wp:featuredmedia":[{"embeddable":true,"href":"https:\/\/agora.xtec.cat\/escolapauvila\/wp-json\/wp\/v2\/media\/3387"}],"wp:attachment":[{"href":"https:\/\/agora.xtec.cat\/escolapauvila\/wp-json\/wp\/v2\/media?parent=3385"}],"wp:term":[{"taxonomy":"category","embeddable":true,"href":"https:\/\/agora.xtec.cat\/escolapauvila\/wp-json\/wp\/v2\/categories?post=3385"},{"taxonomy":"post_tag","embeddable":true,"href":"https:\/\/agora.xtec.cat\/escolapauvila\/wp-json\/wp\/v2\/tags?post=3385"}],"curies":[{"name":"wp","href":"https:\/\/api.w.org\/{rel}","templated":true}]}}