{"id":3377,"date":"2021-01-21T10:32:17","date_gmt":"2021-01-21T09:32:17","guid":{"rendered":"https:\/\/agora.xtec.cat\/escolapauvila\/?p=3377"},"modified":"2021-01-21T10:37:53","modified_gmt":"2021-01-21T09:37:53","slug":"xerrada-per-a-families-de-5e-i-6e","status":"publish","type":"post","link":"https:\/\/agora.xtec.cat\/escolapauvila\/portada\/xerrada-per-a-families-de-5e-i-6e\/","title":{"rendered":"Xerrada per a fam\u00edlies de 5\u00e8 i 6\u00e8"},"content":{"rendered":"<p>Els propers dies 2 i 3 de febrer, a les 17 hores, es far\u00e0 una xerrada adre\u00e7ada a fam\u00edlies de 5\u00e8 i 6\u00e8 sota el t\u00edtol <strong>&#8220;<\/strong><span style=\"font-family: inherit; font-size: 1em;\"><strong>L&#8217;u\u0301s i abu\u0301s de pantalles a Prima\u0300ria. Dificultats i consum responsable&#8221;<\/strong>. Es tracta d&#8217;una sessi\u00f3 participativa, dinamitzada per la Mireia Luna, de l&#8217;associaci\u00f3 Cabalbaix.\u00a0<\/span><\/p>\n<p><span style=\"font-family: inherit; font-size: 1em;\"><img loading=\"lazy\" decoding=\"async\" class=\"alignnone size-large wp-image-3378\" src=\"https:\/\/agora.xtec.cat\/escolapauvila\/wp-content\/uploads\/usu1565\/2021\/01\/xerrada-Cabalbaix-1024x576.jpg\" alt=\"\" width=\"1024\" height=\"576\" srcset=\"https:\/\/agora.xtec.cat\/escolapauvila\/wp-content\/uploads\/usu1565\/2021\/01\/xerrada-Cabalbaix-1024x576.jpg 1024w, https:\/\/agora.xtec.cat\/escolapauvila\/wp-content\/uploads\/usu1565\/2021\/01\/xerrada-Cabalbaix-300x169.jpg 300w, https:\/\/agora.xtec.cat\/escolapauvila\/wp-content\/uploads\/usu1565\/2021\/01\/xerrada-Cabalbaix-768x432.jpg 768w\" sizes=\"auto, (max-width: 1024px) 100vw, 1024px\" \/>\u00a0<\/span>L&#8217;activitat ser\u00e0 telem\u00e0tica, a trav\u00e9s de l&#8217;aplicaci\u00f3 <a href=\"https:\/\/meet.google.com\/\">Google Meet<\/a>. Per poder accedir-hi, feu clic als seg\u00fcents enlla\u00e7os:<\/p>\n<p><a href=\"http:\/\/meet.google.com\/xxk-fkbi-vfn\">Sis\u00e8 (dimarts dia 2)<\/a><\/p>\n<p><a href=\"http:\/\/meet.google.com\/vyu-vzwz-xvm\">Cinqu\u00e8 (dimecres dia 3)<\/a><\/p>\n<p><img loading=\"lazy\" decoding=\"async\" class=\"alignnone wp-image-3379 size-medium\" src=\"https:\/\/agora.xtec.cat\/escolapauvila\/wp-content\/uploads\/usu1565\/2021\/01\/recordeu-212x300.jpg\" alt=\"\" width=\"212\" height=\"300\" srcset=\"https:\/\/agora.xtec.cat\/escolapauvila\/wp-content\/uploads\/usu1565\/2021\/01\/recordeu-212x300.jpg 212w, https:\/\/agora.xtec.cat\/escolapauvila\/wp-content\/uploads\/usu1565\/2021\/01\/recordeu-768x1086.jpg 768w, https:\/\/agora.xtec.cat\/escolapauvila\/wp-content\/uploads\/usu1565\/2021\/01\/recordeu-724x1024.jpg 724w\" sizes=\"auto, (max-width: 212px) 100vw, 212px\" \/><\/p>\n<p>Us animem a participar-hi, ja que \u00e9s un tema d&#8217;especial inter\u00e8s en aquestes edats.<\/p>\n","protected":false},"excerpt":{"rendered":"<p>Els propers dies 2 i 3 de febrer, a les 17 hores, es far\u00e0 una xerrada adre\u00e7ada a fam\u00edlies de 5\u00e8 i 6\u00e8 sota el t\u00edtol &#8220;L&#8217;u\u0301s i abu\u0301s de pantalles a Prima\u0300ria. Dificultats i consum responsable&#8221;. Es tracta d&#8217;una sessi\u00f3 participativa, dinamitzada per la&hellip;  <a href=\"https:\/\/agora.xtec.cat\/escolapauvila\/portada\/xerrada-per-a-families-de-5e-i-6e\/\" title=\"Read Xerrada per a fam\u00edlies de 5\u00e8 i 6\u00e8\">Llegeix m\u00e9s\u00bb<\/a><\/p>\n","protected":false},"author":1,"featured_media":3378,"comment_status":"open","ping_status":"closed","sticky":false,"template":"","format":"standard","meta":{"_bbp_topic_count":0,"_bbp_reply_count":0,"_bbp_total_topic_count":0,"_bbp_total_reply_count":0,"_bbp_voice_count":0,"_bbp_anonymous_reply_count":0,"_bbp_topic_count_hidden":0,"_bbp_reply_count_hidden":0,"_bbp_forum_subforum_count":0,"footnotes":""},"categories":[14,15,61,4],"tags":[157],"class_list":["post-3377","post","type-post","status-publish","format-standard","has-post-thumbnail","hentry","category-5e","category-6e","category-grans","category-portada","tag-tac"],"post_mailing_queue_ids":[],"_links":{"self":[{"href":"https:\/\/agora.xtec.cat\/escolapauvila\/wp-json\/wp\/v2\/posts\/3377","targetHints":{"allow":["GET"]}}],"collection":[{"href":"https:\/\/agora.xtec.cat\/escolapauvila\/wp-json\/wp\/v2\/posts"}],"about":[{"href":"https:\/\/agora.xtec.cat\/escolapauvila\/wp-json\/wp\/v2\/types\/post"}],"author":[{"embeddable":true,"href":"https:\/\/agora.xtec.cat\/escolapauvila\/wp-json\/wp\/v2\/users\/1"}],"replies":[{"embeddable":true,"href":"https:\/\/agora.xtec.cat\/escolapauvila\/wp-json\/wp\/v2\/comments?post=3377"}],"version-history":[{"count":2,"href":"https:\/\/agora.xtec.cat\/escolapauvila\/wp-json\/wp\/v2\/posts\/3377\/revisions"}],"predecessor-version":[{"id":3383,"href":"https:\/\/agora.xtec.cat\/escolapauvila\/wp-json\/wp\/v2\/posts\/3377\/revisions\/3383"}],"wp:featuredmedia":[{"embeddable":true,"href":"https:\/\/agora.xtec.cat\/escolapauvila\/wp-json\/wp\/v2\/media\/3378"}],"wp:attachment":[{"href":"https:\/\/agora.xtec.cat\/escolapauvila\/wp-json\/wp\/v2\/media?parent=3377"}],"wp:term":[{"taxonomy":"category","embeddable":true,"href":"https:\/\/agora.xtec.cat\/escolapauvila\/wp-json\/wp\/v2\/categories?post=3377"},{"taxonomy":"post_tag","embeddable":true,"href":"https:\/\/agora.xtec.cat\/escolapauvila\/wp-json\/wp\/v2\/tags?post=3377"}],"curies":[{"name":"wp","href":"https:\/\/api.w.org\/{rel}","templated":true}]}}