{"id":3356,"date":"2021-01-20T10:47:26","date_gmt":"2021-01-20T09:47:26","guid":{"rendered":"https:\/\/agora.xtec.cat\/escolapauvila\/?p=3356"},"modified":"2021-01-20T17:19:41","modified_gmt":"2021-01-20T16:19:41","slug":"racons-a-5eb","status":"publish","type":"post","link":"https:\/\/agora.xtec.cat\/escolapauvila\/grans\/5e\/racons-a-5eb\/","title":{"rendered":"RACONS A 5\u00e8B"},"content":{"rendered":"<p><span style=\"font-weight: 400;\">Avui hem comen\u00e7at els racons. Tenim 5 racons,que ens ajuden a organitzar-nos, millorar la llengua, les matem\u00e0tiques i tamb\u00e9 aprenem a fer anar els Ipad&#8217;s. Els racons s\u00f3n: web escola, reporters, arquitectes, not\u00edcies inventades i construcci\u00f3 de poliedres.\u00a0<\/span><\/p>\n<p><span style=\"font-weight: 400;\">El rac\u00f3 de <\/span><b>reporters<\/b><span style=\"font-weight: 400;\"> consisteix en explicar escrivint amb coher\u00e8ncia i correcci\u00f3 ortogr\u00e0fica i documentar si cal amb fotografies, moments d\u2019aprenentatge importants viscuts a l\u2019aula.<\/span><\/p>\n<p><span style=\"font-weight: 400;\">El rac\u00f3 de <\/span><b>web escola<\/b><span style=\"font-weight: 400;\"> consisteix en localitzar informaci\u00f3 fent \u00fas d\u2019internet i recollir-la en un document Drive.<\/span><\/p>\n<p><span style=\"font-weight: 400;\">El rac\u00f3<strong> d&#8217;arquitectes<\/strong> consisteix en interpretar i realitzar, amb instruments de dibuix i de mesura , <\/span><b>representacions espacials<\/b><span style=\"font-weight: 400;\"> de l\u2019entorn proper (pl\u00e0nol de l\u2019aula <\/span><b>a escala<\/b><span style=\"font-weight: 400;\">.)<\/span><\/p>\n<p><span style=\"font-weight: 400;\">El rac\u00f3 de <\/span><b>not\u00edcies inventades<\/b><span style=\"font-weight: 400;\"> consisteix en <\/span><b>inventar una noticia <\/b><span style=\"font-weight: 400;\">a partir dels daus (story cubes), escriure un gui\u00f3,<\/span><b> explicar-lo oralment <\/b><span style=\"font-weight: 400;\">davant la c\u00e0mera. Respectar l&#8217;estructura b\u00e0sica d\u2019una not\u00edcia (qu\u00e8?, qui?, quan?, com?, perqu\u00e8?.)<\/span><\/p>\n<p><span style=\"font-weight: 400;\">El rac\u00f3 de <\/span><b>construcci\u00f3 de poliedres <\/b><span style=\"font-weight: 400;\">consisteix en con\u00e8ixer els elements, les propietats i el nom dels poliedres (cub, tetraedre\u2026) a trav\u00e9s de la seva construcci\u00f3 amb materials. Fotografiar i compartir les imatges al Drive.<\/span><\/p>\n<p><span style=\"font-weight: 400;\">Aqu\u00ed us deixem unes imatges de Racons: <a href=\"https:\/\/photos.app.goo.gl\/jwBWVLLjW6JZ8Dgr5\">FOTOS<\/a><\/span><\/p>\n<p>Reporters: Oleguer i Ian<\/p>\n","protected":false},"excerpt":{"rendered":"<p>Avui hem comen\u00e7at els racons. Tenim 5 racons,que ens ajuden a organitzar-nos, millorar la llengua, les matem\u00e0tiques i tamb\u00e9 aprenem a fer anar els Ipad&#8217;s. Els racons s\u00f3n: web escola, reporters, arquitectes, not\u00edcies inventades i construcci\u00f3 de poliedres.\u00a0<br \/>\nEl rac\u00f3 de reporters consisteix en explicar escrivint&hellip;  <a href=\"https:\/\/agora.xtec.cat\/escolapauvila\/grans\/5e\/racons-a-5eb\/\" title=\"Read RACONS A 5\u00e8B\">Llegeix m\u00e9s\u00bb<\/a><\/p>\n","protected":false},"author":1,"featured_media":3357,"comment_status":"open","ping_status":"closed","sticky":false,"template":"","format":"standard","meta":{"_bbp_topic_count":0,"_bbp_reply_count":0,"_bbp_total_topic_count":0,"_bbp_total_reply_count":0,"_bbp_voice_count":0,"_bbp_anonymous_reply_count":0,"_bbp_topic_count_hidden":0,"_bbp_reply_count_hidden":0,"_bbp_forum_subforum_count":0,"footnotes":""},"categories":[14,61],"tags":[88,77],"class_list":["post-3356","post","type-post","status-publish","format-standard","has-post-thumbnail","hentry","category-5e","category-grans","tag-5b20-21","tag-nascuts2010"],"post_mailing_queue_ids":[],"_links":{"self":[{"href":"https:\/\/agora.xtec.cat\/escolapauvila\/wp-json\/wp\/v2\/posts\/3356","targetHints":{"allow":["GET"]}}],"collection":[{"href":"https:\/\/agora.xtec.cat\/escolapauvila\/wp-json\/wp\/v2\/posts"}],"about":[{"href":"https:\/\/agora.xtec.cat\/escolapauvila\/wp-json\/wp\/v2\/types\/post"}],"author":[{"embeddable":true,"href":"https:\/\/agora.xtec.cat\/escolapauvila\/wp-json\/wp\/v2\/users\/1"}],"replies":[{"embeddable":true,"href":"https:\/\/agora.xtec.cat\/escolapauvila\/wp-json\/wp\/v2\/comments?post=3356"}],"version-history":[{"count":2,"href":"https:\/\/agora.xtec.cat\/escolapauvila\/wp-json\/wp\/v2\/posts\/3356\/revisions"}],"predecessor-version":[{"id":3369,"href":"https:\/\/agora.xtec.cat\/escolapauvila\/wp-json\/wp\/v2\/posts\/3356\/revisions\/3369"}],"wp:featuredmedia":[{"embeddable":true,"href":"https:\/\/agora.xtec.cat\/escolapauvila\/wp-json\/wp\/v2\/media\/3357"}],"wp:attachment":[{"href":"https:\/\/agora.xtec.cat\/escolapauvila\/wp-json\/wp\/v2\/media?parent=3356"}],"wp:term":[{"taxonomy":"category","embeddable":true,"href":"https:\/\/agora.xtec.cat\/escolapauvila\/wp-json\/wp\/v2\/categories?post=3356"},{"taxonomy":"post_tag","embeddable":true,"href":"https:\/\/agora.xtec.cat\/escolapauvila\/wp-json\/wp\/v2\/tags?post=3356"}],"curies":[{"name":"wp","href":"https:\/\/api.w.org\/{rel}","templated":true}]}}