{"id":3324,"date":"2021-01-16T18:21:41","date_gmt":"2021-01-16T17:21:41","guid":{"rendered":"https:\/\/agora.xtec.cat\/escolapauvila\/?p=3324"},"modified":"2021-01-16T18:21:41","modified_gmt":"2021-01-16T17:21:41","slug":"racons-2","status":"publish","type":"post","link":"https:\/\/agora.xtec.cat\/escolapauvila\/grans\/5e\/racons-2\/","title":{"rendered":"Racons"},"content":{"rendered":"<p>Aquesta setmana hem comen\u00e7at el treball per racons. Cada dijous en farem una sessi\u00f3, on alternem activitats de llengua, matem\u00e0tiques i TAC de manera manipulativa i engrescadora. Aqu\u00ed teniu algunes imatges de la primera sessi\u00f3.<\/p>\n<p><a href=\"https:\/\/photos.app.goo.gl\/Q4SAfkaR4mZZjnnM9\"><img loading=\"lazy\" decoding=\"async\" class=\"aligncenter wp-image-3325 size-large\" src=\"https:\/\/agora.xtec.cat\/escolapauvila\/wp-content\/uploads\/usu1565\/2021\/01\/443F0AB9-331C-426D-B2B4-F0A900883212-1024x768.jpeg\" alt=\"\" width=\"1024\" height=\"768\" srcset=\"https:\/\/agora.xtec.cat\/escolapauvila\/wp-content\/uploads\/usu1565\/2021\/01\/443F0AB9-331C-426D-B2B4-F0A900883212-1024x768.jpeg 1024w, https:\/\/agora.xtec.cat\/escolapauvila\/wp-content\/uploads\/usu1565\/2021\/01\/443F0AB9-331C-426D-B2B4-F0A900883212-300x225.jpeg 300w, https:\/\/agora.xtec.cat\/escolapauvila\/wp-content\/uploads\/usu1565\/2021\/01\/443F0AB9-331C-426D-B2B4-F0A900883212-768x576.jpeg 768w, https:\/\/agora.xtec.cat\/escolapauvila\/wp-content\/uploads\/usu1565\/2021\/01\/443F0AB9-331C-426D-B2B4-F0A900883212-200x150.jpeg 200w\" sizes=\"auto, (max-width: 1024px) 100vw, 1024px\" \/><\/a>(feu tap sobre la imatge per veure\u2019n m\u00e9s)<\/p>\n","protected":false},"excerpt":{"rendered":"<p>Aquesta setmana hem comen\u00e7at el treball per racons. Cada dijous en farem una sessi\u00f3, on alternem activitats de llengua, matem\u00e0tiques i TAC de manera manipulativa i engrescadora. Aqu\u00ed teniu algunes imatges de la primera sessi\u00f3.<br \/>\n<a href=\"https:\/\/photos.app.goo.gl\/Q4SAfkaR4mZZjnnM9\"><\/a>(feu tap sobre la imatge per veure\u2019n m\u00e9s)<\/p>\n","protected":false},"author":1,"featured_media":3325,"comment_status":"open","ping_status":"closed","sticky":false,"template":"","format":"standard","meta":{"_bbp_topic_count":0,"_bbp_reply_count":0,"_bbp_total_topic_count":0,"_bbp_total_reply_count":0,"_bbp_voice_count":0,"_bbp_anonymous_reply_count":0,"_bbp_topic_count_hidden":0,"_bbp_reply_count_hidden":0,"_bbp_forum_subforum_count":0,"footnotes":""},"categories":[14,61],"tags":[83,77],"class_list":["post-3324","post","type-post","status-publish","format-standard","has-post-thumbnail","hentry","category-5e","category-grans","tag-5c20-21","tag-nascuts2010"],"post_mailing_queue_ids":[],"_links":{"self":[{"href":"https:\/\/agora.xtec.cat\/escolapauvila\/wp-json\/wp\/v2\/posts\/3324","targetHints":{"allow":["GET"]}}],"collection":[{"href":"https:\/\/agora.xtec.cat\/escolapauvila\/wp-json\/wp\/v2\/posts"}],"about":[{"href":"https:\/\/agora.xtec.cat\/escolapauvila\/wp-json\/wp\/v2\/types\/post"}],"author":[{"embeddable":true,"href":"https:\/\/agora.xtec.cat\/escolapauvila\/wp-json\/wp\/v2\/users\/1"}],"replies":[{"embeddable":true,"href":"https:\/\/agora.xtec.cat\/escolapauvila\/wp-json\/wp\/v2\/comments?post=3324"}],"version-history":[{"count":1,"href":"https:\/\/agora.xtec.cat\/escolapauvila\/wp-json\/wp\/v2\/posts\/3324\/revisions"}],"predecessor-version":[{"id":3326,"href":"https:\/\/agora.xtec.cat\/escolapauvila\/wp-json\/wp\/v2\/posts\/3324\/revisions\/3326"}],"wp:featuredmedia":[{"embeddable":true,"href":"https:\/\/agora.xtec.cat\/escolapauvila\/wp-json\/wp\/v2\/media\/3325"}],"wp:attachment":[{"href":"https:\/\/agora.xtec.cat\/escolapauvila\/wp-json\/wp\/v2\/media?parent=3324"}],"wp:term":[{"taxonomy":"category","embeddable":true,"href":"https:\/\/agora.xtec.cat\/escolapauvila\/wp-json\/wp\/v2\/categories?post=3324"},{"taxonomy":"post_tag","embeddable":true,"href":"https:\/\/agora.xtec.cat\/escolapauvila\/wp-json\/wp\/v2\/tags?post=3324"}],"curies":[{"name":"wp","href":"https:\/\/api.w.org\/{rel}","templated":true}]}}