{"id":3271,"date":"2021-01-12T15:53:08","date_gmt":"2021-01-12T14:53:08","guid":{"rendered":"https:\/\/agora.xtec.cat\/escolapauvila\/?p=3271"},"modified":"2021-01-12T16:01:23","modified_gmt":"2021-01-12T15:01:23","slug":"la-porta-de-6e-a","status":"publish","type":"post","link":"https:\/\/agora.xtec.cat\/escolapauvila\/grans\/6e\/la-porta-de-6e-a\/","title":{"rendered":"LA PORTA DE 6\u00c8 A"},"content":{"rendered":"<p>Ahir vam comen\u00e7ar a decorar la porta de la classe. No esns pod\u00edem decidir perqu\u00e8 a tots no ens agradava la mateixa idea. Vam decidir votar per veure quina ens agradava m\u00e9s. Van triar diverses opcions per fer el t\u00edtol, dibuixos i les aplicacions. Quan ens vam decidir, vam comen\u00e7ar a decorar amb aplicacions del mobil, dibuixant un ordinador i vam escriure el t\u00edtol: la tecnolog\u00eda. El paper del Fons era de color Lila, les aplicaions les vam dibuixar despr\u00e9s i les vam enganxar al paper de la porta. Vam agafar un tr\u00f2s del paper de la porta i amb aquest tr\u00f2s vam dibuixar un ortinador.<br \/>\nLa decoraci\u00f3 de la porta representa el nom de la nostra classe: &#8220;la teconologia&#8221;. <\/p>\n<p><a href=\"https:\/\/photos.app.goo.gl\/iKnaKwVCHjKk6wAx8\">Fotos<\/a><\/p>\n<p>Escrit per: Maria. <\/p>\n","protected":false},"excerpt":{"rendered":"<p>La porta decorada de la nostra classe&hellip;  <a href=\"https:\/\/agora.xtec.cat\/escolapauvila\/grans\/6e\/la-porta-de-6e-a\/\" title=\"Read LA PORTA DE 6\u00c8 A\">Llegeix m\u00e9s\u00bb<\/a><\/p>\n","protected":false},"author":1,"featured_media":3273,"comment_status":"open","ping_status":"closed","sticky":false,"template":"","format":"standard","meta":{"_bbp_topic_count":0,"_bbp_reply_count":0,"_bbp_total_topic_count":0,"_bbp_total_reply_count":0,"_bbp_voice_count":0,"_bbp_anonymous_reply_count":0,"_bbp_topic_count_hidden":0,"_bbp_reply_count_hidden":0,"_bbp_forum_subforum_count":0,"footnotes":""},"categories":[15],"tags":[153],"class_list":["post-3271","post","type-post","status-publish","format-standard","has-post-thumbnail","hentry","category-6e","tag-6e-a"],"post_mailing_queue_ids":[],"_links":{"self":[{"href":"https:\/\/agora.xtec.cat\/escolapauvila\/wp-json\/wp\/v2\/posts\/3271","targetHints":{"allow":["GET"]}}],"collection":[{"href":"https:\/\/agora.xtec.cat\/escolapauvila\/wp-json\/wp\/v2\/posts"}],"about":[{"href":"https:\/\/agora.xtec.cat\/escolapauvila\/wp-json\/wp\/v2\/types\/post"}],"author":[{"embeddable":true,"href":"https:\/\/agora.xtec.cat\/escolapauvila\/wp-json\/wp\/v2\/users\/1"}],"replies":[{"embeddable":true,"href":"https:\/\/agora.xtec.cat\/escolapauvila\/wp-json\/wp\/v2\/comments?post=3271"}],"version-history":[{"count":1,"href":"https:\/\/agora.xtec.cat\/escolapauvila\/wp-json\/wp\/v2\/posts\/3271\/revisions"}],"predecessor-version":[{"id":3272,"href":"https:\/\/agora.xtec.cat\/escolapauvila\/wp-json\/wp\/v2\/posts\/3271\/revisions\/3272"}],"wp:featuredmedia":[{"embeddable":true,"href":"https:\/\/agora.xtec.cat\/escolapauvila\/wp-json\/wp\/v2\/media\/3273"}],"wp:attachment":[{"href":"https:\/\/agora.xtec.cat\/escolapauvila\/wp-json\/wp\/v2\/media?parent=3271"}],"wp:term":[{"taxonomy":"category","embeddable":true,"href":"https:\/\/agora.xtec.cat\/escolapauvila\/wp-json\/wp\/v2\/categories?post=3271"},{"taxonomy":"post_tag","embeddable":true,"href":"https:\/\/agora.xtec.cat\/escolapauvila\/wp-json\/wp\/v2\/tags?post=3271"}],"curies":[{"name":"wp","href":"https:\/\/api.w.org\/{rel}","templated":true}]}}