{"id":3266,"date":"2021-01-11T22:08:17","date_gmt":"2021-01-11T21:08:17","guid":{"rendered":"https:\/\/agora.xtec.cat\/escolapauvila\/?p=3266"},"modified":"2021-01-11T22:12:26","modified_gmt":"2021-01-11T21:12:26","slug":"testimem-mireia","status":"publish","type":"post","link":"https:\/\/agora.xtec.cat\/escolapauvila\/mitjans\/testimem-mireia\/","title":{"rendered":"T&#8217;ESTIMEM MIREIA!"},"content":{"rendered":"<p style=\"text-align: left;\">Avui ens hem acomiadat de la nostra companya <strong>MIREIA<\/strong>. \u00a0Marxa a una escola del seu poble. \u00a0Segur que li va genial perqu\u00e8 \u00e9s una gran companya i alumna. \u00a0Nosaltres la trobarem molt a faltar&#8230; Per\u00f2 li volem donar molta for\u00e7a per aquest nou cam\u00ed que comen\u00e7a. \u00a0Et dediquem aquesta entrada Mireia!!!<\/p>\n<p style=\"text-align: center;\"><strong>MOLTES GR\u00c0CIES PER TOT BONICA!<\/strong><\/p>\n<p style=\"text-align: center;\"><strong>ENS HA ENCANTAT COMPARTIR AQUEST TEMPS A TU! <\/strong><\/p>\n<p style=\"text-align: center;\"><strong>MOLTA SORT, T&#8217;ESTIMEM!<\/strong><\/p>\n<p><a href=\"https:\/\/photos.app.goo.gl\/f6YKP3P26fRuA94M8\"><img loading=\"lazy\" decoding=\"async\" class=\"wp-image-3267 aligncenter\" src=\"https:\/\/agora.xtec.cat\/escolapauvila\/wp-content\/uploads\/usu1565\/2021\/01\/C73FC354-79BF-4EAB-994A-F704931E70CF-e1610398936836-517x1024.jpeg\" alt=\"\" width=\"197\" height=\"390\" srcset=\"https:\/\/agora.xtec.cat\/escolapauvila\/wp-content\/uploads\/usu1565\/2021\/01\/C73FC354-79BF-4EAB-994A-F704931E70CF-e1610398936836-517x1024.jpeg 517w, https:\/\/agora.xtec.cat\/escolapauvila\/wp-content\/uploads\/usu1565\/2021\/01\/C73FC354-79BF-4EAB-994A-F704931E70CF-e1610398936836-151x300.jpeg 151w, https:\/\/agora.xtec.cat\/escolapauvila\/wp-content\/uploads\/usu1565\/2021\/01\/C73FC354-79BF-4EAB-994A-F704931E70CF-e1610398936836-768x1521.jpeg 768w, https:\/\/agora.xtec.cat\/escolapauvila\/wp-content\/uploads\/usu1565\/2021\/01\/C73FC354-79BF-4EAB-994A-F704931E70CF-e1610398936836.jpeg 873w\" sizes=\"auto, (max-width: 197px) 100vw, 197px\" \/><\/a><\/p>\n<p>&nbsp;<\/p>\n","protected":false},"excerpt":{"rendered":"<p>Avui ens hem acomiadat de la nostra companya MIREIA. \u00a0Marxa a una escola del seu poble. \u00a0Segur que li va genial perqu\u00e8 \u00e9s una gran companya i alumna. \u00a0Nosaltres la trobarem molt a faltar&#8230; Per\u00f2 li volem donar molta for\u00e7a per aquest nou cam\u00ed que&hellip;  <a href=\"https:\/\/agora.xtec.cat\/escolapauvila\/mitjans\/testimem-mireia\/\" title=\"Read T&#8217;ESTIMEM MIREIA!\">Llegeix m\u00e9s\u00bb<\/a><\/p>\n","protected":false},"author":1,"featured_media":3267,"comment_status":"open","ping_status":"closed","sticky":false,"template":"","format":"standard","meta":{"_bbp_topic_count":0,"_bbp_reply_count":0,"_bbp_total_topic_count":0,"_bbp_total_reply_count":0,"_bbp_voice_count":0,"_bbp_anonymous_reply_count":0,"_bbp_topic_count_hidden":0,"_bbp_reply_count_hidden":0,"_bbp_forum_subforum_count":0,"footnotes":""},"categories":[11,5],"tags":[82,81],"class_list":["post-3266","post","type-post","status-publish","format-standard","has-post-thumbnail","hentry","category-2n","category-mitjans","tag-2c20-21","tag-nascuts2013"],"post_mailing_queue_ids":[],"_links":{"self":[{"href":"https:\/\/agora.xtec.cat\/escolapauvila\/wp-json\/wp\/v2\/posts\/3266","targetHints":{"allow":["GET"]}}],"collection":[{"href":"https:\/\/agora.xtec.cat\/escolapauvila\/wp-json\/wp\/v2\/posts"}],"about":[{"href":"https:\/\/agora.xtec.cat\/escolapauvila\/wp-json\/wp\/v2\/types\/post"}],"author":[{"embeddable":true,"href":"https:\/\/agora.xtec.cat\/escolapauvila\/wp-json\/wp\/v2\/users\/1"}],"replies":[{"embeddable":true,"href":"https:\/\/agora.xtec.cat\/escolapauvila\/wp-json\/wp\/v2\/comments?post=3266"}],"version-history":[{"count":3,"href":"https:\/\/agora.xtec.cat\/escolapauvila\/wp-json\/wp\/v2\/posts\/3266\/revisions"}],"predecessor-version":[{"id":3270,"href":"https:\/\/agora.xtec.cat\/escolapauvila\/wp-json\/wp\/v2\/posts\/3266\/revisions\/3270"}],"wp:featuredmedia":[{"embeddable":true,"href":"https:\/\/agora.xtec.cat\/escolapauvila\/wp-json\/wp\/v2\/media\/3267"}],"wp:attachment":[{"href":"https:\/\/agora.xtec.cat\/escolapauvila\/wp-json\/wp\/v2\/media?parent=3266"}],"wp:term":[{"taxonomy":"category","embeddable":true,"href":"https:\/\/agora.xtec.cat\/escolapauvila\/wp-json\/wp\/v2\/categories?post=3266"},{"taxonomy":"post_tag","embeddable":true,"href":"https:\/\/agora.xtec.cat\/escolapauvila\/wp-json\/wp\/v2\/tags?post=3266"}],"curies":[{"name":"wp","href":"https:\/\/api.w.org\/{rel}","templated":true}]}}