{"id":3261,"date":"2021-01-07T11:34:17","date_gmt":"2021-01-07T10:34:17","guid":{"rendered":"https:\/\/agora.xtec.cat\/escolapauvila\/?p=3261"},"modified":"2021-01-07T11:34:17","modified_gmt":"2021-01-07T10:34:17","slug":"cantem-i-dansem-al-pati","status":"publish","type":"post","link":"https:\/\/agora.xtec.cat\/escolapauvila\/mitjans\/3r\/cantem-i-dansem-al-pati\/","title":{"rendered":"Cantem i dansem al pati"},"content":{"rendered":"<p>Aqu\u00ed teniu algunes de les imatges i v\u00eddeos dels moments que hem viscut al pati de l&#8217;escola tot practicant la m\u00fasica amb la dansa de la can\u00e7\u00f3 que tamb\u00e9 ens agrada cantar, <em>Un esquimal perdut en el desert.\u00a0<\/em>Com que cantar \u00e9s una activitat que ens agrada molt, ara tenim un can\u00e7oner per poder aprendre millor les lletres de les can\u00e7ons, esperem que poc a poc vagi creixent.<\/p>\n<p>Clique l&#8217;enlla\u00e7 de sota la foto per veure totes les imatges:<\/p>\n<p><img loading=\"lazy\" decoding=\"async\" class=\"aligncenter\" src=\"https:\/\/lh3.googleusercontent.com\/pw\/ACtC-3c7J6Zk7AEsNNnVWirJsB2eTHXzDMVmj7OLlLwe6Z6wIwovLoP-PE9kcnzHSx-cjWBD1Vigwh4ZJUwZAOMZpEOA00PR4RMUYMBDTB8oc5OCWfDFW2nlnFgfQH1HSgRbiT3omm87_wFLGWwX8NP63EBd=w1300-h976-no?authuser=0\" width=\"694\" height=\"521\" \/><\/p>\n<p style=\"text-align: center;\"><a href=\"https:\/\/photos.app.goo.gl\/QagtCo7GwRR2FU518\">Dansem i cantem al pati<\/a><\/p>\n<p>&nbsp;<\/p>\n","protected":false},"excerpt":{"rendered":"<p>Aqu\u00ed teniu algunes de les imatges i v\u00eddeos dels moments que hem viscut al pati de l&#8217;escola tot practicant la m\u00fasica amb la dansa de la can\u00e7\u00f3 que tamb\u00e9 ens agrada cantar, Un esquimal perdut en el desert.\u00a0Com que cantar \u00e9s una activitat que ens&hellip;  <a href=\"https:\/\/agora.xtec.cat\/escolapauvila\/mitjans\/3r\/cantem-i-dansem-al-pati\/\" title=\"Read Cantem i dansem al pati\">Llegeix m\u00e9s\u00bb<\/a><\/p>\n","protected":false},"author":1,"featured_media":0,"comment_status":"open","ping_status":"closed","sticky":false,"template":"","format":"standard","meta":{"_bbp_topic_count":0,"_bbp_reply_count":0,"_bbp_total_topic_count":0,"_bbp_total_reply_count":0,"_bbp_voice_count":0,"_bbp_anonymous_reply_count":0,"_bbp_topic_count_hidden":0,"_bbp_reply_count_hidden":0,"_bbp_forum_subforum_count":0,"footnotes":""},"categories":[12],"tags":[125,124],"class_list":["post-3261","post","type-post","status-publish","format-standard","hentry","category-3r","tag-3b20-21","tag-nascuts2012"],"post_mailing_queue_ids":[],"_links":{"self":[{"href":"https:\/\/agora.xtec.cat\/escolapauvila\/wp-json\/wp\/v2\/posts\/3261","targetHints":{"allow":["GET"]}}],"collection":[{"href":"https:\/\/agora.xtec.cat\/escolapauvila\/wp-json\/wp\/v2\/posts"}],"about":[{"href":"https:\/\/agora.xtec.cat\/escolapauvila\/wp-json\/wp\/v2\/types\/post"}],"author":[{"embeddable":true,"href":"https:\/\/agora.xtec.cat\/escolapauvila\/wp-json\/wp\/v2\/users\/1"}],"replies":[{"embeddable":true,"href":"https:\/\/agora.xtec.cat\/escolapauvila\/wp-json\/wp\/v2\/comments?post=3261"}],"version-history":[{"count":1,"href":"https:\/\/agora.xtec.cat\/escolapauvila\/wp-json\/wp\/v2\/posts\/3261\/revisions"}],"predecessor-version":[{"id":3262,"href":"https:\/\/agora.xtec.cat\/escolapauvila\/wp-json\/wp\/v2\/posts\/3261\/revisions\/3262"}],"wp:attachment":[{"href":"https:\/\/agora.xtec.cat\/escolapauvila\/wp-json\/wp\/v2\/media?parent=3261"}],"wp:term":[{"taxonomy":"category","embeddable":true,"href":"https:\/\/agora.xtec.cat\/escolapauvila\/wp-json\/wp\/v2\/categories?post=3261"},{"taxonomy":"post_tag","embeddable":true,"href":"https:\/\/agora.xtec.cat\/escolapauvila\/wp-json\/wp\/v2\/tags?post=3261"}],"curies":[{"name":"wp","href":"https:\/\/api.w.org\/{rel}","templated":true}]}}