{"id":3252,"date":"2021-01-07T10:20:38","date_gmt":"2021-01-07T09:20:38","guid":{"rendered":"https:\/\/agora.xtec.cat\/escolapauvila\/?p=3252"},"modified":"2021-01-07T10:23:11","modified_gmt":"2021-01-07T09:23:11","slug":"taller-de-momificacio","status":"publish","type":"post","link":"https:\/\/agora.xtec.cat\/escolapauvila\/mitjans\/3r\/taller-de-momificacio\/","title":{"rendered":"Taller de momificaci\u00f3"},"content":{"rendered":"<p>Un dels aspectes que m\u00e9s hem treballat en el primer trimestre ha estat en el nostre projecte d&#8217;aula de l&#8217;Antic Egipte. Per tal de culminar el projecte vam contactar amb l&#8217;equip de professionals del Museu Egipci de Barcelona, els quals van venir a l&#8217;escola per oferir-nos un taller sobre la momificaci\u00f3 a l&#8217;Antic Egipte.<\/p>\n<p>Primer de tot ens van fer un rep\u00e0s dels aspectes hist\u00f2rics m\u00e9s importants i nosaltres vam comprovar moltes de les nostres idees i hip\u00f2tesis que hav\u00edem treballat, aix\u00f2 ens va agradar molt!<\/p>\n<p>Despr\u00e9s vam representar la momificaci\u00f3 amb un maniqu\u00ed i amb tots els objectes i elements pertinents.<\/p>\n<p>Tot seguit teniu les imatges del taller (Cliqueu a l&#8217;enlla\u00e7 de sota la foto per veure tot l&#8217;\u00e0lbum):<\/p>\n<p><img loading=\"lazy\" decoding=\"async\" class=\"aligncenter\" src=\"https:\/\/lh3.googleusercontent.com\/pw\/ACtC-3dUrccNzYSeSZkk2AXpXV1UbkYfS61J2WqFA1ohsNM71qm5W8vafrll2klBAenqWxQwelQ14gbkzzjqmTJi0I8XZDQUmnRU7ZaGkRaj5_pPKM9qIYra8_MLn9bHmJz2Y5zawrIUw_s9FSk4Ej_vhjzp=w1300-h976-no?authuser=0\" width=\"740\" height=\"555\" \/><\/p>\n<p style=\"text-align: center;\"><a href=\"https:\/\/photos.app.goo.gl\/29Ynk44TEUZcNXJp8\">https:\/\/photos.app.goo.gl\/29Ynk44TEUZcNXJp8<\/a><\/p>\n<p>&nbsp;<\/p>\n","protected":false},"excerpt":{"rendered":"<p>Un dels aspectes que m\u00e9s hem treballat en el primer trimestre ha estat en el nostre projecte d&#8217;aula de l&#8217;Antic Egipte. Per tal de culminar el projecte vam contactar amb l&#8217;equip de professionals del Museu Egipci de Barcelona, els quals van venir a l&#8217;escola per&hellip;  <a href=\"https:\/\/agora.xtec.cat\/escolapauvila\/mitjans\/3r\/taller-de-momificacio\/\" title=\"Read Taller de momificaci\u00f3\">Llegeix m\u00e9s\u00bb<\/a><\/p>\n","protected":false},"author":1,"featured_media":3253,"comment_status":"open","ping_status":"closed","sticky":false,"template":"","format":"standard","meta":{"_bbp_topic_count":0,"_bbp_reply_count":0,"_bbp_total_topic_count":0,"_bbp_total_reply_count":0,"_bbp_voice_count":0,"_bbp_anonymous_reply_count":0,"_bbp_topic_count_hidden":0,"_bbp_reply_count_hidden":0,"_bbp_forum_subforum_count":0,"footnotes":""},"categories":[12],"tags":[125,124],"class_list":["post-3252","post","type-post","status-publish","format-standard","has-post-thumbnail","hentry","category-3r","tag-3b20-21","tag-nascuts2012"],"post_mailing_queue_ids":[],"_links":{"self":[{"href":"https:\/\/agora.xtec.cat\/escolapauvila\/wp-json\/wp\/v2\/posts\/3252","targetHints":{"allow":["GET"]}}],"collection":[{"href":"https:\/\/agora.xtec.cat\/escolapauvila\/wp-json\/wp\/v2\/posts"}],"about":[{"href":"https:\/\/agora.xtec.cat\/escolapauvila\/wp-json\/wp\/v2\/types\/post"}],"author":[{"embeddable":true,"href":"https:\/\/agora.xtec.cat\/escolapauvila\/wp-json\/wp\/v2\/users\/1"}],"replies":[{"embeddable":true,"href":"https:\/\/agora.xtec.cat\/escolapauvila\/wp-json\/wp\/v2\/comments?post=3252"}],"version-history":[{"count":1,"href":"https:\/\/agora.xtec.cat\/escolapauvila\/wp-json\/wp\/v2\/posts\/3252\/revisions"}],"predecessor-version":[{"id":3254,"href":"https:\/\/agora.xtec.cat\/escolapauvila\/wp-json\/wp\/v2\/posts\/3252\/revisions\/3254"}],"wp:featuredmedia":[{"embeddable":true,"href":"https:\/\/agora.xtec.cat\/escolapauvila\/wp-json\/wp\/v2\/media\/3253"}],"wp:attachment":[{"href":"https:\/\/agora.xtec.cat\/escolapauvila\/wp-json\/wp\/v2\/media?parent=3252"}],"wp:term":[{"taxonomy":"category","embeddable":true,"href":"https:\/\/agora.xtec.cat\/escolapauvila\/wp-json\/wp\/v2\/categories?post=3252"},{"taxonomy":"post_tag","embeddable":true,"href":"https:\/\/agora.xtec.cat\/escolapauvila\/wp-json\/wp\/v2\/tags?post=3252"}],"curies":[{"name":"wp","href":"https:\/\/api.w.org\/{rel}","templated":true}]}}