{"id":3219,"date":"2020-12-24T14:34:11","date_gmt":"2020-12-24T13:34:11","guid":{"rendered":"https:\/\/agora.xtec.cat\/escolapauvila\/?p=3219"},"modified":"2020-12-24T14:40:17","modified_gmt":"2020-12-24T13:40:17","slug":"tanquem-un-trimestre","status":"publish","type":"post","link":"https:\/\/agora.xtec.cat\/escolapauvila\/portada\/tanquem-un-trimestre\/","title":{"rendered":"TANQUEM UN TRIMESTRE"},"content":{"rendered":"<p>Hola a tots\/es!<\/p>\n<p>Revisant les fotografies que tenim, m&#8217;he adonat que hem fet un munt d&#8217;activitats i hem compartit molts moments macos aquest trimestre. Us deixo un <strong>RECULL D&#8217;IMATGES<\/strong> que espero que el gaudiu i que en guardeu un bonic record. \u00a0Nom\u00e9s heu de<strong> clicar el t\u00edtol<\/strong> per entrar a la galeria d&#8217;imatges. Som-hi:<\/p>\n<p>&#8211;<a href=\"https:\/\/photos.app.goo.gl\/mMubFVLBSNbaytQcA\">ARBRE DE NADAL DE L&#8217;ESCOLA<\/a>: Totes les classes vam col\u00b7laborar en la confecci\u00f3 del nostre arbre de nadal pauvilenc. \u00a0 Hav\u00edem d&#8217;escollir una p<a href=\"https:\/\/agora.xtec.cat\/escolapauvila\/wp-content\/uploads\/usu1565\/2020\/12\/CCC21B61-A324-45C4-8D99-EFEB043C52DC.jpeg\"><img loading=\"lazy\" decoding=\"async\" class=\"wp-image-3229 alignleft\" src=\"https:\/\/agora.xtec.cat\/escolapauvila\/wp-content\/uploads\/usu1565\/2020\/12\/CCC21B61-A324-45C4-8D99-EFEB043C52DC-1024x768.jpeg\" alt=\"\" width=\"251\" height=\"188\" srcset=\"https:\/\/agora.xtec.cat\/escolapauvila\/wp-content\/uploads\/usu1565\/2020\/12\/CCC21B61-A324-45C4-8D99-EFEB043C52DC-1024x768.jpeg 1024w, https:\/\/agora.xtec.cat\/escolapauvila\/wp-content\/uploads\/usu1565\/2020\/12\/CCC21B61-A324-45C4-8D99-EFEB043C52DC-300x225.jpeg 300w, https:\/\/agora.xtec.cat\/escolapauvila\/wp-content\/uploads\/usu1565\/2020\/12\/CCC21B61-A324-45C4-8D99-EFEB043C52DC-768x576.jpeg 768w, https:\/\/agora.xtec.cat\/escolapauvila\/wp-content\/uploads\/usu1565\/2020\/12\/CCC21B61-A324-45C4-8D99-EFEB043C52DC-200x150.jpeg 200w\" sizes=\"auto, (max-width: 251px) 100vw, 251px\" \/><\/a>araula que fos significativa per la nostra escola i una sanefa. \u00a0Tot seguit, escriure la paraula i la sanefa en dos llistons de fusta. Si voleu saber qu\u00e8 vam fer a la nostra classe dels officis, cliqueu aquest t\u00edtol!!<\/p>\n<p><a href=\"https:\/\/photos.app.goo.gl\/mMubFVLBSNbaytQcA\">https:\/\/photos.app.goo.gl\/mMubFVLBSNbaytQcA\u00a0<\/a><\/p>\n<p>&nbsp;<\/p>\n<p>&#8211;<a href=\"https:\/\/photos.app.goo.gl\/bHARu346mAhrdwg6A\">ARBRE DELS DESITJOS<\/a>:<a href=\"https:\/\/agora.xtec.cat\/escolapauvila\/wp-content\/uploads\/usu1565\/2020\/12\/935E2E8F-C58D-4911-8F59-A7FC646A7C7E-e1608815327815.jpeg\"><img loading=\"lazy\" decoding=\"async\" class=\"wp-image-3231 alignright\" src=\"https:\/\/agora.xtec.cat\/escolapauvila\/wp-content\/uploads\/usu1565\/2020\/12\/935E2E8F-C58D-4911-8F59-A7FC646A7C7E-e1608815327815-1024x1013.jpeg\" alt=\"\" width=\"211\" height=\"209\" srcset=\"https:\/\/agora.xtec.cat\/escolapauvila\/wp-content\/uploads\/usu1565\/2020\/12\/935E2E8F-C58D-4911-8F59-A7FC646A7C7E-e1608815327815-1024x1013.jpeg 1024w, https:\/\/agora.xtec.cat\/escolapauvila\/wp-content\/uploads\/usu1565\/2020\/12\/935E2E8F-C58D-4911-8F59-A7FC646A7C7E-e1608815327815-150x150.jpeg 150w, https:\/\/agora.xtec.cat\/escolapauvila\/wp-content\/uploads\/usu1565\/2020\/12\/935E2E8F-C58D-4911-8F59-A7FC646A7C7E-e1608815327815-300x297.jpeg 300w, https:\/\/agora.xtec.cat\/escolapauvila\/wp-content\/uploads\/usu1565\/2020\/12\/935E2E8F-C58D-4911-8F59-A7FC646A7C7E-e1608815327815-768x760.jpeg 768w, https:\/\/agora.xtec.cat\/escolapauvila\/wp-content\/uploads\/usu1565\/2020\/12\/935E2E8F-C58D-4911-8F59-A7FC646A7C7E-e1608815327815.jpeg 1640w\" sizes=\"auto, (max-width: 211px) 100vw, 211px\" \/><\/a> Durant un dels \u00faltims dies de classe vam crear el nostre arbre de desitjos. \u00a0Vam estampar les nostres mans amb pintura blanca sobre fons negre. \u00a0A la vegada, vam anar pensant un desig i el vam escriure en papers de colors. \u00a0Per fer la forma, vam agafar tapes de pintura circulars i vam tra\u00e7ar una circumfer\u00e8ncia. \u00a0 Oficis, hi vau posar moltes ganes. \u00a0Jo desitjo que s&#8217;acompleixin els vostres! VOLEU\u00a0VEURE EL RESULTAT?<\/p>\n<p><a href=\"https:\/\/photos.app.goo.gl\/bHARu346mAhrdwg6A\">https:\/\/photos.app.goo.gl\/bHARu346mAhrdwg6A<\/a><\/p>\n<p>&#8211;<a href=\"https:\/\/photos.app.goo.gl\/LBxKf36GNzH6pea19\">TAPA DE L&#8217;\u00c0LBUM<\/a>: Per emportar-nos l&#8217;\u00e0lbum a casa amb totes les tasques que hem anat fent durant el trimestre, hav\u00edem de crear una tapa. \u00a0Aquesta vegada amb bombetes lluents de colors. La Luisana ens va acompanyar en el proc\u00e9s, MOLTES GR\u00c0CIES LUISANA!! \u00a0Van quedar molt boniques, MIREU, MIREU! <a href=\"https:\/\/agora.xtec.cat\/escolapauvila\/wp-content\/uploads\/usu1565\/2020\/12\/535A15A7-C732-4527-9391-2FCD5A2348A4-e1608815558256.jpeg\"><img loading=\"lazy\" decoding=\"async\" class=\"wp-image-3233 alignleft\" src=\"https:\/\/agora.xtec.cat\/escolapauvila\/wp-content\/uploads\/usu1565\/2020\/12\/535A15A7-C732-4527-9391-2FCD5A2348A4-e1608815558256-1024x696.jpeg\" alt=\"\" width=\"281\" height=\"191\" srcset=\"https:\/\/agora.xtec.cat\/escolapauvila\/wp-content\/uploads\/usu1565\/2020\/12\/535A15A7-C732-4527-9391-2FCD5A2348A4-e1608815558256-1024x696.jpeg 1024w, https:\/\/agora.xtec.cat\/escolapauvila\/wp-content\/uploads\/usu1565\/2020\/12\/535A15A7-C732-4527-9391-2FCD5A2348A4-e1608815558256-300x204.jpeg 300w, https:\/\/agora.xtec.cat\/escolapauvila\/wp-content\/uploads\/usu1565\/2020\/12\/535A15A7-C732-4527-9391-2FCD5A2348A4-e1608815558256-768x522.jpeg 768w, https:\/\/agora.xtec.cat\/escolapauvila\/wp-content\/uploads\/usu1565\/2020\/12\/535A15A7-C732-4527-9391-2FCD5A2348A4-e1608815558256.jpeg 1991w\" sizes=\"auto, (max-width: 281px) 100vw, 281px\" \/><\/a><\/p>\n<p><a href=\"https:\/\/photos.app.goo.gl\/LBxKf36GNzH6pea19\">https:\/\/photos.app.goo.gl\/LBxKf36GNzH6pea19<\/a><\/p>\n<p>&nbsp;<\/p>\n<p>&nbsp;<\/p>\n<p>&nbsp;<\/p>\n<p>&#8211;<a href=\"https:\/\/photos.app.goo.gl\/zo2YhaNeAxVj8BzV9\">RACONS D&#8217;ANGL\u00c8S &#8211; CHRISTMAS<\/a>: Durant l&#8217;\u00faltima sessi\u00f3 d&#8217;angl\u00e8s, vam fer racons per con\u00e8ixer i\/o aprofundir en el vocabulari del Nadal. \u00a0La Maria, mestra de castell\u00e0, va estar amb nosaltres. \u00a0Vam fer quatre racons, i cada taula durant un temps va estar gaudint d&#8217;aquell rac\u00f3. Quan passava una estona, canviavem. \u00a0Van funcionar molt b\u00e9! GR\u00c0CIES MARIA!!!\u00a0<a href=\"https:\/\/agora.xtec.cat\/escolapauvila\/wp-content\/uploads\/usu1565\/2020\/12\/0E79F5C1-F230-47B8-9D82-9B84817358C4-e1608815899213.jpeg\"><img loading=\"lazy\" decoding=\"async\" class=\"wp-image-3234 alignright\" src=\"https:\/\/agora.xtec.cat\/escolapauvila\/wp-content\/uploads\/usu1565\/2020\/12\/0E79F5C1-F230-47B8-9D82-9B84817358C4-e1608815899213-966x1024.jpeg\" alt=\"\" width=\"234\" height=\"248\" srcset=\"https:\/\/agora.xtec.cat\/escolapauvila\/wp-content\/uploads\/usu1565\/2020\/12\/0E79F5C1-F230-47B8-9D82-9B84817358C4-e1608815899213-966x1024.jpeg 966w, https:\/\/agora.xtec.cat\/escolapauvila\/wp-content\/uploads\/usu1565\/2020\/12\/0E79F5C1-F230-47B8-9D82-9B84817358C4-e1608815899213-283x300.jpeg 283w, https:\/\/agora.xtec.cat\/escolapauvila\/wp-content\/uploads\/usu1565\/2020\/12\/0E79F5C1-F230-47B8-9D82-9B84817358C4-e1608815899213-768x814.jpeg 768w\" sizes=\"auto, (max-width: 234px) 100vw, 234px\" \/><\/a><\/p>\n<p><a href=\"https:\/\/photos.app.goo.gl\/zo2YhaNeAxVj8BzV9\">https:\/\/photos.app.goo.gl\/zo2YhaNeAxVj8BzV9<\/a><\/p>\n<p>&nbsp;<\/p>\n<p>&nbsp;<\/p>\n<p>&nbsp;<\/p>\n<p>&#8211;<a href=\"https:\/\/photos.app.goo.gl\/sJ8UfcBmVoabgQbL8\">\u00daLTIM DIA DEL PRIMER TRIMESTRE<\/a>:<a href=\"https:\/\/agora.xtec.cat\/escolapauvila\/wp-content\/uploads\/usu1565\/2020\/12\/IMG_20201221_150842-e1608816186786.jpg\"><img loading=\"lazy\" decoding=\"async\" class=\"wp-image-3235 alignright\" src=\"https:\/\/agora.xtec.cat\/escolapauvila\/wp-content\/uploads\/usu1565\/2020\/12\/IMG_20201221_150842-e1608816186786-1024x716.jpg\" alt=\"\" width=\"322\" height=\"225\" srcset=\"https:\/\/agora.xtec.cat\/escolapauvila\/wp-content\/uploads\/usu1565\/2020\/12\/IMG_20201221_150842-e1608816186786-1024x716.jpg 1024w, https:\/\/agora.xtec.cat\/escolapauvila\/wp-content\/uploads\/usu1565\/2020\/12\/IMG_20201221_150842-e1608816186786-300x210.jpg 300w, https:\/\/agora.xtec.cat\/escolapauvila\/wp-content\/uploads\/usu1565\/2020\/12\/IMG_20201221_150842-e1608816186786-768x537.jpg 768w, https:\/\/agora.xtec.cat\/escolapauvila\/wp-content\/uploads\/usu1565\/2020\/12\/IMG_20201221_150842-e1608816186786.jpg 1930w\" sizes=\"auto, (max-width: 322px) 100vw, 322px\" \/><\/a> L&#8217;\u00faltim dia d&#8217;aquest trimestre va ser un no parar!!! \u00a0Est\u00e0vem molt emocionats!!! \u00a0Vam fer un AMIC INVISIBLE. \u00a0Es tractava d&#8217;una postal que hav\u00edem de crear estampant un arbre de Nadal i ditades de colors, a un company\/a que ens havia tocar per sorteig. \u00a0A la mateixa postal hav\u00edem de pensar una frase<br \/>\nbonica per ella\/a.<\/p>\n<p>Tamb\u00e9 vam anar a CAGAR EL TI\u00d3. \u00a0Ens va portar tres LLIBRES i PA AMB XOCOLATA. \u00a0Quina il\u00b7lusi\u00f3 i quins tiberi!!<\/p>\n<p><a href=\"https:\/\/photos.app.goo.gl\/sJ8UfcBmVoabgQbL8\">https:\/\/photos.app.goo.gl\/sJ8UfcBmVoabgQbL8<\/a><\/p>\n<p>&#8211;<a href=\"https:\/\/photos.app.goo.gl\/ubmFZ3sjsq4ccZP28\">COMPARTIM<\/a>: <a href=\"https:\/\/agora.xtec.cat\/escolapauvila\/wp-content\/uploads\/usu1565\/2020\/12\/6DB5797A-DB78-4863-A542-ABE398DC46EB.jpeg\"><img loading=\"lazy\" decoding=\"async\" class=\"wp-image-3236 alignleft\" src=\"https:\/\/agora.xtec.cat\/escolapauvila\/wp-content\/uploads\/usu1565\/2020\/12\/6DB5797A-DB78-4863-A542-ABE398DC46EB-1024x768.jpeg\" alt=\"\" width=\"264\" height=\"198\" srcset=\"https:\/\/agora.xtec.cat\/escolapauvila\/wp-content\/uploads\/usu1565\/2020\/12\/6DB5797A-DB78-4863-A542-ABE398DC46EB-1024x768.jpeg 1024w, https:\/\/agora.xtec.cat\/escolapauvila\/wp-content\/uploads\/usu1565\/2020\/12\/6DB5797A-DB78-4863-A542-ABE398DC46EB-300x225.jpeg 300w, https:\/\/agora.xtec.cat\/escolapauvila\/wp-content\/uploads\/usu1565\/2020\/12\/6DB5797A-DB78-4863-A542-ABE398DC46EB-768x576.jpeg 768w, https:\/\/agora.xtec.cat\/escolapauvila\/wp-content\/uploads\/usu1565\/2020\/12\/6DB5797A-DB78-4863-A542-ABE398DC46EB-200x150.jpeg 200w\" sizes=\"auto, (max-width: 264px) 100vw, 264px\" \/><\/a>Per \u00faltim, us deixem un recull d&#8217;imatges amb tot el que hem compartir durant aquestes \u00faltimes setmanes. MOLTES GR\u00c0CIES NENS\/ES de la classe dels officis per la vostra participaci\u00f3 i ganes!<\/p>\n<p><a href=\"https:\/\/photos.app.goo.gl\/ubmFZ3sjsq4ccZP28\">https:\/\/photos.app.goo.gl\/ubmFZ3sjsq4ccZP28<\/a><\/p>\n<p>&nbsp;<\/p>\n<p>&nbsp;<\/p>\n<p>Una abra\u00e7ada enorme per a tothom!<\/p>\n<p><strong>BON NADAL<\/strong> i els <strong>MILLORS DESITJOS<\/strong> per quests dies i per aquest nou any que aviat vindr\u00e0!<\/p>\n<p style=\"text-align: center;\"><a href=\"https:\/\/agora.xtec.cat\/escolapauvila\/wp-content\/uploads\/usu1565\/2020\/12\/52329266-coraz\u00f3n-verde-amor-del-gr\u00e1fico-de-san-valent\u00edn.jpg\"><img loading=\"lazy\" decoding=\"async\" class=\"alignnone wp-image-3228\" src=\"https:\/\/agora.xtec.cat\/escolapauvila\/wp-content\/uploads\/usu1565\/2020\/12\/52329266-coraz\u00f3n-verde-amor-del-gr\u00e1fico-de-san-valent\u00edn.jpg\" alt=\"\" width=\"327\" height=\"327\" \/><\/a><\/p>\n<p>&nbsp;<\/p>\n<p>&nbsp;<\/p>\n","protected":false},"excerpt":{"rendered":"<p>Hola a tots\/es!<br \/>\nRevisant les fotografies que tenim, m&#8217;he adonat que hem fet un munt d&#8217;activitats i hem compartit molts moments macos aquest trimestre. Us deixo un RECULL D&#8217;IMATGES que espero que el gaudiu i que en guardeu un bonic record. \u00a0Nom\u00e9s heu de clicar el&hellip;  <a href=\"https:\/\/agora.xtec.cat\/escolapauvila\/portada\/tanquem-un-trimestre\/\" title=\"Read TANQUEM UN TRIMESTRE\">Llegeix m\u00e9s\u00bb<\/a><\/p>\n","protected":false},"author":1,"featured_media":3240,"comment_status":"open","ping_status":"closed","sticky":false,"template":"","format":"standard","meta":{"_bbp_topic_count":0,"_bbp_reply_count":0,"_bbp_total_topic_count":0,"_bbp_total_reply_count":0,"_bbp_voice_count":0,"_bbp_anonymous_reply_count":0,"_bbp_topic_count_hidden":0,"_bbp_reply_count_hidden":0,"_bbp_forum_subforum_count":0,"footnotes":""},"categories":[11,5,4],"tags":[82,81],"class_list":["post-3219","post","type-post","status-publish","format-standard","has-post-thumbnail","hentry","category-2n","category-mitjans","category-portada","tag-2c20-21","tag-nascuts2013"],"post_mailing_queue_ids":[],"_links":{"self":[{"href":"https:\/\/agora.xtec.cat\/escolapauvila\/wp-json\/wp\/v2\/posts\/3219","targetHints":{"allow":["GET"]}}],"collection":[{"href":"https:\/\/agora.xtec.cat\/escolapauvila\/wp-json\/wp\/v2\/posts"}],"about":[{"href":"https:\/\/agora.xtec.cat\/escolapauvila\/wp-json\/wp\/v2\/types\/post"}],"author":[{"embeddable":true,"href":"https:\/\/agora.xtec.cat\/escolapauvila\/wp-json\/wp\/v2\/users\/1"}],"replies":[{"embeddable":true,"href":"https:\/\/agora.xtec.cat\/escolapauvila\/wp-json\/wp\/v2\/comments?post=3219"}],"version-history":[{"count":3,"href":"https:\/\/agora.xtec.cat\/escolapauvila\/wp-json\/wp\/v2\/posts\/3219\/revisions"}],"predecessor-version":[{"id":3239,"href":"https:\/\/agora.xtec.cat\/escolapauvila\/wp-json\/wp\/v2\/posts\/3219\/revisions\/3239"}],"wp:featuredmedia":[{"embeddable":true,"href":"https:\/\/agora.xtec.cat\/escolapauvila\/wp-json\/wp\/v2\/media\/3240"}],"wp:attachment":[{"href":"https:\/\/agora.xtec.cat\/escolapauvila\/wp-json\/wp\/v2\/media?parent=3219"}],"wp:term":[{"taxonomy":"category","embeddable":true,"href":"https:\/\/agora.xtec.cat\/escolapauvila\/wp-json\/wp\/v2\/categories?post=3219"},{"taxonomy":"post_tag","embeddable":true,"href":"https:\/\/agora.xtec.cat\/escolapauvila\/wp-json\/wp\/v2\/tags?post=3219"}],"curies":[{"name":"wp","href":"https:\/\/api.w.org\/{rel}","templated":true}]}}