{"id":3137,"date":"2020-12-23T19:10:56","date_gmt":"2020-12-23T18:10:56","guid":{"rendered":"https:\/\/agora.xtec.cat\/escolapauvila\/?p=3137"},"modified":"2020-12-23T19:10:56","modified_gmt":"2020-12-23T18:10:56","slug":"hem-picat-el-tio","status":"publish","type":"post","link":"https:\/\/agora.xtec.cat\/escolapauvila\/petits\/hem-picat-el-tio\/","title":{"rendered":"HEM PICAT EL TI\u00d3!!!"},"content":{"rendered":"<p><a href=\"https:\/\/agora.xtec.cat\/escolapauvila\/wp-content\/uploads\/usu1565\/2020\/12\/IMG_2352.jpg\"><img loading=\"lazy\" decoding=\"async\" class=\"alignright size-large wp-image-3138\" src=\"https:\/\/agora.xtec.cat\/escolapauvila\/wp-content\/uploads\/usu1565\/2020\/12\/IMG_2352-1024x639.jpg\" alt=\"\" width=\"1024\" height=\"639\" srcset=\"https:\/\/agora.xtec.cat\/escolapauvila\/wp-content\/uploads\/usu1565\/2020\/12\/IMG_2352-1024x639.jpg 1024w, https:\/\/agora.xtec.cat\/escolapauvila\/wp-content\/uploads\/usu1565\/2020\/12\/IMG_2352-300x187.jpg 300w, https:\/\/agora.xtec.cat\/escolapauvila\/wp-content\/uploads\/usu1565\/2020\/12\/IMG_2352-768x479.jpg 768w\" sizes=\"auto, (max-width: 1024px) 100vw, 1024px\" \/><\/a><\/p>\n<p>&nbsp;<\/p>\n<p>EL DILLUNS VAM TENIR UNA GRAN ALEGRIA, ENS VAM TROBAR ELS EI5 AL VEST\u00cdBUL AMB TOTES LES MESURES NECESS\u00c0RIES, PER PICAR AL <strong><span style=\"font-size: 24px;\"><span style=\"color: #ff0000;\">T<\/span>I\u00d3<\/span><\/strong>.<\/p>\n<p>LI VAM RECITAR EL POEMA DE <strong><span style=\"font-size: 24px;\"><span style=\"color: #ff0000;\">L<\/span>A <span style=\"color: #ff0000;\">M<\/span>EVA <span style=\"color: #ff0000;\">T<\/span>IONA<\/span><\/strong>, I LI VAM CANTAR LA SEVA CAN\u00c7\u00d3 PREFERIDA.<\/p>\n<p>UN COP VAM PICAR TOTS I TOTES, VAM ANAR MIRANT SOTA LA <strong><span style=\"font-size: 24px;\"><span style=\"color: #ff0000;\">M<\/span>ANTA<\/span><\/strong>, I SORPRESA!!! VAM TROBAR UN BON ESMORZAR: <strong><span style=\"font-size: 24px;\"><span style=\"color: #ff0000;\">P<\/span>A<\/span> <\/strong>AMB <strong><span style=\"font-size: 24px;\"><span style=\"color: #ff0000;\">X<\/span>OCOLATA<\/span><\/strong> I TRES <strong><span style=\"font-size: 24px;\"><span style=\"color: #ff0000;\">C<\/span>ONTES<\/span><\/strong>.<\/p>\n<p>ERA MOLT AVIAT PER ESMORZAR, AIX\u00cd QUE AL CAP D&#8217;UNA ESTONA ENS VAM TORNAR A TROBAR PER ESMORZAR AQUEST <strong><span style=\"font-size: 24px;\"><span style=\"color: #ff0000;\">P<\/span>A<\/span> <\/strong>AMB <strong><span style=\"font-size: 24px;\"><span style=\"color: #ff0000;\">X<\/span>OCOLATA<\/span><\/strong> QUE ESTAVA BON\u00cdSSIM.<\/p>\n<p>CLIQUEU <a href=\"https:\/\/photos.app.goo.gl\/pGxbxZKHqGALUm5UA\">AQU\u00cd<\/a> SI VOLEU VEURE I DESCARREGAR LES FOTOGRAFIES.<\/p>\n<p><a href=\"https:\/\/agora.xtec.cat\/escolapauvila\/wp-content\/uploads\/usu1565\/2020\/12\/D45571A0-C4C4-4A2A-BCB0-06E7423866EF.jpeg\"><img loading=\"lazy\" decoding=\"async\" class=\"alignright size-large wp-image-3159\" src=\"https:\/\/agora.xtec.cat\/escolapauvila\/wp-content\/uploads\/usu1565\/2020\/12\/D45571A0-C4C4-4A2A-BCB0-06E7423866EF-1024x353.jpeg\" alt=\"\" width=\"1024\" height=\"353\" srcset=\"https:\/\/agora.xtec.cat\/escolapauvila\/wp-content\/uploads\/usu1565\/2020\/12\/D45571A0-C4C4-4A2A-BCB0-06E7423866EF-1024x353.jpeg 1024w, https:\/\/agora.xtec.cat\/escolapauvila\/wp-content\/uploads\/usu1565\/2020\/12\/D45571A0-C4C4-4A2A-BCB0-06E7423866EF-300x103.jpeg 300w, https:\/\/agora.xtec.cat\/escolapauvila\/wp-content\/uploads\/usu1565\/2020\/12\/D45571A0-C4C4-4A2A-BCB0-06E7423866EF-768x264.jpeg 768w\" sizes=\"auto, (max-width: 1024px) 100vw, 1024px\" \/><\/a><\/p>\n<p><strong>BON NADAL!<\/strong><\/p>\n<p style=\"text-align: right;\">M\u00cdRIAM, MONTSERRAT, TERESA I SUSANA.<\/p>\n","protected":false},"excerpt":{"rendered":"<p><a href=\"https:\/\/agora.xtec.cat\/escolapauvila\/wp-content\/uploads\/usu1565\/2020\/12\/IMG_2352.jpg\"><\/a><br \/>\n&nbsp;<br \/>\nEL DILLUNS VAM TENIR UNA GRAN ALEGRIA, ENS VAM TROBAR ELS EI5 AL VEST\u00cdBUL AMB TOTES LES MESURES NECESS\u00c0RIES, PER PICAR AL TI\u00d3.<br \/>\nLI VAM RECITAR EL POEMA DE LA MEVA TIONA, I LI VAM CANTAR LA SEVA CAN\u00c7\u00d3 PREFERIDA.<br \/>\nUN COP VAM PICAR TOTS I&hellip;  <a href=\"https:\/\/agora.xtec.cat\/escolapauvila\/petits\/hem-picat-el-tio\/\" title=\"Read HEM PICAT EL TI\u00d3!!!\">Llegeix m\u00e9s\u00bb<\/a><\/p>\n","protected":false},"author":1,"featured_media":3138,"comment_status":"open","ping_status":"closed","sticky":false,"template":"","format":"standard","meta":{"_bbp_topic_count":0,"_bbp_reply_count":0,"_bbp_total_topic_count":0,"_bbp_total_reply_count":0,"_bbp_voice_count":0,"_bbp_anonymous_reply_count":0,"_bbp_topic_count_hidden":0,"_bbp_reply_count_hidden":0,"_bbp_forum_subforum_count":0,"footnotes":""},"categories":[2,9],"tags":[105,106,107,110,112,111,150,108,148],"class_list":["post-3137","post","type-post","status-publish","format-standard","has-post-thumbnail","hentry","category-petits","category-ei5","tag-ei5a20-21","tag-ei5b20-21","tag-ei5c20-21","tag-la-classe-del-mar","tag-la-classe-dels-cuiners-i-de-les-cuineres","tag-la-classe-dels-princeps-i-les-princeses","tag-nadal","tag-nascuts2015","tag-tio"],"post_mailing_queue_ids":[],"_links":{"self":[{"href":"https:\/\/agora.xtec.cat\/escolapauvila\/wp-json\/wp\/v2\/posts\/3137","targetHints":{"allow":["GET"]}}],"collection":[{"href":"https:\/\/agora.xtec.cat\/escolapauvila\/wp-json\/wp\/v2\/posts"}],"about":[{"href":"https:\/\/agora.xtec.cat\/escolapauvila\/wp-json\/wp\/v2\/types\/post"}],"author":[{"embeddable":true,"href":"https:\/\/agora.xtec.cat\/escolapauvila\/wp-json\/wp\/v2\/users\/1"}],"replies":[{"embeddable":true,"href":"https:\/\/agora.xtec.cat\/escolapauvila\/wp-json\/wp\/v2\/comments?post=3137"}],"version-history":[{"count":3,"href":"https:\/\/agora.xtec.cat\/escolapauvila\/wp-json\/wp\/v2\/posts\/3137\/revisions"}],"predecessor-version":[{"id":3212,"href":"https:\/\/agora.xtec.cat\/escolapauvila\/wp-json\/wp\/v2\/posts\/3137\/revisions\/3212"}],"wp:featuredmedia":[{"embeddable":true,"href":"https:\/\/agora.xtec.cat\/escolapauvila\/wp-json\/wp\/v2\/media\/3138"}],"wp:attachment":[{"href":"https:\/\/agora.xtec.cat\/escolapauvila\/wp-json\/wp\/v2\/media?parent=3137"}],"wp:term":[{"taxonomy":"category","embeddable":true,"href":"https:\/\/agora.xtec.cat\/escolapauvila\/wp-json\/wp\/v2\/categories?post=3137"},{"taxonomy":"post_tag","embeddable":true,"href":"https:\/\/agora.xtec.cat\/escolapauvila\/wp-json\/wp\/v2\/tags?post=3137"}],"curies":[{"name":"wp","href":"https:\/\/api.w.org\/{rel}","templated":true}]}}