{"id":3002,"date":"2020-12-18T18:37:04","date_gmt":"2020-12-18T17:37:04","guid":{"rendered":"https:\/\/agora.xtec.cat\/escolapauvila\/?p=3002"},"modified":"2020-12-20T11:45:31","modified_gmt":"2020-12-20T10:45:31","slug":"dissenyem-i-confeccionem-la-nostra-porta","status":"publish","type":"post","link":"https:\/\/agora.xtec.cat\/escolapauvila\/mitjans\/dissenyem-i-confeccionem-la-nostra-porta\/","title":{"rendered":"DISSENYEM I CONFECCIONEM LA NOSTRA PORTA."},"content":{"rendered":"<p>JA FA SETMANES QUE TENIM LA NOSTRA <strong>PORTA<\/strong> ENLLESTIDA, PER\u00d2 ENCARA NO HAVIA PUBLICAT CAP NOT\u00cdCIA PER COMPARTIR-HO AMB LES FAM\u00cdLIES, AIX\u00cd QUE AQUESTA ENTRADA VA DEDICADA A EXPLICAR-VOS COM L&#8217;HEM FET.<\/p>\n<p>UNA DE LES ACTIVITATS DE CAP DE SETMANA VA SER QUE CADA INFANT HAVIA DE FER UN <strong>DIBUIX<\/strong> AMB UNA PROPOSTA DE DISSENY DE LA PORTA. DILLUNS AL MAT\u00cd, VAM COMPARTIR-HO AMB TOT EL GRUP-CLASSE.<\/p>\n<p><a href=\"https:\/\/agora.xtec.cat\/escolapauvila\/wp-content\/uploads\/usu1565\/2020\/12\/IMG_20201019_093633.jpg\"><img loading=\"lazy\" decoding=\"async\" class=\" wp-image-3004\" src=\"https:\/\/agora.xtec.cat\/escolapauvila\/wp-content\/uploads\/usu1565\/2020\/12\/IMG_20201019_093633-768x1024.jpg\" alt=\"\" width=\"218\" height=\"291\" srcset=\"https:\/\/agora.xtec.cat\/escolapauvila\/wp-content\/uploads\/usu1565\/2020\/12\/IMG_20201019_093633-768x1024.jpg 768w, https:\/\/agora.xtec.cat\/escolapauvila\/wp-content\/uploads\/usu1565\/2020\/12\/IMG_20201019_093633-225x300.jpg 225w\" sizes=\"auto, (max-width: 218px) 100vw, 218px\" \/><\/a><\/p>\n<p>TOT SEGUIT, \u00a0ENS POSEM D&#8217;ACORD AMB LES IDEES QUE M\u00c9S ENS AGRADEN, AMB EL <strong>CONSENTIMENT<\/strong> DE TOT EL GRUP-CLASSE I HO APUNTEM A LA PISSARRA VILEDA.<\/p>\n<p>&nbsp;<\/p>\n<p>&nbsp;<\/p>\n<p>&nbsp;<\/p>\n<p>&nbsp;<\/p>\n<p>&nbsp;<\/p>\n<p>EN UN ALTRE MOMENT, ENS ORGANITZEM EN PETITS GRUPS I CADASCUN S&#8217;OCUPA DE FER ELS <strong>ELEMENTS<\/strong> QUE HEM ACORDAT AMB DIVERSOS <strong>MATERIALS<\/strong>: CORDILL, CARTR\u00d3, C\u00c0PSULES DE CAF\u00c8, CARTOLINES, PEDRES, DIFERENTS TIPUS DE PAPERS, NETEJA-PIPES,&#8230;<\/p>\n<p><a href=\"https:\/\/agora.xtec.cat\/escolapauvila\/wp-content\/uploads\/usu1565\/2020\/12\/IMG_20201023_154418.jpg\"><img loading=\"lazy\" decoding=\"async\" class=\" wp-image-3006\" src=\"https:\/\/agora.xtec.cat\/escolapauvila\/wp-content\/uploads\/usu1565\/2020\/12\/IMG_20201023_154418-1024x768.jpg\" alt=\"\" width=\"598\" height=\"449\" srcset=\"https:\/\/agora.xtec.cat\/escolapauvila\/wp-content\/uploads\/usu1565\/2020\/12\/IMG_20201023_154418-1024x768.jpg 1024w, https:\/\/agora.xtec.cat\/escolapauvila\/wp-content\/uploads\/usu1565\/2020\/12\/IMG_20201023_154418-300x225.jpg 300w, https:\/\/agora.xtec.cat\/escolapauvila\/wp-content\/uploads\/usu1565\/2020\/12\/IMG_20201023_154418-768x576.jpg 768w, https:\/\/agora.xtec.cat\/escolapauvila\/wp-content\/uploads\/usu1565\/2020\/12\/IMG_20201023_154418-200x150.jpg 200w\" sizes=\"auto, (max-width: 598px) 100vw, 598px\" \/><\/a><\/p>\n<p>MESUREM LA PORTA PER SABER LA MIDA A LA QUE HEM DE TALLAR EL PAPER D&#8217;EMBALAR. FEM \u00daS DE LA <strong>CINTA M\u00c8TRICA<\/strong> PER MESURAR I DEL <strong>REGLE<\/strong> PER FER LA L\u00cdNIA RECTA AL PAPER PER PODER-LO RETALLAR DESPR\u00c9S.<\/p>\n\n\t\t<style type=\"text\/css\">\n\t\t\t#gallery-1 {\n\t\t\t\tmargin: auto;\n\t\t\t}\n\t\t\t#gallery-1 .gallery-item {\n\t\t\t\tfloat: left;\n\t\t\t\tmargin-top: 10px;\n\t\t\t\ttext-align: center;\n\t\t\t\twidth: 50%;\n\t\t\t}\n\t\t\t#gallery-1 img {\n\t\t\t\tborder: 2px solid #cfcfcf;\n\t\t\t}\n\t\t\t#gallery-1 .gallery-caption {\n\t\t\t\tmargin-left: 0;\n\t\t\t}\n\t\t\t\/* see gallery_shortcode() in wp-includes\/media.php *\/\n\t\t<\/style>\n\t\t<div id='gallery-1' class='gallery galleryid-3002 gallery-columns-2 gallery-size-large'><dl class='gallery-item'>\n\t\t\t<dt class='gallery-icon landscape'>\n\t\t\t\t<a href='https:\/\/agora.xtec.cat\/escolapauvila\/mitjans\/dissenyem-i-confeccionem-la-nostra-porta\/attachment\/bty-52\/'><img loading=\"lazy\" decoding=\"async\" width=\"1024\" height=\"768\" src=\"https:\/\/agora.xtec.cat\/escolapauvila\/wp-content\/uploads\/usu1565\/2020\/12\/IMG_20201027_121019-1024x768.jpg\" class=\"attachment-large size-large\" alt=\"\" srcset=\"https:\/\/agora.xtec.cat\/escolapauvila\/wp-content\/uploads\/usu1565\/2020\/12\/IMG_20201027_121019-1024x768.jpg 1024w, https:\/\/agora.xtec.cat\/escolapauvila\/wp-content\/uploads\/usu1565\/2020\/12\/IMG_20201027_121019-300x225.jpg 300w, https:\/\/agora.xtec.cat\/escolapauvila\/wp-content\/uploads\/usu1565\/2020\/12\/IMG_20201027_121019-768x576.jpg 768w, https:\/\/agora.xtec.cat\/escolapauvila\/wp-content\/uploads\/usu1565\/2020\/12\/IMG_20201027_121019-200x150.jpg 200w\" sizes=\"auto, (max-width: 1024px) 100vw, 1024px\" \/><\/a>\n\t\t\t<\/dt><\/dl><dl class='gallery-item'>\n\t\t\t<dt class='gallery-icon landscape'>\n\t\t\t\t<a href='https:\/\/agora.xtec.cat\/escolapauvila\/mitjans\/dissenyem-i-confeccionem-la-nostra-porta\/attachment\/bty-56\/'><img loading=\"lazy\" decoding=\"async\" width=\"1024\" height=\"768\" src=\"https:\/\/agora.xtec.cat\/escolapauvila\/wp-content\/uploads\/usu1565\/2020\/12\/IMG_20201027_121347-1-1024x768.jpg\" class=\"attachment-large size-large\" alt=\"\" srcset=\"https:\/\/agora.xtec.cat\/escolapauvila\/wp-content\/uploads\/usu1565\/2020\/12\/IMG_20201027_121347-1-1024x768.jpg 1024w, https:\/\/agora.xtec.cat\/escolapauvila\/wp-content\/uploads\/usu1565\/2020\/12\/IMG_20201027_121347-1-300x225.jpg 300w, https:\/\/agora.xtec.cat\/escolapauvila\/wp-content\/uploads\/usu1565\/2020\/12\/IMG_20201027_121347-1-768x576.jpg 768w, https:\/\/agora.xtec.cat\/escolapauvila\/wp-content\/uploads\/usu1565\/2020\/12\/IMG_20201027_121347-1-200x150.jpg 200w\" sizes=\"auto, (max-width: 1024px) 100vw, 1024px\" \/><\/a>\n\t\t\t<\/dt><\/dl><br style=\"clear: both\" \/>\n\t\t<\/div>\n\n<p>COM A PROPOSTA SORGEIX QUE CADASC\u00da ES DISFRESSI D&#8217;ALGUN <strong>PERSONATGE IMPORTANT<\/strong> DE LA HIST\u00d2RIA I ES FACI UNA FOTO A CASA SEVA. AIX\u00cd QUE CADASC\u00da VA PENJAR LA SEVA FOTOGRAFIES AL <strong>CLASSROOM<\/strong>!<\/p>\n<p>QUAN TOTHOM JA LES HA PENJAT, LES IMPRIMIM I LES ANEM COL\u00b7LOCANT AL PAPER D&#8217;EMBALAR JUNTAMENT AMB ELS DIFERENTS ELEMENTS QUE HEM FET PER DECORAR LA NOSTRA PORTA.<\/p>\n<p>HO ENGANXEM TOT I FEM UNES PINZELLADES AMB <strong>AQUAREL\u00b7LA<\/strong><em>.<\/em><\/p>\n\n\t\t<style type=\"text\/css\">\n\t\t\t#gallery-2 {\n\t\t\t\tmargin: auto;\n\t\t\t}\n\t\t\t#gallery-2 .gallery-item {\n\t\t\t\tfloat: left;\n\t\t\t\tmargin-top: 10px;\n\t\t\t\ttext-align: center;\n\t\t\t\twidth: 50%;\n\t\t\t}\n\t\t\t#gallery-2 img {\n\t\t\t\tborder: 2px solid #cfcfcf;\n\t\t\t}\n\t\t\t#gallery-2 .gallery-caption {\n\t\t\t\tmargin-left: 0;\n\t\t\t}\n\t\t\t\/* see gallery_shortcode() in wp-includes\/media.php *\/\n\t\t<\/style>\n\t\t<div id='gallery-2' class='gallery galleryid-3002 gallery-columns-2 gallery-size-large'><dl class='gallery-item'>\n\t\t\t<dt class='gallery-icon portrait'>\n\t\t\t\t<a href='https:\/\/agora.xtec.cat\/escolapauvila\/mitjans\/dissenyem-i-confeccionem-la-nostra-porta\/attachment\/bty-54\/'><img loading=\"lazy\" decoding=\"async\" width=\"768\" height=\"1024\" src=\"https:\/\/agora.xtec.cat\/escolapauvila\/wp-content\/uploads\/usu1565\/2020\/12\/IMG_20201103_161254-768x1024.jpg\" class=\"attachment-large size-large\" alt=\"\" srcset=\"https:\/\/agora.xtec.cat\/escolapauvila\/wp-content\/uploads\/usu1565\/2020\/12\/IMG_20201103_161254-768x1024.jpg 768w, https:\/\/agora.xtec.cat\/escolapauvila\/wp-content\/uploads\/usu1565\/2020\/12\/IMG_20201103_161254-225x300.jpg 225w\" sizes=\"auto, (max-width: 768px) 100vw, 768px\" \/><\/a>\n\t\t\t<\/dt><\/dl><dl class='gallery-item'>\n\t\t\t<dt class='gallery-icon landscape'>\n\t\t\t\t<a href='https:\/\/agora.xtec.cat\/escolapauvila\/mitjans\/dissenyem-i-confeccionem-la-nostra-porta\/attachment\/bty-55\/'><img loading=\"lazy\" decoding=\"async\" width=\"1024\" height=\"768\" src=\"https:\/\/agora.xtec.cat\/escolapauvila\/wp-content\/uploads\/usu1565\/2020\/12\/IMG_20201105_112512-1024x768.jpg\" class=\"attachment-large size-large\" alt=\"\" srcset=\"https:\/\/agora.xtec.cat\/escolapauvila\/wp-content\/uploads\/usu1565\/2020\/12\/IMG_20201105_112512-1024x768.jpg 1024w, https:\/\/agora.xtec.cat\/escolapauvila\/wp-content\/uploads\/usu1565\/2020\/12\/IMG_20201105_112512-300x225.jpg 300w, https:\/\/agora.xtec.cat\/escolapauvila\/wp-content\/uploads\/usu1565\/2020\/12\/IMG_20201105_112512-768x576.jpg 768w, https:\/\/agora.xtec.cat\/escolapauvila\/wp-content\/uploads\/usu1565\/2020\/12\/IMG_20201105_112512-200x150.jpg 200w\" sizes=\"auto, (max-width: 1024px) 100vw, 1024px\" \/><\/a>\n\t\t\t<\/dt><\/dl><br style=\"clear: both\" \/>\n\t\t<\/div>\n\n<p>I TATATXAN!!!!!<\/p>\n<p>JA TENIM LA PORTA ENLLESTIDA!!!!<\/p>\n<p>HA ESTAT UN PROC\u00c9S <strong>ENRIQUIDOR<\/strong>, DE <strong>TREBALL COOPERATIU<\/strong> I MOLT <strong>CREATIU<\/strong>!<\/p>\n<p><a href=\"https:\/\/agora.xtec.cat\/escolapauvila\/wp-content\/uploads\/usu1565\/2020\/12\/IMG_20201106_163653.jpg\"><img loading=\"lazy\" decoding=\"async\" class=\" wp-image-3015\" src=\"https:\/\/agora.xtec.cat\/escolapauvila\/wp-content\/uploads\/usu1565\/2020\/12\/IMG_20201106_163653-768x1024.jpg\" alt=\"\" width=\"437\" height=\"582\" srcset=\"https:\/\/agora.xtec.cat\/escolapauvila\/wp-content\/uploads\/usu1565\/2020\/12\/IMG_20201106_163653-768x1024.jpg 768w, https:\/\/agora.xtec.cat\/escolapauvila\/wp-content\/uploads\/usu1565\/2020\/12\/IMG_20201106_163653-225x300.jpg 225w\" sizes=\"auto, (max-width: 437px) 100vw, 437px\" \/><\/a><\/p>\n<p>&nbsp;<\/p>\n<p>I AQU\u00cd ENS TENIU, A TOTA LA CLASSE DE LA HIST\u00d2RIA, DAVANT LA NOSTRA PORTA!!<\/p>\n<p><a style=\"font-weight: bold; font-family: inherit; font-size: 1em;\" href=\"https:\/\/agora.xtec.cat\/escolapauvila\/wp-content\/uploads\/usu1565\/2020\/12\/IMG_20201216_113244.jpg\"><img loading=\"lazy\" decoding=\"async\" class=\" wp-image-3011\" src=\"https:\/\/agora.xtec.cat\/escolapauvila\/wp-content\/uploads\/usu1565\/2020\/12\/IMG_20201216_113244-768x1024.jpg\" alt=\"\" width=\"536\" height=\"715\" srcset=\"https:\/\/agora.xtec.cat\/escolapauvila\/wp-content\/uploads\/usu1565\/2020\/12\/IMG_20201216_113244-768x1024.jpg 768w, https:\/\/agora.xtec.cat\/escolapauvila\/wp-content\/uploads\/usu1565\/2020\/12\/IMG_20201216_113244-225x300.jpg 225w\" sizes=\"auto, (max-width: 536px) 100vw, 536px\" \/><\/a><\/p>\n<p><a href=\"https:\/\/photos.app.goo.gl\/cEZYyqCjmXQSLVSD6\">CLIQUEU AQU\u00cd<\/a> PER SI VOLEU VEURE M\u00c9S FOTOGRAFIES DE TOT EL PROC\u00c9S DE DISSENY I CONFECCI\u00d3 DE LA NOSTRA PORTA.<\/p>\n<p><!-- [if gte vml 1]><v:shapetype id=\"_x0000_t75\" coordsize=\"21600,21600\" o:spt=\"75\" o:preferrelative=\"t\" path=\"m@4@5l@4@11@9@11@9@5xe\" filled=\"f\" stroked=\"f\">\n<v:stroke joinstyle=\"miter\"\/>\n<v:formulas>\n<v:f eqn=\"if lineDrawn pixelLineWidth 0\"\/>\n<v:f eqn=\"sum @0 1 0\"\/>\n<v:f eqn=\"sum 0 0 @1\"\/>\n<v:f eqn=\"prod @2 1 2\"\/>\n<v:f eqn=\"prod @3 21600 pixelWidth\"\/>\n<v:f eqn=\"prod @3 21600 pixelHeight\"\/>\n<v:f eqn=\"sum @0 0 1\"\/>\n<v:f eqn=\"prod @6 1 2\"\/>\n<v:f eqn=\"prod @7 21600 pixelWidth\"\/>\n<v:f eqn=\"sum @8 21600 0\"\/>\n<v:f eqn=\"prod @7 21600 pixelHeight\"\/>\n<v:f eqn=\"sum @10 21600 0\"\/>\n<\/v:formulas>\n<v:path o:extrusionok=\"f\" gradientshapeok=\"t\" o:connecttype=\"rect\"\/>\n<o:lock v:ext=\"edit\" aspectratio=\"t\"\/>\n<\/v:shapetype><v:shape id=\"Imagen_x0020_1\" o:spid=\"_x0000_s1026\" type=\"#_x0000_t75\" style='position:absolute;margin-left:81.45pt;margin-top:208.5pt;width:118.3pt; height:164.9pt;rotation:-223450fd;z-index:-1;visibility:visible' wrapcoords=\"17464 -105 539 -1153 -685 7840 -1680 20421 -1808 21207 639 21417 3086 21626 18952 22386 18989 22189 20888 22360 21929 16118 22148 13171 22175 12974 22394 10021 22431 9831 22641 6877 22677 6680 22896 3733 22924 3537 23143 589 23170 393 17464 -105\" stroked=\"t\" strokecolor=\"windowText\" strokeweight=\"1.5pt\">\n<v:imagedata src=\"file:\/\/\/C:\\Users\\DLIA~1\\AppData\\Local\\Temp\\msohtmlclip1\\01\\clip_image001.png\" o:title=\"\" croptop=\"10808f\" cropbottom=\"14639f\" cropleft=\"26350f\" cropright=\"23065f\"\/>\n<w:wrap type=\"tight\"\/>\n<\/v:shape><![endif]--><!-- [if !vml]--><\/p>\n<p><!--[endif]--><\/p>\n","protected":false},"excerpt":{"rendered":"<p>JA FA SETMANES QUE TENIM LA NOSTRA PORTA ENLLESTIDA, PER\u00d2 ENCARA NO HAVIA PUBLICAT CAP NOT\u00cdCIA PER COMPARTIR-HO AMB LES FAM\u00cdLIES, AIX\u00cd QUE AQUESTA ENTRADA VA DEDICADA A EXPLICAR-VOS COM L&#8217;HEM FET.<br \/>\nUNA DE LES ACTIVITATS DE CAP DE SETMANA VA SER QUE CADA INFANT HAVIA&hellip;  <a href=\"https:\/\/agora.xtec.cat\/escolapauvila\/mitjans\/dissenyem-i-confeccionem-la-nostra-porta\/\" title=\"Read DISSENYEM I CONFECCIONEM LA NOSTRA PORTA.\">Llegeix m\u00e9s\u00bb<\/a><\/p>\n","protected":false},"author":1,"featured_media":3010,"comment_status":"open","ping_status":"closed","sticky":false,"template":"","format":"standard","meta":{"_bbp_topic_count":0,"_bbp_reply_count":0,"_bbp_total_topic_count":0,"_bbp_total_reply_count":0,"_bbp_voice_count":0,"_bbp_anonymous_reply_count":0,"_bbp_topic_count_hidden":0,"_bbp_reply_count_hidden":0,"_bbp_forum_subforum_count":0,"footnotes":""},"categories":[11,5],"tags":[86,81],"class_list":["post-3002","post","type-post","status-publish","format-standard","has-post-thumbnail","hentry","category-2n","category-mitjans","tag-2a20-21","tag-nascuts2013"],"post_mailing_queue_ids":[],"_links":{"self":[{"href":"https:\/\/agora.xtec.cat\/escolapauvila\/wp-json\/wp\/v2\/posts\/3002","targetHints":{"allow":["GET"]}}],"collection":[{"href":"https:\/\/agora.xtec.cat\/escolapauvila\/wp-json\/wp\/v2\/posts"}],"about":[{"href":"https:\/\/agora.xtec.cat\/escolapauvila\/wp-json\/wp\/v2\/types\/post"}],"author":[{"embeddable":true,"href":"https:\/\/agora.xtec.cat\/escolapauvila\/wp-json\/wp\/v2\/users\/1"}],"replies":[{"embeddable":true,"href":"https:\/\/agora.xtec.cat\/escolapauvila\/wp-json\/wp\/v2\/comments?post=3002"}],"version-history":[{"count":3,"href":"https:\/\/agora.xtec.cat\/escolapauvila\/wp-json\/wp\/v2\/posts\/3002\/revisions"}],"predecessor-version":[{"id":3049,"href":"https:\/\/agora.xtec.cat\/escolapauvila\/wp-json\/wp\/v2\/posts\/3002\/revisions\/3049"}],"wp:featuredmedia":[{"embeddable":true,"href":"https:\/\/agora.xtec.cat\/escolapauvila\/wp-json\/wp\/v2\/media\/3010"}],"wp:attachment":[{"href":"https:\/\/agora.xtec.cat\/escolapauvila\/wp-json\/wp\/v2\/media?parent=3002"}],"wp:term":[{"taxonomy":"category","embeddable":true,"href":"https:\/\/agora.xtec.cat\/escolapauvila\/wp-json\/wp\/v2\/categories?post=3002"},{"taxonomy":"post_tag","embeddable":true,"href":"https:\/\/agora.xtec.cat\/escolapauvila\/wp-json\/wp\/v2\/tags?post=3002"}],"curies":[{"name":"wp","href":"https:\/\/api.w.org\/{rel}","templated":true}]}}