{"id":2974,"date":"2020-12-21T12:29:48","date_gmt":"2020-12-21T11:29:48","guid":{"rendered":"https:\/\/agora.xtec.cat\/escolapauvila\/?p=2974"},"modified":"2020-12-21T12:29:48","modified_gmt":"2020-12-21T11:29:48","slug":"la-portada-de-lalbum","status":"publish","type":"post","link":"https:\/\/agora.xtec.cat\/escolapauvila\/general\/la-portada-de-lalbum\/","title":{"rendered":"La portada de l&#8217;\u00e0lbum"},"content":{"rendered":"<p>El dia 16\/12 vam fer la portada de l&#8217;\u00e0lbum. A primera hora del mat\u00ed, la Paola\u00a0 ens va ense\u00f1ar uns exmples de el que far\u00edem. Ens va donar una cartolina negra i tamb\u00e9 va portar-nos pintura i ens va esplicar qu\u00e8 era el cercle cromatic. Un cercle crom\u00e0tic \u00e9s un cercle on hi ha tres colors anomenats &#8220;colors prim\u00e0ris&#8221; i s\u00f3n el groc, blau i masenta. Gr\u00e0cias a la barreja d&#8217;aquests colors, pots aconseguir-ne d&#8217;altres.<\/p>\n<p>La portada consistia en fer quatre franges d&#8217;un mateix color per\u00f2 cada franja d&#8217;una tonalitat diferent. Despr\u00e9s del pati, quan ja estava\u00a0 sec el full, vam dibuixar un arbre a cada franja amb color blanc i per \u00faltim, el que vam fer va ser pintar puntets petits de blanc com si fos neu.<\/p>\n<p>Us deixem unes fotogfrafies perqu\u00e8 observeu com ho vam dur a terme!<\/p>\n<p>&nbsp;<\/p>\n<p><a href=\"https:\/\/agora.xtec.cat\/escolapauvila\/wp-content\/uploads\/usu1565\/2020\/12\/Pink-and-Terracotta-Collage-Singles-Awareness-Valentines-Day-Photo-Collage-1.jpg\"><img loading=\"lazy\" decoding=\"async\" class=\"alignnone size-medium wp-image-3125\" src=\"https:\/\/agora.xtec.cat\/escolapauvila\/wp-content\/uploads\/usu1565\/2020\/12\/Pink-and-Terracotta-Collage-Singles-Awareness-Valentines-Day-Photo-Collage-1-300x240.jpg\" alt=\"\" width=\"300\" height=\"240\" srcset=\"https:\/\/agora.xtec.cat\/escolapauvila\/wp-content\/uploads\/usu1565\/2020\/12\/Pink-and-Terracotta-Collage-Singles-Awareness-Valentines-Day-Photo-Collage-1-300x240.jpg 300w, https:\/\/agora.xtec.cat\/escolapauvila\/wp-content\/uploads\/usu1565\/2020\/12\/Pink-and-Terracotta-Collage-Singles-Awareness-Valentines-Day-Photo-Collage-1-768x614.jpg 768w, https:\/\/agora.xtec.cat\/escolapauvila\/wp-content\/uploads\/usu1565\/2020\/12\/Pink-and-Terracotta-Collage-Singles-Awareness-Valentines-Day-Photo-Collage-1-1024x819.jpg 1024w, https:\/\/agora.xtec.cat\/escolapauvila\/wp-content\/uploads\/usu1565\/2020\/12\/Pink-and-Terracotta-Collage-Singles-Awareness-Valentines-Day-Photo-Collage-1.jpg 2000w\" sizes=\"auto, (max-width: 300px) 100vw, 300px\" \/><\/a><\/p>\n<p>&nbsp;<\/p>\n<p>&nbsp;<\/p>\n","protected":false},"excerpt":{"rendered":"<p>El dia 16\/12 vam fer la portada de l&#8217;\u00e0lbum. A primera hora del mat\u00ed, la Paola\u00a0 ens va ense\u00f1ar uns exmples de el que far\u00edem. Ens va donar una cartolina negra i tamb\u00e9 va portar-nos pintura i ens va esplicar qu\u00e8 era el cercle cromatic.&hellip;  <a href=\"https:\/\/agora.xtec.cat\/escolapauvila\/general\/la-portada-de-lalbum\/\" title=\"Read La portada de l&#8217;\u00e0lbum\">Llegeix m\u00e9s\u00bb<\/a><\/p>\n","protected":false},"author":1,"featured_media":0,"comment_status":"open","ping_status":"closed","sticky":false,"template":"","format":"standard","meta":{"_bbp_topic_count":0,"_bbp_reply_count":0,"_bbp_total_topic_count":0,"_bbp_total_reply_count":0,"_bbp_voice_count":0,"_bbp_anonymous_reply_count":0,"_bbp_topic_count_hidden":0,"_bbp_reply_count_hidden":0,"_bbp_forum_subforum_count":0,"footnotes":""},"categories":[15,61,1],"tags":[154,93],"class_list":["post-2974","post","type-post","status-publish","format-standard","hentry","category-6e","category-grans","category-general","tag-6ec","tag-nascuts2009"],"post_mailing_queue_ids":[],"_links":{"self":[{"href":"https:\/\/agora.xtec.cat\/escolapauvila\/wp-json\/wp\/v2\/posts\/2974","targetHints":{"allow":["GET"]}}],"collection":[{"href":"https:\/\/agora.xtec.cat\/escolapauvila\/wp-json\/wp\/v2\/posts"}],"about":[{"href":"https:\/\/agora.xtec.cat\/escolapauvila\/wp-json\/wp\/v2\/types\/post"}],"author":[{"embeddable":true,"href":"https:\/\/agora.xtec.cat\/escolapauvila\/wp-json\/wp\/v2\/users\/1"}],"replies":[{"embeddable":true,"href":"https:\/\/agora.xtec.cat\/escolapauvila\/wp-json\/wp\/v2\/comments?post=2974"}],"version-history":[{"count":1,"href":"https:\/\/agora.xtec.cat\/escolapauvila\/wp-json\/wp\/v2\/posts\/2974\/revisions"}],"predecessor-version":[{"id":3126,"href":"https:\/\/agora.xtec.cat\/escolapauvila\/wp-json\/wp\/v2\/posts\/2974\/revisions\/3126"}],"wp:attachment":[{"href":"https:\/\/agora.xtec.cat\/escolapauvila\/wp-json\/wp\/v2\/media?parent=2974"}],"wp:term":[{"taxonomy":"category","embeddable":true,"href":"https:\/\/agora.xtec.cat\/escolapauvila\/wp-json\/wp\/v2\/categories?post=2974"},{"taxonomy":"post_tag","embeddable":true,"href":"https:\/\/agora.xtec.cat\/escolapauvila\/wp-json\/wp\/v2\/tags?post=2974"}],"curies":[{"name":"wp","href":"https:\/\/api.w.org\/{rel}","templated":true}]}}