{"id":2962,"date":"2020-12-19T22:26:24","date_gmt":"2020-12-19T21:26:24","guid":{"rendered":"https:\/\/agora.xtec.cat\/escolapauvila\/?p=2962"},"modified":"2020-12-19T22:30:41","modified_gmt":"2020-12-19T21:30:41","slug":"amb-el-cor-a-la-ma","status":"publish","type":"post","link":"https:\/\/agora.xtec.cat\/escolapauvila\/grans\/5e\/amb-el-cor-a-la-ma\/","title":{"rendered":"Amb el cor a la m\u00e0!!!"},"content":{"rendered":"<p>Doncs s\u00ed, podem dir que els companys i companyes de 5\u00e8 hem tingut el cor a la m\u00e0. Per acabar l&#8217;estudi de l&#8217;aparell circulatori,<\/p>\n<p><img loading=\"lazy\" decoding=\"async\" class=\"alignright wp-image-3065 size-medium\" src=\"https:\/\/agora.xtec.cat\/escolapauvila\/wp-content\/uploads\/usu1565\/2020\/12\/cor-225x300.jpg\" alt=\"\" width=\"225\" height=\"300\" srcset=\"https:\/\/agora.xtec.cat\/escolapauvila\/wp-content\/uploads\/usu1565\/2020\/12\/cor-225x300.jpg 225w, https:\/\/agora.xtec.cat\/escolapauvila\/wp-content\/uploads\/usu1565\/2020\/12\/cor.jpg 510w\" sizes=\"auto, (max-width: 225px) 100vw, 225px\" \/><\/p>\n<p>Hem realitzat la dissecci\u00f3 d&#8217;un cor de porc. Ens ha sorpr\u00e8s la grand\u00e0ria, el pes i el gruix de les parets del cor. Tamb\u00e9 hem vist clarament que es tracta d&#8217;un m\u00fascul, i per \u00faltim hem vist que les v\u00e0lvules s\u00f3n com uns filets molt forts.<\/p>\n<p>Si voleu veure imatges de la dissecci\u00f3 a tots els grups de cinqu\u00e8, nom\u00e9s heu de fer clic als enlla\u00e7os d&#8217;aqu\u00ed a baix.<\/p>\n<p><a href=\"https:\/\/photos.app.goo.gl\/BKYshLBNfmAWgfru5\">5\u00e8A<\/a><\/p>\n<p><a href=\"https:\/\/photos.app.goo.gl\/NvadaUCmGaEt5fYj8\">5\u00e8B<\/a><\/p>\n<p><a href=\"https:\/\/photos.app.goo.gl\/WXEXBSqYma3j5YXY6\">5\u00e8C<\/a><\/p>\n<p>&nbsp;<\/p>\n","protected":false},"excerpt":{"rendered":"<p>Doncs s\u00ed, podem dir que els companys i companyes de 5\u00e8 hem tingut el cor a la m\u00e0. Per acabar l&#8217;estudi de l&#8217;aparell circulatori,<\/p>\n<p>Hem realitzat la dissecci\u00f3 d&#8217;un cor de porc. Ens ha sorpr\u00e8s la grand\u00e0ria, el pes i el gruix de les parets del&hellip;  <a href=\"https:\/\/agora.xtec.cat\/escolapauvila\/grans\/5e\/amb-el-cor-a-la-ma\/\" title=\"Read Amb el cor a la m\u00e0!!!\">Llegeix m\u00e9s\u00bb<\/a><\/p>\n","protected":false},"author":1,"featured_media":3065,"comment_status":"open","ping_status":"closed","sticky":false,"template":"","format":"standard","meta":{"_bbp_topic_count":0,"_bbp_reply_count":0,"_bbp_total_topic_count":0,"_bbp_total_reply_count":0,"_bbp_voice_count":0,"_bbp_anonymous_reply_count":0,"_bbp_topic_count_hidden":0,"_bbp_reply_count_hidden":0,"_bbp_forum_subforum_count":0,"footnotes":""},"categories":[14,61],"tags":[87,88,83,77],"class_list":["post-2962","post","type-post","status-publish","format-standard","has-post-thumbnail","hentry","category-5e","category-grans","tag-5a20-21","tag-5b20-21","tag-5c20-21","tag-nascuts2010"],"post_mailing_queue_ids":[],"_links":{"self":[{"href":"https:\/\/agora.xtec.cat\/escolapauvila\/wp-json\/wp\/v2\/posts\/2962","targetHints":{"allow":["GET"]}}],"collection":[{"href":"https:\/\/agora.xtec.cat\/escolapauvila\/wp-json\/wp\/v2\/posts"}],"about":[{"href":"https:\/\/agora.xtec.cat\/escolapauvila\/wp-json\/wp\/v2\/types\/post"}],"author":[{"embeddable":true,"href":"https:\/\/agora.xtec.cat\/escolapauvila\/wp-json\/wp\/v2\/users\/1"}],"replies":[{"embeddable":true,"href":"https:\/\/agora.xtec.cat\/escolapauvila\/wp-json\/wp\/v2\/comments?post=2962"}],"version-history":[{"count":4,"href":"https:\/\/agora.xtec.cat\/escolapauvila\/wp-json\/wp\/v2\/posts\/2962\/revisions"}],"predecessor-version":[{"id":3070,"href":"https:\/\/agora.xtec.cat\/escolapauvila\/wp-json\/wp\/v2\/posts\/2962\/revisions\/3070"}],"wp:featuredmedia":[{"embeddable":true,"href":"https:\/\/agora.xtec.cat\/escolapauvila\/wp-json\/wp\/v2\/media\/3065"}],"wp:attachment":[{"href":"https:\/\/agora.xtec.cat\/escolapauvila\/wp-json\/wp\/v2\/media?parent=2962"}],"wp:term":[{"taxonomy":"category","embeddable":true,"href":"https:\/\/agora.xtec.cat\/escolapauvila\/wp-json\/wp\/v2\/categories?post=2962"},{"taxonomy":"post_tag","embeddable":true,"href":"https:\/\/agora.xtec.cat\/escolapauvila\/wp-json\/wp\/v2\/tags?post=2962"}],"curies":[{"name":"wp","href":"https:\/\/api.w.org\/{rel}","templated":true}]}}