{"id":2855,"date":"2020-12-12T10:50:40","date_gmt":"2020-12-12T09:50:40","guid":{"rendered":"https:\/\/agora.xtec.cat\/escolapauvila\/?p=2855"},"modified":"2020-12-14T10:23:07","modified_gmt":"2020-12-14T09:23:07","slug":"ens-cuidem-i-ens-estimem","status":"publish","type":"post","link":"https:\/\/agora.xtec.cat\/escolapauvila\/portada\/ens-cuidem-i-ens-estimem\/","title":{"rendered":"ENS CUIDEM I ENS ESTIMEM!!"},"content":{"rendered":"<p>Les darreres setmanes, hem fet algunes activitats que ens han ajudat a fomentar la cohesi\u00f3 de grup i, per tant, a cuidar-nos, estimar-nos, respectar-nos, valorar-nos, escoltar-nos i un llarg etc\u00e8tera!<\/p>\n<p>Per exemple, hem fet <strong>L&#8217;ARBRE DELS DESITJOS<\/strong>, on de forma col\u00b7lectiva ens hem posat d&#8217;acord per crear-lo amb una sola consigna: &#8220;l&#8217;hem de pintar amb les nostres mans&#8221;. Primer, vam decidir estampar una ma de color verd fluix, despr\u00e9s ditades amb verd fort i, per fer el tronc, vam fer-ho amb la part lateral de la m\u00e0.<\/p>\n<p>Per \u00faltim, cadasc\u00fa va buscar per l&#8217;aula algun cilindre per poder dibuixar la BOLA a un full de color i escriure-hi un desig.<\/p>\n\n\t\t<style type=\"text\/css\">\n\t\t\t#gallery-1 {\n\t\t\t\tmargin: auto;\n\t\t\t}\n\t\t\t#gallery-1 .gallery-item {\n\t\t\t\tfloat: left;\n\t\t\t\tmargin-top: 10px;\n\t\t\t\ttext-align: center;\n\t\t\t\twidth: 50%;\n\t\t\t}\n\t\t\t#gallery-1 img {\n\t\t\t\tborder: 2px solid #cfcfcf;\n\t\t\t}\n\t\t\t#gallery-1 .gallery-caption {\n\t\t\t\tmargin-left: 0;\n\t\t\t}\n\t\t\t\/* see gallery_shortcode() in wp-includes\/media.php *\/\n\t\t<\/style>\n\t\t<div id='gallery-1' class='gallery galleryid-2855 gallery-columns-2 gallery-size-medium'><dl class='gallery-item'>\n\t\t\t<dt class='gallery-icon portrait'>\n\t\t\t\t<a href='https:\/\/agora.xtec.cat\/escolapauvila\/portada\/ens-cuidem-i-ens-estimem\/attachment\/bty-38\/'><img loading=\"lazy\" decoding=\"async\" width=\"225\" height=\"300\" src=\"https:\/\/agora.xtec.cat\/escolapauvila\/wp-content\/uploads\/usu1565\/2020\/12\/ARBRE-DESITJOS-225x300.jpg\" class=\"attachment-medium size-medium\" alt=\"\" srcset=\"https:\/\/agora.xtec.cat\/escolapauvila\/wp-content\/uploads\/usu1565\/2020\/12\/ARBRE-DESITJOS-225x300.jpg 225w, https:\/\/agora.xtec.cat\/escolapauvila\/wp-content\/uploads\/usu1565\/2020\/12\/ARBRE-DESITJOS-768x1024.jpg 768w\" sizes=\"auto, (max-width: 225px) 100vw, 225px\" \/><\/a>\n\t\t\t<\/dt><\/dl><dl class='gallery-item'>\n\t\t\t<dt class='gallery-icon landscape'>\n\t\t\t\t<a href='https:\/\/agora.xtec.cat\/escolapauvila\/portada\/ens-cuidem-i-ens-estimem\/attachment\/bty-41\/'><img loading=\"lazy\" decoding=\"async\" width=\"300\" height=\"225\" src=\"https:\/\/agora.xtec.cat\/escolapauvila\/wp-content\/uploads\/usu1565\/2020\/12\/ARBRE-DESITJOS4-300x225.jpg\" class=\"attachment-medium size-medium\" alt=\"\" srcset=\"https:\/\/agora.xtec.cat\/escolapauvila\/wp-content\/uploads\/usu1565\/2020\/12\/ARBRE-DESITJOS4-300x225.jpg 300w, https:\/\/agora.xtec.cat\/escolapauvila\/wp-content\/uploads\/usu1565\/2020\/12\/ARBRE-DESITJOS4-768x576.jpg 768w, https:\/\/agora.xtec.cat\/escolapauvila\/wp-content\/uploads\/usu1565\/2020\/12\/ARBRE-DESITJOS4-1024x768.jpg 1024w, https:\/\/agora.xtec.cat\/escolapauvila\/wp-content\/uploads\/usu1565\/2020\/12\/ARBRE-DESITJOS4-200x150.jpg 200w\" sizes=\"auto, (max-width: 300px) 100vw, 300px\" \/><\/a>\n\t\t\t<\/dt><\/dl><br style=\"clear: both\" \/><dl class='gallery-item'>\n\t\t\t<dt class='gallery-icon portrait'>\n\t\t\t\t<a href='https:\/\/agora.xtec.cat\/escolapauvila\/portada\/ens-cuidem-i-ens-estimem\/attachment\/bty-40\/'><img loading=\"lazy\" decoding=\"async\" width=\"225\" height=\"300\" src=\"https:\/\/agora.xtec.cat\/escolapauvila\/wp-content\/uploads\/usu1565\/2020\/12\/ARBRE-DESITJOS3-225x300.jpg\" class=\"attachment-medium size-medium\" alt=\"\" srcset=\"https:\/\/agora.xtec.cat\/escolapauvila\/wp-content\/uploads\/usu1565\/2020\/12\/ARBRE-DESITJOS3-225x300.jpg 225w, https:\/\/agora.xtec.cat\/escolapauvila\/wp-content\/uploads\/usu1565\/2020\/12\/ARBRE-DESITJOS3-768x1024.jpg 768w\" sizes=\"auto, (max-width: 225px) 100vw, 225px\" \/><\/a>\n\t\t\t<\/dt><\/dl><dl class='gallery-item'>\n\t\t\t<dt class='gallery-icon portrait'>\n\t\t\t\t<a href='https:\/\/agora.xtec.cat\/escolapauvila\/portada\/ens-cuidem-i-ens-estimem\/attachment\/bty-39\/'><img loading=\"lazy\" decoding=\"async\" width=\"225\" height=\"300\" src=\"https:\/\/agora.xtec.cat\/escolapauvila\/wp-content\/uploads\/usu1565\/2020\/12\/ARBRE-DESITJOS2-225x300.jpg\" class=\"attachment-medium size-medium\" alt=\"\" srcset=\"https:\/\/agora.xtec.cat\/escolapauvila\/wp-content\/uploads\/usu1565\/2020\/12\/ARBRE-DESITJOS2-225x300.jpg 225w, https:\/\/agora.xtec.cat\/escolapauvila\/wp-content\/uploads\/usu1565\/2020\/12\/ARBRE-DESITJOS2-768x1024.jpg 768w\" sizes=\"auto, (max-width: 225px) 100vw, 225px\" \/><\/a>\n\t\t\t<\/dt><\/dl><br style=\"clear: both\" \/><dl class='gallery-item'>\n\t\t\t<dt class='gallery-icon portrait'>\n\t\t\t\t<a href='https:\/\/agora.xtec.cat\/escolapauvila\/portada\/ens-cuidem-i-ens-estimem\/attachment\/bty-42\/'><img loading=\"lazy\" decoding=\"async\" width=\"167\" height=\"300\" src=\"https:\/\/agora.xtec.cat\/escolapauvila\/wp-content\/uploads\/usu1565\/2020\/12\/ARBRE-DESITJOS5-167x300.jpg\" class=\"attachment-medium size-medium\" alt=\"\" srcset=\"https:\/\/agora.xtec.cat\/escolapauvila\/wp-content\/uploads\/usu1565\/2020\/12\/ARBRE-DESITJOS5-167x300.jpg 167w, https:\/\/agora.xtec.cat\/escolapauvila\/wp-content\/uploads\/usu1565\/2020\/12\/ARBRE-DESITJOS5-768x1376.jpg 768w, https:\/\/agora.xtec.cat\/escolapauvila\/wp-content\/uploads\/usu1565\/2020\/12\/ARBRE-DESITJOS5-571x1024.jpg 571w, https:\/\/agora.xtec.cat\/escolapauvila\/wp-content\/uploads\/usu1565\/2020\/12\/ARBRE-DESITJOS5.jpg 1768w\" sizes=\"auto, (max-width: 167px) 100vw, 167px\" \/><\/a>\n\t\t\t<\/dt><\/dl>\n\t\t\t<br style='clear: both' \/>\n\t\t<\/div>\n\n<p>Aqu\u00ed teniu <a href=\"https:\/\/photos.app.goo.gl\/CvpdrKwSb4mmCxDQ7\">l&#8217;\u00e0lbum amb el recull de fotografies<\/a> de tot el proc\u00e9s.<\/p>\n<p>&nbsp;<\/p>\n<p>I, una altra activitat que est\u00e0 tenint molt d&#8217;\u00e8xit \u00e9s l&#8217;espai dels<strong> MISSATGES BONICS<\/strong>.<\/p>\n<p>Arrel d&#8217;una situaci\u00f3-problema, i despr\u00e9s de parlar-ne en l&#8217;assemblea va sorgir la necessitat de fer un espai a l&#8217;aula on els nens i nenes de forma lliure, pogu\u00e9ssin escriure&#8217;s missatges bonics. Per aix\u00f2, cadasc\u00fa va crear la seva b\u00fastia amb un rotlle de paper de v\u00e0ter. En diferents moments i de forma secreta i misteriosa, s&#8217;escriuen cartes entre ells i elles i les deixen a la b\u00fastia corresponent. Quan veiem que <strong>TOTES<\/strong> les b\u00fasties estan plenes, repartim les cartes i tothom se&#8217;n va amb el cor alegre i una emoci\u00f3 preciosa que se&#8217;ls hi plasma a la cara.<\/p>\n\n\t\t<style type=\"text\/css\">\n\t\t\t#gallery-2 {\n\t\t\t\tmargin: auto;\n\t\t\t}\n\t\t\t#gallery-2 .gallery-item {\n\t\t\t\tfloat: left;\n\t\t\t\tmargin-top: 10px;\n\t\t\t\ttext-align: center;\n\t\t\t\twidth: 50%;\n\t\t\t}\n\t\t\t#gallery-2 img {\n\t\t\t\tborder: 2px solid #cfcfcf;\n\t\t\t}\n\t\t\t#gallery-2 .gallery-caption {\n\t\t\t\tmargin-left: 0;\n\t\t\t}\n\t\t\t\/* see gallery_shortcode() in wp-includes\/media.php *\/\n\t\t<\/style>\n\t\t<div id='gallery-2' class='gallery galleryid-2855 gallery-columns-2 gallery-size-medium'><dl class='gallery-item'>\n\t\t\t<dt class='gallery-icon landscape'>\n\t\t\t\t<a href='https:\/\/agora.xtec.cat\/escolapauvila\/portada\/ens-cuidem-i-ens-estimem\/attachment\/bty-43\/'><img loading=\"lazy\" decoding=\"async\" width=\"300\" height=\"225\" src=\"https:\/\/agora.xtec.cat\/escolapauvila\/wp-content\/uploads\/usu1565\/2020\/12\/rotlle1-300x225.jpg\" class=\"attachment-medium size-medium\" alt=\"\" srcset=\"https:\/\/agora.xtec.cat\/escolapauvila\/wp-content\/uploads\/usu1565\/2020\/12\/rotlle1-300x225.jpg 300w, https:\/\/agora.xtec.cat\/escolapauvila\/wp-content\/uploads\/usu1565\/2020\/12\/rotlle1-768x576.jpg 768w, https:\/\/agora.xtec.cat\/escolapauvila\/wp-content\/uploads\/usu1565\/2020\/12\/rotlle1-1024x768.jpg 1024w, https:\/\/agora.xtec.cat\/escolapauvila\/wp-content\/uploads\/usu1565\/2020\/12\/rotlle1-200x150.jpg 200w\" sizes=\"auto, (max-width: 300px) 100vw, 300px\" \/><\/a>\n\t\t\t<\/dt><\/dl><dl class='gallery-item'>\n\t\t\t<dt class='gallery-icon portrait'>\n\t\t\t\t<a href='https:\/\/agora.xtec.cat\/escolapauvila\/portada\/ens-cuidem-i-ens-estimem\/attachment\/bty-44\/'><img loading=\"lazy\" decoding=\"async\" width=\"225\" height=\"300\" src=\"https:\/\/agora.xtec.cat\/escolapauvila\/wp-content\/uploads\/usu1565\/2020\/12\/rotlle2-225x300.jpg\" class=\"attachment-medium size-medium\" alt=\"\" srcset=\"https:\/\/agora.xtec.cat\/escolapauvila\/wp-content\/uploads\/usu1565\/2020\/12\/rotlle2-225x300.jpg 225w, https:\/\/agora.xtec.cat\/escolapauvila\/wp-content\/uploads\/usu1565\/2020\/12\/rotlle2-768x1024.jpg 768w\" sizes=\"auto, (max-width: 225px) 100vw, 225px\" \/><\/a>\n\t\t\t<\/dt><\/dl><br style=\"clear: both\" \/><dl class='gallery-item'>\n\t\t\t<dt class='gallery-icon portrait'>\n\t\t\t\t<a href='https:\/\/agora.xtec.cat\/escolapauvila\/portada\/ens-cuidem-i-ens-estimem\/attachment\/bty-45\/'><img loading=\"lazy\" decoding=\"async\" width=\"225\" height=\"300\" src=\"https:\/\/agora.xtec.cat\/escolapauvila\/wp-content\/uploads\/usu1565\/2020\/12\/rotlle3-225x300.jpg\" class=\"attachment-medium size-medium\" alt=\"\" srcset=\"https:\/\/agora.xtec.cat\/escolapauvila\/wp-content\/uploads\/usu1565\/2020\/12\/rotlle3-225x300.jpg 225w, https:\/\/agora.xtec.cat\/escolapauvila\/wp-content\/uploads\/usu1565\/2020\/12\/rotlle3-768x1024.jpg 768w\" sizes=\"auto, (max-width: 225px) 100vw, 225px\" \/><\/a>\n\t\t\t<\/dt><\/dl><dl class='gallery-item'>\n\t\t\t<dt class='gallery-icon landscape'>\n\t\t\t\t<a href='https:\/\/agora.xtec.cat\/escolapauvila\/portada\/ens-cuidem-i-ens-estimem\/attachment\/bty-46\/'><img loading=\"lazy\" decoding=\"async\" width=\"300\" height=\"225\" src=\"https:\/\/agora.xtec.cat\/escolapauvila\/wp-content\/uploads\/usu1565\/2020\/12\/rotlle4-300x225.jpg\" class=\"attachment-medium size-medium\" alt=\"\" srcset=\"https:\/\/agora.xtec.cat\/escolapauvila\/wp-content\/uploads\/usu1565\/2020\/12\/rotlle4-300x225.jpg 300w, https:\/\/agora.xtec.cat\/escolapauvila\/wp-content\/uploads\/usu1565\/2020\/12\/rotlle4-768x576.jpg 768w, https:\/\/agora.xtec.cat\/escolapauvila\/wp-content\/uploads\/usu1565\/2020\/12\/rotlle4-1024x768.jpg 1024w, https:\/\/agora.xtec.cat\/escolapauvila\/wp-content\/uploads\/usu1565\/2020\/12\/rotlle4-200x150.jpg 200w\" sizes=\"auto, (max-width: 300px) 100vw, 300px\" \/><\/a>\n\t\t\t<\/dt><\/dl><br style=\"clear: both\" \/>\n\t\t<\/div>\n\n<p>Aqu\u00ed teniu <a href=\"https:\/\/photos.app.goo.gl\/drdaBBv9QfuPeseB7\">enlla\u00e7at l&#8217;\u00e0lbum amb les fotos d&#8217;aquests<\/a> bonics moments.<\/p>\n<p><strong>\u00c9s fant\u00e0stic com a poc a poc, entre tots i totes, anem teixint relacions d&#8217;empatia, de solidaritat, de respecte i sobretot PLENES D&#8217;AMOR I BONES INTENCIONS.<\/strong><\/p>\n<p>I no he trobat res millor per tancar aquesta publicaci\u00f3 que aquesta creaci\u00f3 espont\u00e0nia del nostre company Carles.<\/p>\n<p><a href=\"https:\/\/agora.xtec.cat\/escolapauvila\/wp-content\/uploads\/usu1565\/2020\/12\/estimar.jpg\"><img loading=\"lazy\" decoding=\"async\" class=\"wp-image-2868 aligncenter\" src=\"https:\/\/agora.xtec.cat\/escolapauvila\/wp-content\/uploads\/usu1565\/2020\/12\/estimar-768x1024.jpg\" alt=\"\" width=\"375\" height=\"500\" srcset=\"https:\/\/agora.xtec.cat\/escolapauvila\/wp-content\/uploads\/usu1565\/2020\/12\/estimar-768x1024.jpg 768w, https:\/\/agora.xtec.cat\/escolapauvila\/wp-content\/uploads\/usu1565\/2020\/12\/estimar-225x300.jpg 225w\" sizes=\"auto, (max-width: 375px) 100vw, 375px\" \/><\/a><\/p>\n<p><a href=\"https:\/\/agora.xtec.cat\/escolapauvila\/wp-content\/uploads\/usu1565\/2020\/12\/estimar-2.jpg\"><img loading=\"lazy\" decoding=\"async\" class=\" wp-image-2867\" src=\"https:\/\/agora.xtec.cat\/escolapauvila\/wp-content\/uploads\/usu1565\/2020\/12\/estimar-2-1024x768.jpg\" alt=\"\" width=\"604\" height=\"453\" srcset=\"https:\/\/agora.xtec.cat\/escolapauvila\/wp-content\/uploads\/usu1565\/2020\/12\/estimar-2-1024x768.jpg 1024w, https:\/\/agora.xtec.cat\/escolapauvila\/wp-content\/uploads\/usu1565\/2020\/12\/estimar-2-300x225.jpg 300w, https:\/\/agora.xtec.cat\/escolapauvila\/wp-content\/uploads\/usu1565\/2020\/12\/estimar-2-768x576.jpg 768w, https:\/\/agora.xtec.cat\/escolapauvila\/wp-content\/uploads\/usu1565\/2020\/12\/estimar-2-200x150.jpg 200w\" sizes=\"auto, (max-width: 604px) 100vw, 604px\" \/><\/a><\/p>\n","protected":false},"excerpt":{"rendered":"<p>Les darreres setmanes, hem fet algunes activitats que ens han ajudat a fomentar la cohesi\u00f3 de grup i, per tant, a cuidar-nos, estimar-nos, respectar-nos, valorar-nos, escoltar-nos i un llarg etc\u00e8tera!<br \/>\nPer exemple, hem fet L&#8217;ARBRE DELS DESITJOS, on de forma col\u00b7lectiva ens hem posat d&#8217;acord per&hellip;  <a href=\"https:\/\/agora.xtec.cat\/escolapauvila\/portada\/ens-cuidem-i-ens-estimem\/\" title=\"Read ENS CUIDEM I ENS ESTIMEM!!\">Llegeix m\u00e9s\u00bb<\/a><\/p>\n","protected":false},"author":1,"featured_media":2857,"comment_status":"open","ping_status":"closed","sticky":false,"template":"","format":"standard","meta":{"_bbp_topic_count":0,"_bbp_reply_count":0,"_bbp_total_topic_count":0,"_bbp_total_reply_count":0,"_bbp_voice_count":0,"_bbp_anonymous_reply_count":0,"_bbp_topic_count_hidden":0,"_bbp_reply_count_hidden":0,"_bbp_forum_subforum_count":0,"footnotes":""},"categories":[11,5,4],"tags":[86,81],"class_list":["post-2855","post","type-post","status-publish","format-standard","has-post-thumbnail","hentry","category-2n","category-mitjans","category-portada","tag-2a20-21","tag-nascuts2013"],"post_mailing_queue_ids":[],"_links":{"self":[{"href":"https:\/\/agora.xtec.cat\/escolapauvila\/wp-json\/wp\/v2\/posts\/2855","targetHints":{"allow":["GET"]}}],"collection":[{"href":"https:\/\/agora.xtec.cat\/escolapauvila\/wp-json\/wp\/v2\/posts"}],"about":[{"href":"https:\/\/agora.xtec.cat\/escolapauvila\/wp-json\/wp\/v2\/types\/post"}],"author":[{"embeddable":true,"href":"https:\/\/agora.xtec.cat\/escolapauvila\/wp-json\/wp\/v2\/users\/1"}],"replies":[{"embeddable":true,"href":"https:\/\/agora.xtec.cat\/escolapauvila\/wp-json\/wp\/v2\/comments?post=2855"}],"version-history":[{"count":3,"href":"https:\/\/agora.xtec.cat\/escolapauvila\/wp-json\/wp\/v2\/posts\/2855\/revisions"}],"predecessor-version":[{"id":2870,"href":"https:\/\/agora.xtec.cat\/escolapauvila\/wp-json\/wp\/v2\/posts\/2855\/revisions\/2870"}],"wp:featuredmedia":[{"embeddable":true,"href":"https:\/\/agora.xtec.cat\/escolapauvila\/wp-json\/wp\/v2\/media\/2857"}],"wp:attachment":[{"href":"https:\/\/agora.xtec.cat\/escolapauvila\/wp-json\/wp\/v2\/media?parent=2855"}],"wp:term":[{"taxonomy":"category","embeddable":true,"href":"https:\/\/agora.xtec.cat\/escolapauvila\/wp-json\/wp\/v2\/categories?post=2855"},{"taxonomy":"post_tag","embeddable":true,"href":"https:\/\/agora.xtec.cat\/escolapauvila\/wp-json\/wp\/v2\/tags?post=2855"}],"curies":[{"name":"wp","href":"https:\/\/api.w.org\/{rel}","templated":true}]}}