{"id":2783,"date":"2020-12-11T23:48:02","date_gmt":"2020-12-11T22:48:02","guid":{"rendered":"https:\/\/agora.xtec.cat\/escolapauvila\/?p=2783"},"modified":"2020-12-20T11:49:47","modified_gmt":"2020-12-20T10:49:47","slug":"arbre-del-pau-vila","status":"publish","type":"post","link":"https:\/\/agora.xtec.cat\/escolapauvila\/general\/arbre-del-pau-vila\/","title":{"rendered":"Arbre del PAU VILA"},"content":{"rendered":"<p>Aquest any hem fet un arbre entre tota l&#8217;escola del Pau Vila que es quedar\u00e0 per sempre a l&#8217;escola.<\/p>\n<p>Un dia la Paola ens va dir si pod\u00edem pensar 3 paraules que ens agradessin de l&#8217;escola. Quan vam dir en veu alta les paraules que vam pensar, la que m\u00e9s ens va agradar va ser\u00a0 &#8220;creativitat&#8221;. Quan va arribar el moment de construir l&#8217;arbre, la nostre tutora ens va portar dues fustes per decorar-les: a la primera ten\u00edem que posar la paraula que vam triar, i a la segona hav\u00edem de fer un dibuix del que volguessim. Vam dir a la Nora i a l&#8217;Estel que s\u00f3n les que millor dibuixen de 6\u00e8C, que dubuixessin i escrivissin a les fustes. L&#8217;Estel va fer el dibuix a la fusta i va dibuixar taques de colors i dos pincells i la Nora va escriure la nostre paraula.<\/p>\n<p>Un cop que tota l&#8217;escola tenia les fustes festes, es va muntar l&#8217;arbre. Va quedar molt bonic ja que hi ha paraules i dibuixos diversos. Us deixem unes fotos per a qu\u00e8 el pugueu veure.<\/p>\n<p>&nbsp;<\/p>\n<p><a href=\"https:\/\/agora.xtec.cat\/escolapauvila\/wp-content\/uploads\/usu1565\/2020\/12\/Naranja-Crema-Pez-Tienda-Pez-Mascota-Foto-Collage.jpg\"><img loading=\"lazy\" decoding=\"async\" class=\"alignnone size-medium wp-image-2849\" src=\"https:\/\/agora.xtec.cat\/escolapauvila\/wp-content\/uploads\/usu1565\/2020\/12\/Naranja-Crema-Pez-Tienda-Pez-Mascota-Foto-Collage-300x240.jpg\" alt=\"\" width=\"300\" height=\"240\" srcset=\"https:\/\/agora.xtec.cat\/escolapauvila\/wp-content\/uploads\/usu1565\/2020\/12\/Naranja-Crema-Pez-Tienda-Pez-Mascota-Foto-Collage-300x240.jpg 300w, https:\/\/agora.xtec.cat\/escolapauvila\/wp-content\/uploads\/usu1565\/2020\/12\/Naranja-Crema-Pez-Tienda-Pez-Mascota-Foto-Collage-768x614.jpg 768w, https:\/\/agora.xtec.cat\/escolapauvila\/wp-content\/uploads\/usu1565\/2020\/12\/Naranja-Crema-Pez-Tienda-Pez-Mascota-Foto-Collage-1024x819.jpg 1024w, https:\/\/agora.xtec.cat\/escolapauvila\/wp-content\/uploads\/usu1565\/2020\/12\/Naranja-Crema-Pez-Tienda-Pez-Mascota-Foto-Collage.jpg 2000w\" sizes=\"auto, (max-width: 300px) 100vw, 300px\" \/><\/a><\/p>\n","protected":false},"excerpt":{"rendered":"<p>Aquest any hem fet un arbre entre tota l&#8217;escola del Pau Vila que es quedar\u00e0 per sempre a l&#8217;escola.<br \/>\nUn dia la Paola ens va dir si pod\u00edem pensar 3 paraules que ens agradessin de l&#8217;escola. Quan vam dir en veu alta les paraules que vam&hellip;  <a href=\"https:\/\/agora.xtec.cat\/escolapauvila\/general\/arbre-del-pau-vila\/\" title=\"Read Arbre del PAU VILA\">Llegeix m\u00e9s\u00bb<\/a><\/p>\n","protected":false},"author":1,"featured_media":2849,"comment_status":"open","ping_status":"closed","sticky":false,"template":"","format":"standard","meta":{"_bbp_topic_count":0,"_bbp_reply_count":0,"_bbp_total_topic_count":0,"_bbp_total_reply_count":0,"_bbp_voice_count":0,"_bbp_anonymous_reply_count":0,"_bbp_topic_count_hidden":0,"_bbp_reply_count_hidden":0,"_bbp_forum_subforum_count":0,"footnotes":""},"categories":[15,61,1],"tags":[154,93],"class_list":["post-2783","post","type-post","status-publish","format-standard","has-post-thumbnail","hentry","category-6e","category-grans","category-general","tag-6ec","tag-nascuts2009"],"post_mailing_queue_ids":[],"_links":{"self":[{"href":"https:\/\/agora.xtec.cat\/escolapauvila\/wp-json\/wp\/v2\/posts\/2783","targetHints":{"allow":["GET"]}}],"collection":[{"href":"https:\/\/agora.xtec.cat\/escolapauvila\/wp-json\/wp\/v2\/posts"}],"about":[{"href":"https:\/\/agora.xtec.cat\/escolapauvila\/wp-json\/wp\/v2\/types\/post"}],"author":[{"embeddable":true,"href":"https:\/\/agora.xtec.cat\/escolapauvila\/wp-json\/wp\/v2\/users\/1"}],"replies":[{"embeddable":true,"href":"https:\/\/agora.xtec.cat\/escolapauvila\/wp-json\/wp\/v2\/comments?post=2783"}],"version-history":[{"count":1,"href":"https:\/\/agora.xtec.cat\/escolapauvila\/wp-json\/wp\/v2\/posts\/2783\/revisions"}],"predecessor-version":[{"id":2850,"href":"https:\/\/agora.xtec.cat\/escolapauvila\/wp-json\/wp\/v2\/posts\/2783\/revisions\/2850"}],"wp:featuredmedia":[{"embeddable":true,"href":"https:\/\/agora.xtec.cat\/escolapauvila\/wp-json\/wp\/v2\/media\/2849"}],"wp:attachment":[{"href":"https:\/\/agora.xtec.cat\/escolapauvila\/wp-json\/wp\/v2\/media?parent=2783"}],"wp:term":[{"taxonomy":"category","embeddable":true,"href":"https:\/\/agora.xtec.cat\/escolapauvila\/wp-json\/wp\/v2\/categories?post=2783"},{"taxonomy":"post_tag","embeddable":true,"href":"https:\/\/agora.xtec.cat\/escolapauvila\/wp-json\/wp\/v2\/tags?post=2783"}],"curies":[{"name":"wp","href":"https:\/\/api.w.org\/{rel}","templated":true}]}}