{"id":2775,"date":"2020-12-10T09:28:48","date_gmt":"2020-12-10T08:28:48","guid":{"rendered":"https:\/\/agora.xtec.cat\/escolapauvila\/?p=2775"},"modified":"2020-12-10T09:28:48","modified_gmt":"2020-12-10T08:28:48","slug":"larbre-dels-desitjos","status":"publish","type":"post","link":"https:\/\/agora.xtec.cat\/escolapauvila\/mitjans\/larbre-dels-desitjos\/","title":{"rendered":"L&#8217;arbre dels desitjos"},"content":{"rendered":"<p>Hola lectors i lectores,<\/p>\n<p>igual que al inici de curs vam pensar un desig per aquest nou curs hem pensat desitjos que volem per a tot el m\u00f3n.<\/p>\n<p>Aprofitant que ara arriben dates nadalenques, hem transformat els nostres desitjos en una composici\u00f3 d&#8217;arbre feta per tots\/es nosaltres\/as. D&#8217;aquesta manera treballem aspectes importants de cohesi\u00f3, cooperaci\u00f3, treball conjunt, tot produint obres art\u00edstiques col\u00b7lectivament.<\/p>\n<p>Aix\u00ed ha quedat el nostre arbre dels desitjos.<\/p>\n<p><a href=\"https:\/\/agora.xtec.cat\/escolapauvila\/wp-content\/uploads\/usu1565\/2020\/12\/IMG_1398.jpg\"><img loading=\"lazy\" decoding=\"async\" class=\"wp-image-2777 size-large aligncenter\" src=\"https:\/\/agora.xtec.cat\/escolapauvila\/wp-content\/uploads\/usu1565\/2020\/12\/IMG_1398-e1607588737381-668x1024.jpg\" alt=\"\" width=\"668\" height=\"1024\" srcset=\"https:\/\/agora.xtec.cat\/escolapauvila\/wp-content\/uploads\/usu1565\/2020\/12\/IMG_1398-e1607588737381-668x1024.jpg 668w, https:\/\/agora.xtec.cat\/escolapauvila\/wp-content\/uploads\/usu1565\/2020\/12\/IMG_1398-e1607588737381-196x300.jpg 196w, https:\/\/agora.xtec.cat\/escolapauvila\/wp-content\/uploads\/usu1565\/2020\/12\/IMG_1398-e1607588737381-768x1177.jpg 768w\" sizes=\"auto, (max-width: 668px) 100vw, 668px\" \/><\/a><\/p>\n<p>Alguns dels desitjos que hem demanat s\u00f3n:<\/p>\n<ul>\n<li>Que la COVID-19 marxi.<\/li>\n<li>Que tot el m\u00f3n estigui b\u00e9 i tingui salut.<\/li>\n<li>Ser superfeli\u00e7.<\/li>\n<li>Que les persones aprenguem a estimar-nos a nosaltres mateixos\/es.<\/li>\n<li>Que ning\u00fa estigui malalt.<\/li>\n<li>Que estiguem junts\/es sempre.<\/li>\n<li>Viure superb\u00e9.<\/li>\n<li>Que tothom tingui salut i menjar.<\/li>\n<li>Que el nadal vagi molt b\u00e9.<\/li>\n<\/ul>\n<p>Qu\u00e8 us semblen els nostres desitjos? Podeu veure m\u00e9s imatges en aquest <a href=\"https:\/\/photos.app.goo.gl\/hqvmYwb3AbHCBeVc8\">link<\/a>.<\/p>\n<p>Vosaltres teniu algun desig a demanar? Us llegim.<\/p>\n<p>Una abra\u00e7ada lectors i lectores.<\/p>\n","protected":false},"excerpt":{"rendered":"<p>Hola lectors i lectores,<br \/>\nigual que al inici de curs vam pensar un desig per aquest nou curs hem pensat desitjos que volem per a tot el m\u00f3n.<br \/>\nAprofitant que ara arriben dates nadalenques, hem transformat els nostres desitjos en una composici\u00f3 d&#8217;arbre feta per tots\/es nosaltres\/as.&hellip;  <a href=\"https:\/\/agora.xtec.cat\/escolapauvila\/mitjans\/larbre-dels-desitjos\/\" title=\"Read L&#8217;arbre dels desitjos\">Llegeix m\u00e9s\u00bb<\/a><\/p>\n","protected":false},"author":1,"featured_media":2778,"comment_status":"open","ping_status":"closed","sticky":false,"template":"","format":"standard","meta":{"_bbp_topic_count":0,"_bbp_reply_count":0,"_bbp_total_topic_count":0,"_bbp_total_reply_count":0,"_bbp_voice_count":0,"_bbp_anonymous_reply_count":0,"_bbp_topic_count_hidden":0,"_bbp_reply_count_hidden":0,"_bbp_forum_subforum_count":0,"footnotes":""},"categories":[11,5],"tags":[80,81],"class_list":["post-2775","post","type-post","status-publish","format-standard","has-post-thumbnail","hentry","category-2n","category-mitjans","tag-2b20-21","tag-nascuts2013"],"post_mailing_queue_ids":[],"_links":{"self":[{"href":"https:\/\/agora.xtec.cat\/escolapauvila\/wp-json\/wp\/v2\/posts\/2775","targetHints":{"allow":["GET"]}}],"collection":[{"href":"https:\/\/agora.xtec.cat\/escolapauvila\/wp-json\/wp\/v2\/posts"}],"about":[{"href":"https:\/\/agora.xtec.cat\/escolapauvila\/wp-json\/wp\/v2\/types\/post"}],"author":[{"embeddable":true,"href":"https:\/\/agora.xtec.cat\/escolapauvila\/wp-json\/wp\/v2\/users\/1"}],"replies":[{"embeddable":true,"href":"https:\/\/agora.xtec.cat\/escolapauvila\/wp-json\/wp\/v2\/comments?post=2775"}],"version-history":[{"count":3,"href":"https:\/\/agora.xtec.cat\/escolapauvila\/wp-json\/wp\/v2\/posts\/2775\/revisions"}],"predecessor-version":[{"id":2781,"href":"https:\/\/agora.xtec.cat\/escolapauvila\/wp-json\/wp\/v2\/posts\/2775\/revisions\/2781"}],"wp:featuredmedia":[{"embeddable":true,"href":"https:\/\/agora.xtec.cat\/escolapauvila\/wp-json\/wp\/v2\/media\/2778"}],"wp:attachment":[{"href":"https:\/\/agora.xtec.cat\/escolapauvila\/wp-json\/wp\/v2\/media?parent=2775"}],"wp:term":[{"taxonomy":"category","embeddable":true,"href":"https:\/\/agora.xtec.cat\/escolapauvila\/wp-json\/wp\/v2\/categories?post=2775"},{"taxonomy":"post_tag","embeddable":true,"href":"https:\/\/agora.xtec.cat\/escolapauvila\/wp-json\/wp\/v2\/tags?post=2775"}],"curies":[{"name":"wp","href":"https:\/\/api.w.org\/{rel}","templated":true}]}}