{"id":2745,"date":"2020-12-09T20:35:20","date_gmt":"2020-12-09T19:35:20","guid":{"rendered":"https:\/\/agora.xtec.cat\/escolapauvila\/?p=2745"},"modified":"2020-12-09T20:44:45","modified_gmt":"2020-12-09T19:44:45","slug":"larbre-del-pati","status":"publish","type":"post","link":"https:\/\/agora.xtec.cat\/escolapauvila\/portada\/larbre-del-pati\/","title":{"rendered":"L&#8217;arbre del pati"},"content":{"rendered":"<p>Aquest mat\u00ed, quan hem arribat a l&#8217;escola, ens hem trobat muntat un arbre fet amb fustes al pati. A cada una de les fustes s&#8217;hi podia llegir all\u00f2 que representa l&#8217;escola per als nostres alumnes, des dels m\u00e9s petits fins els m\u00e9s grans.<\/p>\n<p><img loading=\"lazy\" decoding=\"async\" class=\"alignnone size-large wp-image-2751\" src=\"https:\/\/agora.xtec.cat\/escolapauvila\/wp-content\/uploads\/usu1565\/2020\/12\/PHOTO-2020-12-09-18-42-14-768x1024.jpg\" alt=\"\" width=\"768\" height=\"1024\" srcset=\"https:\/\/agora.xtec.cat\/escolapauvila\/wp-content\/uploads\/usu1565\/2020\/12\/PHOTO-2020-12-09-18-42-14-768x1024.jpg 768w, https:\/\/agora.xtec.cat\/escolapauvila\/wp-content\/uploads\/usu1565\/2020\/12\/PHOTO-2020-12-09-18-42-14-225x300.jpg 225w, https:\/\/agora.xtec.cat\/escolapauvila\/wp-content\/uploads\/usu1565\/2020\/12\/PHOTO-2020-12-09-18-42-14.jpg 1200w\" sizes=\"auto, (max-width: 768px) 100vw, 768px\" \/><\/p>\n<p>Paraules com experimentar, estimar, ajudar, jugar, tecnologia, creativitat, amistat&#8230; ara quedaran recollides i ben a la vista.<\/p>\n<p>Volem agra\u00efr la participaci\u00f3 de tot l&#8217;alumnat de l&#8217;escola, aix\u00ed com tamb\u00e9 als pares que van venir a muntar en dies festius.<\/p>\n<p><a href=\"https:\/\/agora.xtec.cat\/escolapauvila\/wp-content\/uploads\/usu1565\/2020\/12\/PHOTO-2020-12-09-10-29-19.jpg\"><img loading=\"lazy\" decoding=\"async\" class=\"alignnone wp-image-2746 size-medium\" src=\"https:\/\/agora.xtec.cat\/escolapauvila\/wp-content\/uploads\/usu1565\/2020\/12\/PHOTO-2020-12-09-10-29-19-300x225.jpg\" alt=\"\" width=\"300\" height=\"225\" srcset=\"https:\/\/agora.xtec.cat\/escolapauvila\/wp-content\/uploads\/usu1565\/2020\/12\/PHOTO-2020-12-09-10-29-19-300x225.jpg 300w, https:\/\/agora.xtec.cat\/escolapauvila\/wp-content\/uploads\/usu1565\/2020\/12\/PHOTO-2020-12-09-10-29-19-768x576.jpg 768w, https:\/\/agora.xtec.cat\/escolapauvila\/wp-content\/uploads\/usu1565\/2020\/12\/PHOTO-2020-12-09-10-29-19-1024x769.jpg 1024w, https:\/\/agora.xtec.cat\/escolapauvila\/wp-content\/uploads\/usu1565\/2020\/12\/PHOTO-2020-12-09-10-29-19-200x150.jpg 200w, https:\/\/agora.xtec.cat\/escolapauvila\/wp-content\/uploads\/usu1565\/2020\/12\/PHOTO-2020-12-09-10-29-19.jpg 2048w\" sizes=\"auto, (max-width: 300px) 100vw, 300px\" \/><\/a><a href=\"https:\/\/agora.xtec.cat\/escolapauvila\/wp-content\/uploads\/usu1565\/2020\/12\/PHOTO-2020-12-09-10-29-20-1.jpg\"><img loading=\"lazy\" decoding=\"async\" class=\"alignnone wp-image-2753 size-medium\" src=\"https:\/\/agora.xtec.cat\/escolapauvila\/wp-content\/uploads\/usu1565\/2020\/12\/PHOTO-2020-12-09-10-29-20-1-225x300.jpg\" alt=\"\" width=\"225\" height=\"300\" srcset=\"https:\/\/agora.xtec.cat\/escolapauvila\/wp-content\/uploads\/usu1565\/2020\/12\/PHOTO-2020-12-09-10-29-20-1-225x300.jpg 225w, https:\/\/agora.xtec.cat\/escolapauvila\/wp-content\/uploads\/usu1565\/2020\/12\/PHOTO-2020-12-09-10-29-20-1-768x1023.jpg 768w, https:\/\/agora.xtec.cat\/escolapauvila\/wp-content\/uploads\/usu1565\/2020\/12\/PHOTO-2020-12-09-10-29-20-1-769x1024.jpg 769w, https:\/\/agora.xtec.cat\/escolapauvila\/wp-content\/uploads\/usu1565\/2020\/12\/PHOTO-2020-12-09-10-29-20-1.jpg 1537w\" sizes=\"auto, (max-width: 225px) 100vw, 225px\" \/><\/a> <a href=\"https:\/\/agora.xtec.cat\/escolapauvila\/wp-content\/uploads\/usu1565\/2020\/12\/PHOTO-2020-12-09-10-29-20-3.jpg\"><img loading=\"lazy\" decoding=\"async\" class=\"alignnone wp-image-2754 size-medium\" src=\"https:\/\/agora.xtec.cat\/escolapauvila\/wp-content\/uploads\/usu1565\/2020\/12\/PHOTO-2020-12-09-10-29-20-3-225x300.jpg\" alt=\"\" width=\"225\" height=\"300\" srcset=\"https:\/\/agora.xtec.cat\/escolapauvila\/wp-content\/uploads\/usu1565\/2020\/12\/PHOTO-2020-12-09-10-29-20-3-225x300.jpg 225w, https:\/\/agora.xtec.cat\/escolapauvila\/wp-content\/uploads\/usu1565\/2020\/12\/PHOTO-2020-12-09-10-29-20-3-768x1023.jpg 768w, https:\/\/agora.xtec.cat\/escolapauvila\/wp-content\/uploads\/usu1565\/2020\/12\/PHOTO-2020-12-09-10-29-20-3-769x1024.jpg 769w, https:\/\/agora.xtec.cat\/escolapauvila\/wp-content\/uploads\/usu1565\/2020\/12\/PHOTO-2020-12-09-10-29-20-3.jpg 1537w\" sizes=\"auto, (max-width: 225px) 100vw, 225px\" \/><\/a> <a href=\"https:\/\/agora.xtec.cat\/escolapauvila\/wp-content\/uploads\/usu1565\/2020\/12\/PHOTO-2020-12-09-10-29-20.jpg\"><img loading=\"lazy\" decoding=\"async\" class=\"alignnone wp-image-2755 size-medium\" src=\"https:\/\/agora.xtec.cat\/escolapauvila\/wp-content\/uploads\/usu1565\/2020\/12\/PHOTO-2020-12-09-10-29-20-225x300.jpg\" alt=\"\" width=\"225\" height=\"300\" srcset=\"https:\/\/agora.xtec.cat\/escolapauvila\/wp-content\/uploads\/usu1565\/2020\/12\/PHOTO-2020-12-09-10-29-20-225x300.jpg 225w, https:\/\/agora.xtec.cat\/escolapauvila\/wp-content\/uploads\/usu1565\/2020\/12\/PHOTO-2020-12-09-10-29-20-768x1023.jpg 768w, https:\/\/agora.xtec.cat\/escolapauvila\/wp-content\/uploads\/usu1565\/2020\/12\/PHOTO-2020-12-09-10-29-20-769x1024.jpg 769w, https:\/\/agora.xtec.cat\/escolapauvila\/wp-content\/uploads\/usu1565\/2020\/12\/PHOTO-2020-12-09-10-29-20.jpg 1537w\" sizes=\"auto, (max-width: 225px) 100vw, 225px\" \/><\/a><\/p>\n","protected":false},"excerpt":{"rendered":"<p>Aquest mat\u00ed, quan hem arribat a l&#8217;escola, ens hem trobat muntat un arbre fet amb fustes al pati. A cada una de les fustes s&#8217;hi podia llegir all\u00f2 que representa l&#8217;escola per als nostres alumnes, des dels m\u00e9s petits fins els m\u00e9s grans.<\/p>\n<p>Paraules com experimentar,&hellip;  <a href=\"https:\/\/agora.xtec.cat\/escolapauvila\/portada\/larbre-del-pati\/\" title=\"Read L&#8217;arbre del pati\">Llegeix m\u00e9s\u00bb<\/a><\/p>\n","protected":false},"author":1,"featured_media":2751,"comment_status":"open","ping_status":"closed","sticky":false,"template":"","format":"standard","meta":{"_bbp_topic_count":0,"_bbp_reply_count":0,"_bbp_total_topic_count":0,"_bbp_total_reply_count":0,"_bbp_voice_count":0,"_bbp_anonymous_reply_count":0,"_bbp_topic_count_hidden":0,"_bbp_reply_count_hidden":0,"_bbp_forum_subforum_count":0,"footnotes":""},"categories":[4],"tags":[],"class_list":["post-2745","post","type-post","status-publish","format-standard","has-post-thumbnail","hentry","category-portada"],"post_mailing_queue_ids":[],"_links":{"self":[{"href":"https:\/\/agora.xtec.cat\/escolapauvila\/wp-json\/wp\/v2\/posts\/2745","targetHints":{"allow":["GET"]}}],"collection":[{"href":"https:\/\/agora.xtec.cat\/escolapauvila\/wp-json\/wp\/v2\/posts"}],"about":[{"href":"https:\/\/agora.xtec.cat\/escolapauvila\/wp-json\/wp\/v2\/types\/post"}],"author":[{"embeddable":true,"href":"https:\/\/agora.xtec.cat\/escolapauvila\/wp-json\/wp\/v2\/users\/1"}],"replies":[{"embeddable":true,"href":"https:\/\/agora.xtec.cat\/escolapauvila\/wp-json\/wp\/v2\/comments?post=2745"}],"version-history":[{"count":3,"href":"https:\/\/agora.xtec.cat\/escolapauvila\/wp-json\/wp\/v2\/posts\/2745\/revisions"}],"predecessor-version":[{"id":2758,"href":"https:\/\/agora.xtec.cat\/escolapauvila\/wp-json\/wp\/v2\/posts\/2745\/revisions\/2758"}],"wp:featuredmedia":[{"embeddable":true,"href":"https:\/\/agora.xtec.cat\/escolapauvila\/wp-json\/wp\/v2\/media\/2751"}],"wp:attachment":[{"href":"https:\/\/agora.xtec.cat\/escolapauvila\/wp-json\/wp\/v2\/media?parent=2745"}],"wp:term":[{"taxonomy":"category","embeddable":true,"href":"https:\/\/agora.xtec.cat\/escolapauvila\/wp-json\/wp\/v2\/categories?post=2745"},{"taxonomy":"post_tag","embeddable":true,"href":"https:\/\/agora.xtec.cat\/escolapauvila\/wp-json\/wp\/v2\/tags?post=2745"}],"curies":[{"name":"wp","href":"https:\/\/api.w.org\/{rel}","templated":true}]}}