{"id":2638,"date":"2020-12-07T22:17:14","date_gmt":"2020-12-07T21:17:14","guid":{"rendered":"https:\/\/agora.xtec.cat\/escolapauvila\/?p=2638"},"modified":"2020-12-20T11:50:02","modified_gmt":"2020-12-20T10:50:02","slug":"racons","status":"publish","type":"post","link":"https:\/\/agora.xtec.cat\/escolapauvila\/general\/racons\/","title":{"rendered":"RACONS A 6\u00e8C"},"content":{"rendered":"<p>Fa unes setmanes que els i les alumnes de 6\u00e8 vam comen\u00e7ar els racons.<\/p>\n<p>Els racons s\u00f3n com una esp\u00e8cie de jocs que fem per millorar la expressi\u00f3 oral, l\u2019escrita, la lectora i les matem\u00e0tiques. Els racons els fem cada any i durant \u00a0aquest trimestre fem els seg\u00fcents: diariblog, draw your life, la m\u00e0quina del temps, la fam\u00edlia, les fraccions i mesures i\u00a0 el &#8220;speed cups.&#8221;<\/p>\n<p>A continuaci\u00f3 farem una breu descripci\u00f3 per explicar en qu\u00e8 consisteixen els nostres racons:<\/p>\n<p>Draw your life: aquet rac\u00f3 consisteix en gravar i\u00a0 dibuixar la vida que t&#8217;imagines de gran en una pissarra blanca. Despr\u00e9s, amb l\u2019Ipad, ens gravem la veu i despr\u00e9s fem un muntatge amb la app Imove on vinculem la nostra veu amb la imatge.<\/p>\n<p>Diariblog: escriure un article a la web de l&#8217;escola a partir d\u2019un treball fet classe o sobre algun esdeveniment que hagi passat durant la setmana.<\/p>\n<p>La m\u00e0quina del temps: es tracta d&#8217;obrir diferents caixes les quals tenen uns cadenats calculant diferents problemes que surten a les fitxes.<\/p>\n<p>Speed cups: l&#8217;speed cups es tracta d\u2019ordenar els elements d\u2019una frase \u00a0els quals estan desordenats. Cada element t\u00e9 un color igual que els cubs. El\/la primer\/a que ordeni correctament la oraci\u00f3 guanya.<\/p>\n<p>Fraccions i mesures: practicar els canvis de les unitats de mesura a realitzant diferents c\u00e0lculs utilitzant diferents utensilis.<\/p>\n<p>La fam\u00edlia: l\u2019objectiu \u00e9s crear una imatge amb uns ninos i mobles de fusta i fer una escena. Despr\u00e9s amb l&#8217;Ipad has de gravar-te explicant la teva escena. A continuaci\u00f3, el\/la company\/a ha d\u2019escolar la teva explicaci\u00f3 i recrear l\u2019escena que havies muntat.<\/p>\n<p>I fins aqu\u00ed els nostres racons.<\/p>\n<p><a href=\"https:\/\/agora.xtec.cat\/escolapauvila\/wp-content\/uploads\/usu1565\/2020\/12\/1.jpg\"><img loading=\"lazy\" decoding=\"async\" class=\"alignnone size-medium wp-image-2696\" src=\"https:\/\/agora.xtec.cat\/escolapauvila\/wp-content\/uploads\/usu1565\/2020\/12\/1-300x240.jpg\" alt=\"\" width=\"300\" height=\"240\" srcset=\"https:\/\/agora.xtec.cat\/escolapauvila\/wp-content\/uploads\/usu1565\/2020\/12\/1-300x240.jpg 300w, https:\/\/agora.xtec.cat\/escolapauvila\/wp-content\/uploads\/usu1565\/2020\/12\/1-768x614.jpg 768w, https:\/\/agora.xtec.cat\/escolapauvila\/wp-content\/uploads\/usu1565\/2020\/12\/1-1024x819.jpg 1024w, https:\/\/agora.xtec.cat\/escolapauvila\/wp-content\/uploads\/usu1565\/2020\/12\/1.jpg 2000w\" sizes=\"auto, (max-width: 300px) 100vw, 300px\" \/><\/a> <a href=\"https:\/\/agora.xtec.cat\/escolapauvila\/wp-content\/uploads\/usu1565\/2020\/12\/2.jpg\"><img loading=\"lazy\" decoding=\"async\" class=\"alignnone size-medium wp-image-2697\" src=\"https:\/\/agora.xtec.cat\/escolapauvila\/wp-content\/uploads\/usu1565\/2020\/12\/2-300x240.jpg\" alt=\"\" width=\"300\" height=\"240\" srcset=\"https:\/\/agora.xtec.cat\/escolapauvila\/wp-content\/uploads\/usu1565\/2020\/12\/2-300x240.jpg 300w, https:\/\/agora.xtec.cat\/escolapauvila\/wp-content\/uploads\/usu1565\/2020\/12\/2-768x614.jpg 768w, https:\/\/agora.xtec.cat\/escolapauvila\/wp-content\/uploads\/usu1565\/2020\/12\/2-1024x819.jpg 1024w, https:\/\/agora.xtec.cat\/escolapauvila\/wp-content\/uploads\/usu1565\/2020\/12\/2.jpg 2000w\" sizes=\"auto, (max-width: 300px) 100vw, 300px\" \/><\/a><\/p>\n","protected":false},"excerpt":{"rendered":"<p>Fa unes setmanes que els i les alumnes de 6\u00e8 vam comen\u00e7ar els racons.<br \/>\nEls racons s\u00f3n com una esp\u00e8cie de jocs que fem per millorar la expressi\u00f3 oral, l\u2019escrita, la lectora i les matem\u00e0tiques. Els racons els fem cada any i durant \u00a0aquest trimestre fem&hellip;  <a href=\"https:\/\/agora.xtec.cat\/escolapauvila\/general\/racons\/\" title=\"Read RACONS A 6\u00e8C\">Llegeix m\u00e9s\u00bb<\/a><\/p>\n","protected":false},"author":1,"featured_media":2696,"comment_status":"open","ping_status":"closed","sticky":false,"template":"","format":"standard","meta":{"_bbp_topic_count":0,"_bbp_reply_count":0,"_bbp_total_topic_count":0,"_bbp_total_reply_count":0,"_bbp_voice_count":0,"_bbp_anonymous_reply_count":0,"_bbp_topic_count_hidden":0,"_bbp_reply_count_hidden":0,"_bbp_forum_subforum_count":0,"footnotes":""},"categories":[15,61,1],"tags":[115,93],"class_list":["post-2638","post","type-post","status-publish","format-standard","has-post-thumbnail","hentry","category-6e","category-grans","category-general","tag-6c20-21","tag-nascuts2009"],"post_mailing_queue_ids":[],"_links":{"self":[{"href":"https:\/\/agora.xtec.cat\/escolapauvila\/wp-json\/wp\/v2\/posts\/2638","targetHints":{"allow":["GET"]}}],"collection":[{"href":"https:\/\/agora.xtec.cat\/escolapauvila\/wp-json\/wp\/v2\/posts"}],"about":[{"href":"https:\/\/agora.xtec.cat\/escolapauvila\/wp-json\/wp\/v2\/types\/post"}],"author":[{"embeddable":true,"href":"https:\/\/agora.xtec.cat\/escolapauvila\/wp-json\/wp\/v2\/users\/1"}],"replies":[{"embeddable":true,"href":"https:\/\/agora.xtec.cat\/escolapauvila\/wp-json\/wp\/v2\/comments?post=2638"}],"version-history":[{"count":2,"href":"https:\/\/agora.xtec.cat\/escolapauvila\/wp-json\/wp\/v2\/posts\/2638\/revisions"}],"predecessor-version":[{"id":2699,"href":"https:\/\/agora.xtec.cat\/escolapauvila\/wp-json\/wp\/v2\/posts\/2638\/revisions\/2699"}],"wp:featuredmedia":[{"embeddable":true,"href":"https:\/\/agora.xtec.cat\/escolapauvila\/wp-json\/wp\/v2\/media\/2696"}],"wp:attachment":[{"href":"https:\/\/agora.xtec.cat\/escolapauvila\/wp-json\/wp\/v2\/media?parent=2638"}],"wp:term":[{"taxonomy":"category","embeddable":true,"href":"https:\/\/agora.xtec.cat\/escolapauvila\/wp-json\/wp\/v2\/categories?post=2638"},{"taxonomy":"post_tag","embeddable":true,"href":"https:\/\/agora.xtec.cat\/escolapauvila\/wp-json\/wp\/v2\/tags?post=2638"}],"curies":[{"name":"wp","href":"https:\/\/api.w.org\/{rel}","templated":true}]}}