{"id":2611,"date":"2020-12-12T22:05:14","date_gmt":"2020-12-12T21:05:14","guid":{"rendered":"https:\/\/agora.xtec.cat\/escolapauvila\/?p=2611"},"modified":"2020-12-12T22:24:36","modified_gmt":"2020-12-12T21:24:36","slug":"aprenem-amb-els-racons-daprenentatge","status":"publish","type":"post","link":"https:\/\/agora.xtec.cat\/escolapauvila\/mitjans\/aprenem-amb-els-racons-daprenentatge\/","title":{"rendered":"Aprenem amb els Racons d&#8217;Aprenentatge"},"content":{"rendered":"<p>Hola lectors i lectores!<\/p>\n<p>Aquesta setmana hem acabat la primera ronda de <strong>Racons d&#8217;Aprenentatge<\/strong>. En aquestes propostes de racons hem tractat continguts claus importants per a desenvolupar el nostre aprenentatge en diferents \u00e0mbits i dimensions, comptant sempre amb el suport de material manipulatiu.<\/p>\n<p>Els racons que hem realitzat han estat:<\/p>\n<ul>\n<li><strong>Numeraci\u00f3:<\/strong> En aquest rac\u00f3 hem treballat la numeraci\u00f3, l&#8217;<a href=\"https:\/\/agora.xtec.cat\/escolapauvila\/wp-content\/uploads\/usu1565\/2020\/12\/Racons.jpg\"><img loading=\"lazy\" decoding=\"async\" class=\"wp-image-2612 size-medium alignright\" src=\"https:\/\/agora.xtec.cat\/escolapauvila\/wp-content\/uploads\/usu1565\/2020\/12\/Racons-e1606984594525-300x225.jpg\" alt=\"\" width=\"300\" height=\"225\" srcset=\"https:\/\/agora.xtec.cat\/escolapauvila\/wp-content\/uploads\/usu1565\/2020\/12\/Racons-e1606984594525-300x225.jpg 300w, https:\/\/agora.xtec.cat\/escolapauvila\/wp-content\/uploads\/usu1565\/2020\/12\/Racons-e1606984594525-768x576.jpg 768w, https:\/\/agora.xtec.cat\/escolapauvila\/wp-content\/uploads\/usu1565\/2020\/12\/Racons-e1606984594525-1024x768.jpg 1024w, https:\/\/agora.xtec.cat\/escolapauvila\/wp-content\/uploads\/usu1565\/2020\/12\/Racons-e1606984594525-200x150.jpg 200w, https:\/\/agora.xtec.cat\/escolapauvila\/wp-content\/uploads\/usu1565\/2020\/12\/Racons-e1606984594525.jpg 1578w\" sizes=\"auto, (max-width: 300px) 100vw, 300px\" \/><\/a>ordre dels n\u00fameros, la identificaci\u00f3, l&#8217;escriptura i la representaci\u00f3 en base 10. Ens hem hagut d&#8217;organitzar molt b\u00e9 per poder dur a terme aquest rac\u00f3, ja que ten\u00edem moltes targetes diferents!<\/li>\n<\/ul>\n<p><a href=\"https:\/\/agora.xtec.cat\/escolapauvila\/wp-content\/uploads\/usu1565\/2020\/12\/NUMERACI\u00d3.jpg\"><img loading=\"lazy\" decoding=\"async\" class=\" wp-image-2853\" src=\"https:\/\/agora.xtec.cat\/escolapauvila\/wp-content\/uploads\/usu1565\/2020\/12\/NUMERACI\u00d3-1024x768.jpg\" alt=\"\" width=\"313\" height=\"235\" srcset=\"https:\/\/agora.xtec.cat\/escolapauvila\/wp-content\/uploads\/usu1565\/2020\/12\/NUMERACI\u00d3-1024x768.jpg 1024w, https:\/\/agora.xtec.cat\/escolapauvila\/wp-content\/uploads\/usu1565\/2020\/12\/NUMERACI\u00d3-300x225.jpg 300w, https:\/\/agora.xtec.cat\/escolapauvila\/wp-content\/uploads\/usu1565\/2020\/12\/NUMERACI\u00d3-768x576.jpg 768w, https:\/\/agora.xtec.cat\/escolapauvila\/wp-content\/uploads\/usu1565\/2020\/12\/NUMERACI\u00d3-200x150.jpg 200w\" sizes=\"auto, (max-width: 313px) 100vw, 313px\" \/><\/a><\/p>\n<p>&nbsp;<\/p>\n<ul>\n<li><strong>Resoluci\u00f3 de problemes:\u00a0<\/strong>Hem treballat els problemes de forma contextualitzada, ja que \u00e9rem els i les protagonistes d&#8217;aquests.<a href=\"https:\/\/agora.xtec.cat\/escolapauvila\/wp-content\/uploads\/usu1565\/2020\/12\/0FF10DC0-CA98-450D-9D8A-8390D02227AD.jpeg\"><img loading=\"lazy\" decoding=\"async\" class=\"wp-image-2902 aligncenter\" src=\"https:\/\/agora.xtec.cat\/escolapauvila\/wp-content\/uploads\/usu1565\/2020\/12\/0FF10DC0-CA98-450D-9D8A-8390D02227AD-1024x768.jpeg\" alt=\"\" width=\"271\" height=\"203\" srcset=\"https:\/\/agora.xtec.cat\/escolapauvila\/wp-content\/uploads\/usu1565\/2020\/12\/0FF10DC0-CA98-450D-9D8A-8390D02227AD-1024x768.jpeg 1024w, https:\/\/agora.xtec.cat\/escolapauvila\/wp-content\/uploads\/usu1565\/2020\/12\/0FF10DC0-CA98-450D-9D8A-8390D02227AD-300x225.jpeg 300w, https:\/\/agora.xtec.cat\/escolapauvila\/wp-content\/uploads\/usu1565\/2020\/12\/0FF10DC0-CA98-450D-9D8A-8390D02227AD-768x576.jpeg 768w, https:\/\/agora.xtec.cat\/escolapauvila\/wp-content\/uploads\/usu1565\/2020\/12\/0FF10DC0-CA98-450D-9D8A-8390D02227AD-200x150.jpeg 200w\" sizes=\"auto, (max-width: 271px) 100vw, 271px\" \/><\/a><\/li>\n<\/ul>\n<p><a href=\"https:\/\/agora.xtec.cat\/escolapauvila\/wp-content\/uploads\/usu1565\/2020\/12\/IMG_1356.jpg\"><img loading=\"lazy\" decoding=\"async\" class=\"aligncenter wp-image-2616 size-medium\" src=\"https:\/\/agora.xtec.cat\/escolapauvila\/wp-content\/uploads\/usu1565\/2020\/12\/IMG_1356-225x300.jpg\" alt=\"\" width=\"225\" height=\"300\" srcset=\"https:\/\/agora.xtec.cat\/escolapauvila\/wp-content\/uploads\/usu1565\/2020\/12\/IMG_1356-225x300.jpg 225w, https:\/\/agora.xtec.cat\/escolapauvila\/wp-content\/uploads\/usu1565\/2020\/12\/IMG_1356-768x1024.jpg 768w, https:\/\/agora.xtec.cat\/escolapauvila\/wp-content\/uploads\/usu1565\/2020\/12\/IMG_1356.jpg 1098w\" sizes=\"auto, (max-width: 225px) 100vw, 225px\" \/><\/a><\/p>\n<ul>\n<li><strong>Treballem amb Word:\u00a0<\/strong>Hem realitzat un rac\u00f3 TAC, on hem apr\u00e8s a utilitzar les funcions b\u00e0siq<a href=\"https:\/\/agora.xtec.cat\/escolapauvila\/wp-content\/uploads\/usu1565\/2020\/12\/IMG_1335.jpg\"><img loading=\"lazy\" decoding=\"async\" class=\"wp-image-2614 alignright\" src=\"https:\/\/agora.xtec.cat\/escolapauvila\/wp-content\/uploads\/usu1565\/2020\/12\/IMG_1335-225x300.jpg\" alt=\"\" width=\"214\" height=\"285\" srcset=\"https:\/\/agora.xtec.cat\/escolapauvila\/wp-content\/uploads\/usu1565\/2020\/12\/IMG_1335-225x300.jpg 225w, https:\/\/agora.xtec.cat\/escolapauvila\/wp-content\/uploads\/usu1565\/2020\/12\/IMG_1335-768x1024.jpg 768w, https:\/\/agora.xtec.cat\/escolapauvila\/wp-content\/uploads\/usu1565\/2020\/12\/IMG_1335.jpg 1098w\" sizes=\"auto, (max-width: 214px) 100vw, 214px\" \/><\/a>ues del Microsoft Word. En aquest rac\u00f3 hem hagut d&#8217;escriure els membres de la fam\u00edlia i hem apr\u00e8s a subratllar i centrar un text, posar dos punts i guions per fer una llista.<\/li>\n<\/ul>\n<p>&nbsp;<\/p>\n<p><a href=\"https:\/\/agora.xtec.cat\/escolapauvila\/wp-content\/uploads\/usu1565\/2020\/12\/TAC.jpg\"><img loading=\"lazy\" decoding=\"async\" class=\" wp-image-2852\" src=\"https:\/\/agora.xtec.cat\/escolapauvila\/wp-content\/uploads\/usu1565\/2020\/12\/TAC-768x1024.jpg\" alt=\"\" width=\"212\" height=\"283\" srcset=\"https:\/\/agora.xtec.cat\/escolapauvila\/wp-content\/uploads\/usu1565\/2020\/12\/TAC-768x1024.jpg 768w, https:\/\/agora.xtec.cat\/escolapauvila\/wp-content\/uploads\/usu1565\/2020\/12\/TAC-225x300.jpg 225w\" sizes=\"auto, (max-width: 212px) 100vw, 212px\" \/><\/a><\/p>\n<ul>\n<li><strong>Constru\u00efm:<\/strong> hem aprofitat el rac\u00f3 simb\u00f2lic per treballar aspectes matem\u00e0tics essencials: el comptatge, la representaci\u00f3 espacial, la construcci\u00f3 i la creativitat. Tamb\u00e9 hem aprofitat per treballar aspectes digitals mitjan\u00e7ant la producci\u00f3 d&#8217;una fotografia amb autonomia amb l&#8217;ipad.<\/li>\n<\/ul>\n<p><a href=\"https:\/\/agora.xtec.cat\/escolapauvila\/wp-content\/uploads\/usu1565\/2020\/12\/IMG_1337.jpg\"><img loading=\"lazy\" decoding=\"async\" class=\"aligncenter wp-image-2615 size-medium\" src=\"https:\/\/agora.xtec.cat\/escolapauvila\/wp-content\/uploads\/usu1565\/2020\/12\/IMG_1337-300x225.jpg\" alt=\"\" width=\"300\" height=\"225\" srcset=\"https:\/\/agora.xtec.cat\/escolapauvila\/wp-content\/uploads\/usu1565\/2020\/12\/IMG_1337-300x225.jpg 300w, https:\/\/agora.xtec.cat\/escolapauvila\/wp-content\/uploads\/usu1565\/2020\/12\/IMG_1337-768x576.jpg 768w, https:\/\/agora.xtec.cat\/escolapauvila\/wp-content\/uploads\/usu1565\/2020\/12\/IMG_1337-1024x768.jpg 1024w, https:\/\/agora.xtec.cat\/escolapauvila\/wp-content\/uploads\/usu1565\/2020\/12\/IMG_1337-200x150.jpg 200w, https:\/\/agora.xtec.cat\/escolapauvila\/wp-content\/uploads\/usu1565\/2020\/12\/IMG_1337.jpg 1952w\" sizes=\"auto, (max-width: 300px) 100vw, 300px\" \/><\/a><a href=\"https:\/\/agora.xtec.cat\/escolapauvila\/wp-content\/uploads\/usu1565\/2020\/12\/1D6B42F0-D3E2-48F4-B4E4-65E71EECE25E.jpeg\"><img loading=\"lazy\" decoding=\"async\" class=\"wp-image-2903 aligncenter\" src=\"https:\/\/agora.xtec.cat\/escolapauvila\/wp-content\/uploads\/usu1565\/2020\/12\/1D6B42F0-D3E2-48F4-B4E4-65E71EECE25E-e1607805785116-1024x856.jpeg\" alt=\"\" width=\"301\" height=\"252\" srcset=\"https:\/\/agora.xtec.cat\/escolapauvila\/wp-content\/uploads\/usu1565\/2020\/12\/1D6B42F0-D3E2-48F4-B4E4-65E71EECE25E-e1607805785116-1024x856.jpeg 1024w, https:\/\/agora.xtec.cat\/escolapauvila\/wp-content\/uploads\/usu1565\/2020\/12\/1D6B42F0-D3E2-48F4-B4E4-65E71EECE25E-e1607805785116-300x250.jpeg 300w, https:\/\/agora.xtec.cat\/escolapauvila\/wp-content\/uploads\/usu1565\/2020\/12\/1D6B42F0-D3E2-48F4-B4E4-65E71EECE25E-e1607805785116-768x642.jpeg 768w\" sizes=\"auto, (max-width: 301px) 100vw, 301px\" \/><\/a><\/p>\n<ul>\n<li><strong>Art\u00edstic:\u00a0<\/strong>La visualitzaci\u00f3, consci\u00e8ncia i representaci\u00f3 del cos hum\u00e0 han sigut els objectius principals d&#8217;aprenentatge d&#8217;aquest rac\u00f3. A m\u00e9s a m\u00e9s hem aprofitat per treballar aspectes art\u00edstics tot produint un dibuix i pintant-lo amb aquarel\u00b7les, una t\u00e8cnica que portem treballant tot el primer trimestre.<\/li>\n<\/ul>\n<p><a href=\"https:\/\/agora.xtec.cat\/escolapauvila\/wp-content\/uploads\/usu1565\/2020\/12\/342D5845-5710-40E9-90A1-10C7AB4F2463-1.jpeg\">\u00a0 \u00a0 \u00a0 \u00a0 \u00a0 \u00a0 \u00a0 \u00a0 \u00a0 \u00a0 \u00a0 \u00a0 \u00a0 \u00a0 \u00a0 \u00a0 \u00a0\u00a0<img loading=\"lazy\" decoding=\"async\" class=\"wp-image-2901 alignnone\" src=\"https:\/\/agora.xtec.cat\/escolapauvila\/wp-content\/uploads\/usu1565\/2020\/12\/342D5845-5710-40E9-90A1-10C7AB4F2463-1-1024x768.jpeg\" alt=\"\" width=\"295\" height=\"221\" srcset=\"https:\/\/agora.xtec.cat\/escolapauvila\/wp-content\/uploads\/usu1565\/2020\/12\/342D5845-5710-40E9-90A1-10C7AB4F2463-1-1024x768.jpeg 1024w, https:\/\/agora.xtec.cat\/escolapauvila\/wp-content\/uploads\/usu1565\/2020\/12\/342D5845-5710-40E9-90A1-10C7AB4F2463-1-300x225.jpeg 300w, https:\/\/agora.xtec.cat\/escolapauvila\/wp-content\/uploads\/usu1565\/2020\/12\/342D5845-5710-40E9-90A1-10C7AB4F2463-1-768x576.jpeg 768w, https:\/\/agora.xtec.cat\/escolapauvila\/wp-content\/uploads\/usu1565\/2020\/12\/342D5845-5710-40E9-90A1-10C7AB4F2463-1-200x150.jpeg 200w\" sizes=\"auto, (max-width: 295px) 100vw, 295px\" \/> \u00a0 \u00a0 \u00a0<\/a><a href=\"https:\/\/agora.xtec.cat\/escolapauvila\/wp-content\/uploads\/usu1565\/2020\/12\/IMG_1291.jpg\"><img loading=\"lazy\" decoding=\"async\" class=\"wp-image-2613 size-medium alignnone\" src=\"https:\/\/agora.xtec.cat\/escolapauvila\/wp-content\/uploads\/usu1565\/2020\/12\/IMG_1291-300x225.jpg\" alt=\"\" width=\"300\" height=\"225\" srcset=\"https:\/\/agora.xtec.cat\/escolapauvila\/wp-content\/uploads\/usu1565\/2020\/12\/IMG_1291-300x225.jpg 300w, https:\/\/agora.xtec.cat\/escolapauvila\/wp-content\/uploads\/usu1565\/2020\/12\/IMG_1291-768x576.jpg 768w, https:\/\/agora.xtec.cat\/escolapauvila\/wp-content\/uploads\/usu1565\/2020\/12\/IMG_1291-1024x768.jpg 1024w, https:\/\/agora.xtec.cat\/escolapauvila\/wp-content\/uploads\/usu1565\/2020\/12\/IMG_1291-200x150.jpg 200w, https:\/\/agora.xtec.cat\/escolapauvila\/wp-content\/uploads\/usu1565\/2020\/12\/IMG_1291.jpg 1952w\" sizes=\"auto, (max-width: 300px) 100vw, 300px\" \/><\/a><\/p>\n<p>Cada rac\u00f3 tenia les seves <strong>instruccions <\/strong><span style=\"font-family: inherit; font-size: 1em;\">per tal de potenciar l&#8217;autonomia i la comprensi\u00f3 lectora dels infants, que s\u00f3n aspectes b\u00e0sics d&#8217;aquest curs.<\/span><\/p>\n<p>D&#8217;altra banda, al finalitzar cada rac\u00f3, els i les alumnes han hagut <strong>d&#8217;autoavaluar-se<\/strong> tot fent una reflexi\u00f3 sobre el seu grau d&#8217;autonomia i aprenentatge en relaci\u00f3 a l&#8217;activitat proposada.<\/p>\n<p>Us deixem un recull d&#8217;imatges de la classe de la Hist\u00f2ria en aquest <a href=\"https:\/\/photos.app.goo.gl\/AdVXYtidV9fiQAUo8\">link.<\/a><\/p>\n<p>Us deixem un recull d&#8217;imatges de la classe de l&#8217;Univers en aquest <a href=\"https:\/\/photos.app.goo.gl\/BBDEHUR76xfwqyM29\">link.<\/a><\/p>\n<p>Us deiem un recull d&#8217;imatges de la classe dels Oficis en aquest <a href=\"https:\/\/photos.app.goo.gl\/XnEjRQMPV1YzeXZv8\">link.<\/a><\/p>\n<p>Quin rac\u00f3 us ha agradat m\u00e9s?<\/p>\n<p>Fins aviat lectors i lectores.<\/p>\n","protected":false},"excerpt":{"rendered":"<p>Hola lectors i lectores!<br \/>\nAquesta setmana hem acabat la primera ronda de Racons d&#8217;Aprenentatge. En aquestes propostes de racons hem tractat continguts claus importants per a desenvolupar el nostre aprenentatge en diferents \u00e0mbits i dimensions, comptant sempre amb el suport de material manipulatiu.<br \/>\nEls racons que hem&hellip;  <a href=\"https:\/\/agora.xtec.cat\/escolapauvila\/mitjans\/aprenem-amb-els-racons-daprenentatge\/\" title=\"Read Aprenem amb els Racons d&#8217;Aprenentatge\">Llegeix m\u00e9s\u00bb<\/a><\/p>\n","protected":false},"author":1,"featured_media":2906,"comment_status":"open","ping_status":"closed","sticky":false,"template":"","format":"standard","meta":{"_bbp_topic_count":0,"_bbp_reply_count":0,"_bbp_total_topic_count":0,"_bbp_total_reply_count":0,"_bbp_voice_count":0,"_bbp_anonymous_reply_count":0,"_bbp_topic_count_hidden":0,"_bbp_reply_count_hidden":0,"_bbp_forum_subforum_count":0,"footnotes":""},"categories":[11,5],"tags":[86,80,82,81],"class_list":["post-2611","post","type-post","status-publish","format-standard","has-post-thumbnail","hentry","category-2n","category-mitjans","tag-2a20-21","tag-2b20-21","tag-2c20-21","tag-nascuts2013"],"post_mailing_queue_ids":[],"_links":{"self":[{"href":"https:\/\/agora.xtec.cat\/escolapauvila\/wp-json\/wp\/v2\/posts\/2611","targetHints":{"allow":["GET"]}}],"collection":[{"href":"https:\/\/agora.xtec.cat\/escolapauvila\/wp-json\/wp\/v2\/posts"}],"about":[{"href":"https:\/\/agora.xtec.cat\/escolapauvila\/wp-json\/wp\/v2\/types\/post"}],"author":[{"embeddable":true,"href":"https:\/\/agora.xtec.cat\/escolapauvila\/wp-json\/wp\/v2\/users\/1"}],"replies":[{"embeddable":true,"href":"https:\/\/agora.xtec.cat\/escolapauvila\/wp-json\/wp\/v2\/comments?post=2611"}],"version-history":[{"count":4,"href":"https:\/\/agora.xtec.cat\/escolapauvila\/wp-json\/wp\/v2\/posts\/2611\/revisions"}],"predecessor-version":[{"id":2899,"href":"https:\/\/agora.xtec.cat\/escolapauvila\/wp-json\/wp\/v2\/posts\/2611\/revisions\/2899"}],"wp:featuredmedia":[{"embeddable":true,"href":"https:\/\/agora.xtec.cat\/escolapauvila\/wp-json\/wp\/v2\/media\/2906"}],"wp:attachment":[{"href":"https:\/\/agora.xtec.cat\/escolapauvila\/wp-json\/wp\/v2\/media?parent=2611"}],"wp:term":[{"taxonomy":"category","embeddable":true,"href":"https:\/\/agora.xtec.cat\/escolapauvila\/wp-json\/wp\/v2\/categories?post=2611"},{"taxonomy":"post_tag","embeddable":true,"href":"https:\/\/agora.xtec.cat\/escolapauvila\/wp-json\/wp\/v2\/tags?post=2611"}],"curies":[{"name":"wp","href":"https:\/\/api.w.org\/{rel}","templated":true}]}}