{"id":2570,"date":"2020-12-02T21:44:33","date_gmt":"2020-12-02T20:44:33","guid":{"rendered":"https:\/\/agora.xtec.cat\/escolapauvila\/?p=2570"},"modified":"2020-12-20T11:34:40","modified_gmt":"2020-12-20T10:34:40","slug":"moments-dassemblea","status":"publish","type":"post","link":"https:\/\/agora.xtec.cat\/escolapauvila\/petits\/moments-dassemblea\/","title":{"rendered":"MOMENTS D&#8217;ASSEMBLEA"},"content":{"rendered":"<p>UN DELS MOMENTS QUE GAUDIM A LA CLASSE DELS\u00a0 ROSSINYOLS \u00c9S EL MOMENT DE L\u2019ASSEMBLEA.<\/p>\n<p>APROFITEM ELS MOMENTS D\u2019ASSEMBLEA PER COMPARTIR AMB ELS COMPANYS I COMPANYES AQUELLES COSES IMPORTANTS QUE ENS PASSEN.<\/p>\n<p>FA UNS DIES L&#8217;AIMAR ENS VA EXPLICAR QUE TINDRIA UN GERM\u00c0 O UNA GERMANA.<\/p>\n<p><a href=\"https:\/\/agora.xtec.cat\/escolapauvila\/wp-content\/uploads\/usu1565\/2020\/12\/IMG_20201130_100113.jpg\"><img loading=\"lazy\" decoding=\"async\" class=\"alignnone size-large wp-image-2590\" src=\"https:\/\/agora.xtec.cat\/escolapauvila\/wp-content\/uploads\/usu1565\/2020\/12\/IMG_20201130_100113-1024x768.jpg\" alt=\"\" width=\"1024\" height=\"768\" srcset=\"https:\/\/agora.xtec.cat\/escolapauvila\/wp-content\/uploads\/usu1565\/2020\/12\/IMG_20201130_100113-1024x768.jpg 1024w, https:\/\/agora.xtec.cat\/escolapauvila\/wp-content\/uploads\/usu1565\/2020\/12\/IMG_20201130_100113-300x225.jpg 300w, https:\/\/agora.xtec.cat\/escolapauvila\/wp-content\/uploads\/usu1565\/2020\/12\/IMG_20201130_100113-768x576.jpg 768w, https:\/\/agora.xtec.cat\/escolapauvila\/wp-content\/uploads\/usu1565\/2020\/12\/IMG_20201130_100113-200x150.jpg 200w\" sizes=\"auto, (max-width: 1024px) 100vw, 1024px\" \/><\/a><\/p>\n<p>AQUESTA SETMANA LA TERESA TAMB\u00c9 HA COMPARTIT AMB NOSALTRES UNA GRAN NOT\u00cdCIA:\u00a0 TINDR\u00c0 UNA GERMANA I \u00c9S DIR\u00c0 MARIA.<\/p>\n<p><a href=\"https:\/\/agora.xtec.cat\/escolapauvila\/wp-content\/uploads\/usu1565\/2020\/12\/IMG_20201130_100036.jpg\"><img loading=\"lazy\" decoding=\"async\" class=\"alignnone size-large wp-image-2591\" src=\"https:\/\/agora.xtec.cat\/escolapauvila\/wp-content\/uploads\/usu1565\/2020\/12\/IMG_20201130_100036-768x1024.jpg\" alt=\"\" width=\"768\" height=\"1024\" srcset=\"https:\/\/agora.xtec.cat\/escolapauvila\/wp-content\/uploads\/usu1565\/2020\/12\/IMG_20201130_100036-768x1024.jpg 768w, https:\/\/agora.xtec.cat\/escolapauvila\/wp-content\/uploads\/usu1565\/2020\/12\/IMG_20201130_100036-225x300.jpg 225w\" sizes=\"auto, (max-width: 768px) 100vw, 768px\" \/><\/a><\/p>\n<p><a href=\"https:\/\/agora.xtec.cat\/escolapauvila\/wp-content\/uploads\/usu1565\/2020\/12\/IMG_20201130_100157.jpg\"><img loading=\"lazy\" decoding=\"async\" class=\"alignnone size-large wp-image-2603\" src=\"https:\/\/agora.xtec.cat\/escolapauvila\/wp-content\/uploads\/usu1565\/2020\/12\/IMG_20201130_100157-1024x768.jpg\" alt=\"\" width=\"1024\" height=\"768\" srcset=\"https:\/\/agora.xtec.cat\/escolapauvila\/wp-content\/uploads\/usu1565\/2020\/12\/IMG_20201130_100157-1024x768.jpg 1024w, https:\/\/agora.xtec.cat\/escolapauvila\/wp-content\/uploads\/usu1565\/2020\/12\/IMG_20201130_100157-300x225.jpg 300w, https:\/\/agora.xtec.cat\/escolapauvila\/wp-content\/uploads\/usu1565\/2020\/12\/IMG_20201130_100157-768x576.jpg 768w, https:\/\/agora.xtec.cat\/escolapauvila\/wp-content\/uploads\/usu1565\/2020\/12\/IMG_20201130_100157-200x150.jpg 200w\" sizes=\"auto, (max-width: 1024px) 100vw, 1024px\" \/><\/a><\/p>\n<p>MOLTISIMES FELICITATS!!!!<\/p>\n","protected":false},"excerpt":{"rendered":"<p>UN DELS MOMENTS QUE GAUDIM A LA CLASSE DELS\u00a0 ROSSINYOLS \u00c9S EL MOMENT DE L\u2019ASSEMBLEA.<br \/>\nAPROFITEM ELS MOMENTS D\u2019ASSEMBLEA PER COMPARTIR AMB ELS COMPANYS I COMPANYES AQUELLES COSES IMPORTANTS QUE ENS PASSEN.<br \/>\nFA UNS DIES L&#8217;AIMAR ENS VA EXPLICAR QUE TINDRIA UN GERM\u00c0 O UNA GERMANA.<br \/>\n<a href=\"https:\/\/agora.xtec.cat\/escolapauvila\/wp-content\/uploads\/usu1565\/2020\/12\/IMG_20201130_100113.jpg\"><\/a><br \/>\nAQUESTA&hellip;  <a href=\"https:\/\/agora.xtec.cat\/escolapauvila\/petits\/moments-dassemblea\/\" title=\"Read MOMENTS D&#8217;ASSEMBLEA\">Llegeix m\u00e9s\u00bb<\/a><\/p>\n","protected":false},"author":1,"featured_media":2602,"comment_status":"open","ping_status":"closed","sticky":false,"template":"","format":"standard","meta":{"_bbp_topic_count":0,"_bbp_reply_count":0,"_bbp_total_topic_count":0,"_bbp_total_reply_count":0,"_bbp_voice_count":0,"_bbp_anonymous_reply_count":0,"_bbp_topic_count_hidden":0,"_bbp_reply_count_hidden":0,"_bbp_forum_subforum_count":0,"footnotes":""},"categories":[2,3],"tags":[95,97],"class_list":["post-2570","post","type-post","status-publish","format-standard","has-post-thumbnail","hentry","category-petits","category-ei3","tag-ei3b20-21","tag-nascuts2017"],"post_mailing_queue_ids":[],"_links":{"self":[{"href":"https:\/\/agora.xtec.cat\/escolapauvila\/wp-json\/wp\/v2\/posts\/2570","targetHints":{"allow":["GET"]}}],"collection":[{"href":"https:\/\/agora.xtec.cat\/escolapauvila\/wp-json\/wp\/v2\/posts"}],"about":[{"href":"https:\/\/agora.xtec.cat\/escolapauvila\/wp-json\/wp\/v2\/types\/post"}],"author":[{"embeddable":true,"href":"https:\/\/agora.xtec.cat\/escolapauvila\/wp-json\/wp\/v2\/users\/1"}],"replies":[{"embeddable":true,"href":"https:\/\/agora.xtec.cat\/escolapauvila\/wp-json\/wp\/v2\/comments?post=2570"}],"version-history":[{"count":3,"href":"https:\/\/agora.xtec.cat\/escolapauvila\/wp-json\/wp\/v2\/posts\/2570\/revisions"}],"predecessor-version":[{"id":2610,"href":"https:\/\/agora.xtec.cat\/escolapauvila\/wp-json\/wp\/v2\/posts\/2570\/revisions\/2610"}],"wp:featuredmedia":[{"embeddable":true,"href":"https:\/\/agora.xtec.cat\/escolapauvila\/wp-json\/wp\/v2\/media\/2602"}],"wp:attachment":[{"href":"https:\/\/agora.xtec.cat\/escolapauvila\/wp-json\/wp\/v2\/media?parent=2570"}],"wp:term":[{"taxonomy":"category","embeddable":true,"href":"https:\/\/agora.xtec.cat\/escolapauvila\/wp-json\/wp\/v2\/categories?post=2570"},{"taxonomy":"post_tag","embeddable":true,"href":"https:\/\/agora.xtec.cat\/escolapauvila\/wp-json\/wp\/v2\/tags?post=2570"}],"curies":[{"name":"wp","href":"https:\/\/api.w.org\/{rel}","templated":true}]}}