{"id":2478,"date":"2020-11-27T17:24:13","date_gmt":"2020-11-27T16:24:13","guid":{"rendered":"https:\/\/agora.xtec.cat\/escolapauvila\/?p=2478"},"modified":"2020-12-20T11:46:20","modified_gmt":"2020-12-20T10:46:20","slug":"musica-per-a-les-orelles","status":"publish","type":"post","link":"https:\/\/agora.xtec.cat\/escolapauvila\/mitjans\/musica-per-a-les-orelles\/","title":{"rendered":"M\u00fasica per a les orelles!"},"content":{"rendered":"<p>Despr\u00e9s de posar en com\u00fa qu\u00e8 sab\u00edem sobre els instruments de corda vam estar investigant una mica m\u00e9s per internet: com s\u00f3n, com es classifiquen, com sonen, quins s\u00f3n,&#8230;<\/p>\n<p><a href=\"https:\/\/agora.xtec.cat\/escolapauvila\/wp-content\/uploads\/usu1565\/2020\/11\/IMG_20201118_155030.jpg\"><img loading=\"lazy\" decoding=\"async\" class=\"alignnone wp-image-2480\" src=\"https:\/\/agora.xtec.cat\/escolapauvila\/wp-content\/uploads\/usu1565\/2020\/11\/IMG_20201118_155030-1024x768.jpg\" alt=\"\" width=\"320\" height=\"240\" srcset=\"https:\/\/agora.xtec.cat\/escolapauvila\/wp-content\/uploads\/usu1565\/2020\/11\/IMG_20201118_155030-1024x768.jpg 1024w, https:\/\/agora.xtec.cat\/escolapauvila\/wp-content\/uploads\/usu1565\/2020\/11\/IMG_20201118_155030-300x225.jpg 300w, https:\/\/agora.xtec.cat\/escolapauvila\/wp-content\/uploads\/usu1565\/2020\/11\/IMG_20201118_155030-768x576.jpg 768w, https:\/\/agora.xtec.cat\/escolapauvila\/wp-content\/uploads\/usu1565\/2020\/11\/IMG_20201118_155030-200x150.jpg 200w\" sizes=\"auto, (max-width: 320px) 100vw, 320px\" \/><\/a> \u00a0\u00a0 \u00a0\u00a0 \u00a0\u00a0 \u00a0\u00a0 \u00a0\u00a0 \u00a0\u00a0 \u00a0\u00a0 \u00a0\u00a0<a href=\"https:\/\/agora.xtec.cat\/escolapauvila\/wp-content\/uploads\/usu1565\/2020\/11\/IMG_20201118_154526-e1606494058418.jpg\"><img loading=\"lazy\" decoding=\"async\" class=\"alignnone wp-image-2479\" src=\"https:\/\/agora.xtec.cat\/escolapauvila\/wp-content\/uploads\/usu1565\/2020\/11\/IMG_20201118_154526-e1606494058418-768x1024.jpg\" alt=\"\" width=\"268\" height=\"357\" srcset=\"https:\/\/agora.xtec.cat\/escolapauvila\/wp-content\/uploads\/usu1565\/2020\/11\/IMG_20201118_154526-e1606494058418-768x1024.jpg 768w, https:\/\/agora.xtec.cat\/escolapauvila\/wp-content\/uploads\/usu1565\/2020\/11\/IMG_20201118_154526-e1606494058418-225x300.jpg 225w\" sizes=\"auto, (max-width: 268px) 100vw, 268px\" \/><\/a><\/p>\n<p>Aquesta setmana la Mariona ha portat la guitarra i ha en tocat en directe. Hem compartit una molt bona estona!<\/p>\n<p><a href=\"https:\/\/agora.xtec.cat\/escolapauvila\/wp-content\/uploads\/usu1565\/2020\/11\/IMG_20201125_153425.jpg\"><img loading=\"lazy\" decoding=\"async\" class=\"alignnone wp-image-2481\" src=\"https:\/\/agora.xtec.cat\/escolapauvila\/wp-content\/uploads\/usu1565\/2020\/11\/IMG_20201125_153425-1024x768.jpg\" alt=\"\" width=\"738\" height=\"554\" srcset=\"https:\/\/agora.xtec.cat\/escolapauvila\/wp-content\/uploads\/usu1565\/2020\/11\/IMG_20201125_153425-1024x768.jpg 1024w, https:\/\/agora.xtec.cat\/escolapauvila\/wp-content\/uploads\/usu1565\/2020\/11\/IMG_20201125_153425-300x225.jpg 300w, https:\/\/agora.xtec.cat\/escolapauvila\/wp-content\/uploads\/usu1565\/2020\/11\/IMG_20201125_153425-768x576.jpg 768w, https:\/\/agora.xtec.cat\/escolapauvila\/wp-content\/uploads\/usu1565\/2020\/11\/IMG_20201125_153425-200x150.jpg 200w\" sizes=\"auto, (max-width: 738px) 100vw, 738px\" \/><\/a><\/p>\n","protected":false},"excerpt":{"rendered":"<p>Despr\u00e9s de posar en com\u00fa qu\u00e8 sab\u00edem sobre els instruments de corda vam estar investigant una mica m\u00e9s per internet: com s\u00f3n, com es classifiquen, com sonen, quins s\u00f3n,&#8230;<br \/>\n<a href=\"https:\/\/agora.xtec.cat\/escolapauvila\/wp-content\/uploads\/usu1565\/2020\/11\/IMG_20201118_155030.jpg\"><\/a> \u00a0\u00a0 \u00a0\u00a0 \u00a0\u00a0 \u00a0\u00a0 \u00a0\u00a0 \u00a0\u00a0 \u00a0\u00a0 \u00a0\u00a0<a href=\"https:\/\/agora.xtec.cat\/escolapauvila\/wp-content\/uploads\/usu1565\/2020\/11\/IMG_20201118_154526-e1606494058418.jpg\"><\/a><br \/>\nAquesta setmana la Mariona ha portat la&hellip;  <a href=\"https:\/\/agora.xtec.cat\/escolapauvila\/mitjans\/musica-per-a-les-orelles\/\" title=\"Read M\u00fasica per a les orelles!\">Llegeix m\u00e9s\u00bb<\/a><\/p>\n","protected":false},"author":1,"featured_media":2480,"comment_status":"open","ping_status":"closed","sticky":false,"template":"","format":"standard","meta":{"_bbp_topic_count":0,"_bbp_reply_count":0,"_bbp_total_topic_count":0,"_bbp_total_reply_count":0,"_bbp_voice_count":0,"_bbp_anonymous_reply_count":0,"_bbp_topic_count_hidden":0,"_bbp_reply_count_hidden":0,"_bbp_forum_subforum_count":0,"footnotes":""},"categories":[12,5],"tags":[123,124],"class_list":["post-2478","post","type-post","status-publish","format-standard","has-post-thumbnail","hentry","category-3r","category-mitjans","tag-3a20-21","tag-nascuts2012"],"post_mailing_queue_ids":[],"_links":{"self":[{"href":"https:\/\/agora.xtec.cat\/escolapauvila\/wp-json\/wp\/v2\/posts\/2478","targetHints":{"allow":["GET"]}}],"collection":[{"href":"https:\/\/agora.xtec.cat\/escolapauvila\/wp-json\/wp\/v2\/posts"}],"about":[{"href":"https:\/\/agora.xtec.cat\/escolapauvila\/wp-json\/wp\/v2\/types\/post"}],"author":[{"embeddable":true,"href":"https:\/\/agora.xtec.cat\/escolapauvila\/wp-json\/wp\/v2\/users\/1"}],"replies":[{"embeddable":true,"href":"https:\/\/agora.xtec.cat\/escolapauvila\/wp-json\/wp\/v2\/comments?post=2478"}],"version-history":[{"count":1,"href":"https:\/\/agora.xtec.cat\/escolapauvila\/wp-json\/wp\/v2\/posts\/2478\/revisions"}],"predecessor-version":[{"id":2482,"href":"https:\/\/agora.xtec.cat\/escolapauvila\/wp-json\/wp\/v2\/posts\/2478\/revisions\/2482"}],"wp:featuredmedia":[{"embeddable":true,"href":"https:\/\/agora.xtec.cat\/escolapauvila\/wp-json\/wp\/v2\/media\/2480"}],"wp:attachment":[{"href":"https:\/\/agora.xtec.cat\/escolapauvila\/wp-json\/wp\/v2\/media?parent=2478"}],"wp:term":[{"taxonomy":"category","embeddable":true,"href":"https:\/\/agora.xtec.cat\/escolapauvila\/wp-json\/wp\/v2\/categories?post=2478"},{"taxonomy":"post_tag","embeddable":true,"href":"https:\/\/agora.xtec.cat\/escolapauvila\/wp-json\/wp\/v2\/tags?post=2478"}],"curies":[{"name":"wp","href":"https:\/\/api.w.org\/{rel}","templated":true}]}}